{"id":1016,"date":"2016-05-04T17:10:50","date_gmt":"2016-05-04T20:10:50","guid":{"rendered":"http:\/\/www.nahuelcura.cl\/?p=1016"},"modified":"2016-05-04T17:10:50","modified_gmt":"2016-05-04T20:10:50","slug":"reforzamientos-academicos-a-estudiantes-de-7o-basico-a-ivo-medio","status":"publish","type":"post","link":"https:\/\/www.colegionahuelcura.cl\/?p=1016","title":{"rendered":"Reforzamientos Acad\u00e9micos a Estudiantes de 7\u00ba B\u00e1sico a IV\u00ba Medio"},"content":{"rendered":"<p style=\"text-align: justify;\">Estimados Padres y Apoderados:<\/p>\n<p style=\"text-align: justify;\">Comunicamos e Informamos que esta semana se enviar\u00e1 por segunda vez de manera escrita la autorizaci\u00f3n para que su hijo(a) sea autorizado por Usted para asistir a los talleres de reforzamiento de las asignaturas de <strong>Matem\u00e1ticas<\/strong>, <strong>Lenguaje<\/strong> y <strong>Ciencias<\/strong>.<br \/>\nEn caso de que Usted no est\u00e9 de acuerdo con la participaci\u00f3n de su hijo(a), debe indicarlo de manera clara en la colilla con su firma, la que debe ser devuelta al profesor tutor a m\u00e1s tardar el Lunes 9 de Mayo del Presente.<br \/>\nEl mecanismo de selecci\u00f3n de alumnos asistentes a reforzamientos, se basa en su rendimiento acad\u00e9mico en las asignaturas respectivas. Los reforzamientos tienen como objetivo trabajar contenidos y habilidades, en los cuales los alumnos se encuentren m\u00e1s descendidos.<br \/>\nDe esta manera, en la medida que el estudiante recupera contenidos y habilidades, se ver\u00e1 beneficiado en la posterior adquisici\u00f3n de contenidos m\u00e1s complejos de la asignatura.<br \/>\nEste programa de refuerzo, implica asistencia obligatoria, hasta ser dado de alta por el docente respectivo y\/o con una mejor\u00eda notoria de su rendimiento acad\u00e9mico.<br \/>\nSin otro particular, le saluda atenta y cordialmente,<\/p>\n<ul>\n<li style=\"text-align: justify;\"><em>Fernanda Barrios Moncada, Directora de Estudios de Ense\u00f1anza Media, Colegio Nahuelcura.<\/em><\/li>\n<li style=\"text-align: justify;\"><em>Pilar Alvarado C\u00e1rdenas, Psicopedagoga, Colegio Nahuelcura.<\/em><\/li>\n<\/ul>\n","protected":false},"excerpt":{"rendered":"<p>Estimados Padres y Apoderados: Comunicamos e Informamos que esta semana se enviar\u00e1 por segunda vez de manera escrita la autorizaci\u00f3n para que su hijo(a) sea autorizado por Usted para asistir a los talleres de reforzamiento [&hellip;]<\/p>\n","protected":false},"author":2,"featured_media":203,"comment_status":"closed","ping_status":"closed","sticky":false,"template":"","format":"standard","meta":{"ngg_post_thumbnail":0},"categories":[1],"tags":[],"jetpack_featured_media_url":"https:\/\/i0.wp.com\/www.colegionahuelcura.cl\/wp-content\/uploads\/2016\/01\/LogoGmail.png?fit=320%2C132&ssl=1","jetpack_sharing_enabled":true,"jetpack_shortlink":"https:\/\/wp.me\/p73X2C-go","_links":{"self":[{"href":"https:\/\/www.colegionahuelcura.cl\/index.php?rest_route=\/wp\/v2\/posts\/1016"}],"collection":[{"href":"https:\/\/www.colegionahuelcura.cl\/index.php?rest_route=\/wp\/v2\/posts"}],"about":[{"href":"https:\/\/www.colegionahuelcura.cl\/index.php?rest_route=\/wp\/v2\/types\/post"}],"author":[{"embeddable":true,"href":"https:\/\/www.colegionahuelcura.cl\/index.php?rest_route=\/wp\/v2\/users\/2"}],"replies":[{"embeddable":true,"href":"https:\/\/www.colegionahuelcura.cl\/index.php?rest_route=%2Fwp%2Fv2%2Fcomments&post=1016"}],"version-history":[{"count":3,"href":"https:\/\/www.colegionahuelcura.cl\/index.php?rest_route=\/wp\/v2\/posts\/1016\/revisions"}],"predecessor-version":[{"id":1019,"href":"https:\/\/www.colegionahuelcura.cl\/index.php?rest_route=\/wp\/v2\/posts\/1016\/revisions\/1019"}],"wp:featuredmedia":[{"embeddable":true,"href":"https:\/\/www.colegionahuelcura.cl\/index.php?rest_route=\/wp\/v2\/media\/203"}],"wp:attachment":[{"href":"https:\/\/www.colegionahuelcura.cl\/index.php?rest_route=%2Fwp%2Fv2%2Fmedia&parent=1016"}],"wp:term":[{"taxonomy":"category","embeddable":true,"href":"https:\/\/www.colegionahuelcura.cl\/index.php?rest_route=%2Fwp%2Fv2%2Fcategories&post=1016"},{"taxonomy":"post_tag","embeddable":true,"href":"https:\/\/www.colegionahuelcura.cl\/index.php?rest_route=%2Fwp%2Fv2%2Ftags&post=1016"}],"curies":[{"name":"wp","href":"https:\/\/api.w.org\/{rel}","templated":true}]}}