{"id":1234,"date":"2016-06-06T18:05:08","date_gmt":"2016-06-06T21:05:08","guid":{"rendered":"http:\/\/www.nahuelcura.cl\/?p=1234"},"modified":"2016-06-08T10:23:09","modified_gmt":"2016-06-08T13:23:09","slug":"colegio-nahuelcura-inicia-campana-por-la-vida-saludable","status":"publish","type":"post","link":"https:\/\/www.colegionahuelcura.cl\/?p=1234","title":{"rendered":"Colegio Nahuelcura inicia Campa\u00f1a por la Vida Saludable"},"content":{"rendered":"<p style=\"text-align: justify;\">Estimados Padres y Apoderados<br \/>\nComunidad Nahuelcura<br \/>\nPresente<\/p>\n<p style=\"text-align: justify;\">Durante este a\u00f1o 2016, hemos iniciado un proceso de sistematizaci\u00f3n de experiencias relacionadas con la <strong>Vida Saludable<\/strong>.<\/p>\n<p style=\"text-align: center;\"><strong>\u00bfPorque elegimos este concepto?<\/strong><\/p>\n<p style=\"text-align: justify;\">Considerando que seg\u00fan la <span style=\"text-decoration: underline;\">Organizaci\u00f3n Mundial de la Salud<\/span>, <span style=\"color: #000000;\">&#8220;Salud&#8221;<\/span> se define como <em>el estado completo de bienestar f\u00edsico y social que tiene una persona.<\/em><br \/>\nEs posible notar que esta definici\u00f3n es el resultado de una evoluci\u00f3n conceptual, ya que surgi\u00f3 en reemplazo de una noci\u00f3n que se tuvo durante mucho tiempo, que presum\u00eda que la salud era, simplemente, la ausencia de enfermedades biol\u00f3gicas.<br \/>\nA partir de la d\u00e9cada de los cincuenta, la OMS revis\u00f3 esa definici\u00f3n y finalmente la reemplaz\u00f3 por esta nueva, en la que la noci\u00f3n de bienestar humano trasciende lo meramente f\u00edsico. La Organizaci\u00f3n Panamericana de la Salud aport\u00f3 luego un dato m\u00e1s: la salud tambi\u00e9n tiene que ver con el medio ambiente que rodea a la persona.<br \/>\nAs\u00ed, entendidos en el tema han buscado complementar el concepto circunscribiendo la salud a tres \u00e1reas distintas: <strong>salud f\u00edsica<\/strong>,<strong> salud mental <\/strong>y<strong> salud social<\/strong>.<br \/>\nLa OMS, luego de caracterizar el concepto de salud, tambi\u00e9n estableci\u00f3 una serie de componentes que lo integran: el estado de adaptaci\u00f3n al medio (biol\u00f3gico y sociocultural), el estado fisiol\u00f3gico de equilibrio, el equilibrio entre la forma y la funci\u00f3n del organismo (alimentaci\u00f3n) y la perspectiva biol\u00f3gica y social (relaciones familiares, h\u00e1bitos). La relaci\u00f3n entre estos componentes determina el estado de salud y el incumplimiento de uno de ellos genera el estado de enfermedad, vinculado con una relaci\u00f3n tri\u00e1dica entre un hu\u00e9sped (sujeto), agente (s\u00edndrome) y ambiente (factores que intervienen).<br \/>\n<span style=\"text-decoration: underline;\">Fuente:<\/span> <em>http:\/\/concepto.de\/salud-segun-la-oms\/#ixzz4AXSpucv4<\/em><\/p>\n<p style=\"text-align: justify;\">El concepto de vida puede ser definido desde diversos enfoques, sin embargo, se puede aceptar como el estado de actividad de los seres org\u00e1nicos y la fuerza interna que permite obrar a aquel que la posee. Otra forma de interpretar la vida est\u00e1 vinculada a la capacidad de un ser f\u00edsico de administrar sus recursos internos para adaptarse a los cambios que se producen en su medio.<br \/>\n<span style=\"text-decoration: underline;\">Fuente:<\/span> <em>http:\/\/definicion.de\/vida\/#ixzz4AXUXoU9XE<\/em><\/p>\n<p style=\"text-align: justify;\">Finalmente, por <strong>Vida Saludable<\/strong> se entiende a aquella forma de vida en la cual la persona mantiene un arm\u00f3nico equilibrio en su dieta alimentaria, actividad f\u00edsica, intelectual, recreaci\u00f3n (sobre todo al aire libre) descanso, higiene y paz espiritual.<br \/>\nA nivel operacional, entendemos por Vida Saludable aquellos principios que apuntan a tener un ambiente motivante para aprender y realizar una alimentaci\u00f3n saludable; prevenir conductas de riesgo para los ni\u00f1os y adolescentes relacionadas con el evitar consumo de drogas, tabaco y alcohol; promover el autocuidado y la seguridad de ni\u00f1os y ni\u00f1as, as\u00ed como promover ambientes bien tratantes y de armon\u00eda en la convivencia escolar.<br \/>\nPor tanto, nuestras l\u00edneas de trabajo que llevamos en el Colegio de manera particular, a partir de ahora se buscar\u00e1 integrarlas para dar cuenta de mejor forma nuestro quehacer pedag\u00f3gico y formativo.<br \/>\nDe esta forma, nuestras propuestas poseen cada una sus propias etapas operativas para dar cumplimiento a los objetivos estrat\u00e9gicos de nuestro Plan Anual, pero que sin embargo apuntan un objetivo espec\u00edfico: que nuestros Ni\u00f1os y Ni\u00f1as aprendan a tener una <strong>Mejor Calidad de Vida<\/strong>.<br \/>\nEl abordaje que realizaremos como Colegio ser\u00e1 sistematizar nuestras experiencias, acciones, lineamientos y otros, relacionados con:<\/p>\n<ul style=\"text-align: justify;\">\n<li>Alimentaci\u00f3n Saludable<\/li>\n<li>Prevenci\u00f3n de Drogas y Sustancias de Riesgo<\/li>\n<li>Seguridad y Autocuidado<\/li>\n<li>Convivencia Escolar<\/li>\n<\/ul>\n<p style=\"text-align: justify;\">Todas estas tem\u00e1ticas han sido abordadas desde siempre, con distintos \u00e9nfasis, sin embargo, no hemos sido capaces de organizarlas y gestionarlas como un todo y una pol\u00edtica de Colegio, raz\u00f3n por la que a su vez comunicamos dis\u00edmilmente acciones que pueden considerarse potentes para nuestro desarrollo como Colegio, pero hu\u00e9rfanas entre ciclos.<br \/>\nPor lo mismo, desde este semestre organizaremos nuestras l\u00edneas de trabajo bajo un gran paraguas que ser\u00e1 el concepto de Vida Saludable.<br \/>\nCabe se\u00f1alar que independiente que estas tem\u00e1ticas se aborden conjuntamente, seguir\u00e1n siendo gestionadas por la Direcci\u00f3n con las responsabilidades que cada miembro de Direcci\u00f3n tiene dentro de su ejecuci\u00f3n.<\/p>\n<p style=\"text-align: justify;\"><img decoding=\"async\" loading=\"lazy\" class=\"aligncenter size-full wp-image-1238\" src=\"https:\/\/i0.wp.com\/www.nahuelcura.cl\/wp-content\/uploads\/2016\/06\/Campa\u00f1a2.png?resize=630%2C394\" alt=\"Campa\u00f1a2\" width=\"630\" height=\"394\" srcset=\"https:\/\/i0.wp.com\/www.colegionahuelcura.cl\/wp-content\/uploads\/2016\/06\/Campa\u00f1a2.png?w=1600&amp;ssl=1 1600w, https:\/\/i0.wp.com\/www.colegionahuelcura.cl\/wp-content\/uploads\/2016\/06\/Campa\u00f1a2.png?resize=300%2C188&amp;ssl=1 300w, https:\/\/i0.wp.com\/www.colegionahuelcura.cl\/wp-content\/uploads\/2016\/06\/Campa\u00f1a2.png?resize=1024%2C640&amp;ssl=1 1024w, https:\/\/i0.wp.com\/www.colegionahuelcura.cl\/wp-content\/uploads\/2016\/06\/Campa\u00f1a2.png?resize=160%2C100&amp;ssl=1 160w, https:\/\/i0.wp.com\/www.colegionahuelcura.cl\/wp-content\/uploads\/2016\/06\/Campa\u00f1a2.png?w=1260&amp;ssl=1 1260w\" sizes=\"(max-width: 630px) 100vw, 630px\" data-recalc-dims=\"1\" \/><\/p>\n","protected":false},"excerpt":{"rendered":"<p>Estimados Padres y Apoderados Comunidad Nahuelcura Presente Durante este a\u00f1o 2016, hemos iniciado un proceso de sistematizaci\u00f3n de experiencias relacionadas con la Vida Saludable. \u00bfPorque elegimos este concepto? Considerando que seg\u00fan la Organizaci\u00f3n Mundial de [&hellip;]<\/p>\n","protected":false},"author":2,"featured_media":1237,"comment_status":"closed","ping_status":"closed","sticky":false,"template":"","format":"standard","meta":{"ngg_post_thumbnail":0},"categories":[1],"tags":[],"jetpack_featured_media_url":"https:\/\/i0.wp.com\/www.colegionahuelcura.cl\/wp-content\/uploads\/2016\/06\/Campa\u00f1a1.png?fit=1600%2C1000&ssl=1","jetpack_sharing_enabled":true,"jetpack_shortlink":"https:\/\/wp.me\/p73X2C-jU","_links":{"self":[{"href":"https:\/\/www.colegionahuelcura.cl\/index.php?rest_route=\/wp\/v2\/posts\/1234"}],"collection":[{"href":"https:\/\/www.colegionahuelcura.cl\/index.php?rest_route=\/wp\/v2\/posts"}],"about":[{"href":"https:\/\/www.colegionahuelcura.cl\/index.php?rest_route=\/wp\/v2\/types\/post"}],"author":[{"embeddable":true,"href":"https:\/\/www.colegionahuelcura.cl\/index.php?rest_route=\/wp\/v2\/users\/2"}],"replies":[{"embeddable":true,"href":"https:\/\/www.colegionahuelcura.cl\/index.php?rest_route=%2Fwp%2Fv2%2Fcomments&post=1234"}],"version-history":[{"count":2,"href":"https:\/\/www.colegionahuelcura.cl\/index.php?rest_route=\/wp\/v2\/posts\/1234\/revisions"}],"predecessor-version":[{"id":1239,"href":"https:\/\/www.colegionahuelcura.cl\/index.php?rest_route=\/wp\/v2\/posts\/1234\/revisions\/1239"}],"wp:featuredmedia":[{"embeddable":true,"href":"https:\/\/www.colegionahuelcura.cl\/index.php?rest_route=\/wp\/v2\/media\/1237"}],"wp:attachment":[{"href":"https:\/\/www.colegionahuelcura.cl\/index.php?rest_route=%2Fwp%2Fv2%2Fmedia&parent=1234"}],"wp:term":[{"taxonomy":"category","embeddable":true,"href":"https:\/\/www.colegionahuelcura.cl\/index.php?rest_route=%2Fwp%2Fv2%2Fcategories&post=1234"},{"taxonomy":"post_tag","embeddable":true,"href":"https:\/\/www.colegionahuelcura.cl\/index.php?rest_route=%2Fwp%2Fv2%2Ftags&post=1234"}],"curies":[{"name":"wp","href":"https:\/\/api.w.org\/{rel}","templated":true}]}}