{"id":1251,"date":"2016-06-17T12:36:05","date_gmt":"2016-06-17T15:36:05","guid":{"rendered":"http:\/\/www.nahuelcura.cl\/?p=1251"},"modified":"2016-06-17T12:36:05","modified_gmt":"2016-06-17T15:36:05","slug":"termino-de-talleres-i-semestre","status":"publish","type":"post","link":"https:\/\/www.colegionahuelcura.cl\/?p=1251","title":{"rendered":"T\u00e9rmino de Talleres I Semestre"},"content":{"rendered":"<p style=\"text-align: justify;\">Estimados Padres y Apoderado:<\/p>\n<p style=\"text-align: justify;\">Junto con saludarles muy cordialmente, les informamos que hasta el viernes 24 de Junio se realizar\u00e1n los Talleres del I Semestre de nuestro Colegio.<br \/>\nLes recordamos que los Talleres de Educaci\u00f3n Parvularia son de car\u00e1cter semestral, Talleres de Educaci\u00f3n B\u00e1sica y Educaci\u00f3n Media son de car\u00e1cter anual, los que se retomar\u00e1n en el mismo horario desde el 01 de Agosto del presente a\u00f1o.<br \/>\nSe despide atentamente,<\/p>\n<p style=\"text-align: justify;\"><strong>Direcci\u00f3n del Colegio Nahuelcura de Machal\u00ed<\/strong><\/p>\n","protected":false},"excerpt":{"rendered":"<p>Estimados Padres y Apoderado: Junto con saludarles muy cordialmente, les informamos que hasta el viernes 24 de Junio se realizar\u00e1n los Talleres del I Semestre de nuestro Colegio. Les recordamos que los Talleres de Educaci\u00f3n [&hellip;]<\/p>\n","protected":false},"author":2,"featured_media":203,"comment_status":"closed","ping_status":"closed","sticky":false,"template":"","format":"standard","meta":{"ngg_post_thumbnail":0},"categories":[1],"tags":[],"jetpack_featured_media_url":"https:\/\/i0.wp.com\/www.colegionahuelcura.cl\/wp-content\/uploads\/2016\/01\/LogoGmail.png?fit=320%2C132&ssl=1","jetpack_sharing_enabled":true,"jetpack_shortlink":"https:\/\/wp.me\/p73X2C-kb","_links":{"self":[{"href":"https:\/\/www.colegionahuelcura.cl\/index.php?rest_route=\/wp\/v2\/posts\/1251"}],"collection":[{"href":"https:\/\/www.colegionahuelcura.cl\/index.php?rest_route=\/wp\/v2\/posts"}],"about":[{"href":"https:\/\/www.colegionahuelcura.cl\/index.php?rest_route=\/wp\/v2\/types\/post"}],"author":[{"embeddable":true,"href":"https:\/\/www.colegionahuelcura.cl\/index.php?rest_route=\/wp\/v2\/users\/2"}],"replies":[{"embeddable":true,"href":"https:\/\/www.colegionahuelcura.cl\/index.php?rest_route=%2Fwp%2Fv2%2Fcomments&post=1251"}],"version-history":[{"count":1,"href":"https:\/\/www.colegionahuelcura.cl\/index.php?rest_route=\/wp\/v2\/posts\/1251\/revisions"}],"predecessor-version":[{"id":1252,"href":"https:\/\/www.colegionahuelcura.cl\/index.php?rest_route=\/wp\/v2\/posts\/1251\/revisions\/1252"}],"wp:featuredmedia":[{"embeddable":true,"href":"https:\/\/www.colegionahuelcura.cl\/index.php?rest_route=\/wp\/v2\/media\/203"}],"wp:attachment":[{"href":"https:\/\/www.colegionahuelcura.cl\/index.php?rest_route=%2Fwp%2Fv2%2Fmedia&parent=1251"}],"wp:term":[{"taxonomy":"category","embeddable":true,"href":"https:\/\/www.colegionahuelcura.cl\/index.php?rest_route=%2Fwp%2Fv2%2Fcategories&post=1251"},{"taxonomy":"post_tag","embeddable":true,"href":"https:\/\/www.colegionahuelcura.cl\/index.php?rest_route=%2Fwp%2Fv2%2Ftags&post=1251"}],"curies":[{"name":"wp","href":"https:\/\/api.w.org\/{rel}","templated":true}]}}