{"id":1903,"date":"2016-08-22T15:38:18","date_gmt":"2016-08-22T19:38:18","guid":{"rendered":"http:\/\/www.nahuelcura.cl\/?p=1903"},"modified":"2016-08-25T13:04:16","modified_gmt":"2016-08-25T17:04:16","slug":"informativo-semana-22-de-agosto-al-3-de-septiembre","status":"publish","type":"post","link":"https:\/\/www.colegionahuelcura.cl\/?p=1903","title":{"rendered":"INFORMATIVO Semana 22 de Agosto al 3 de Septiembre"},"content":{"rendered":"<p style=\"text-align: right;\">Machal\u00ed, 22 de Agosto de 2016<\/p>\n<p style=\"text-align: justify;\">Estimados Padres y Apoderados:<\/p>\n<p style=\"text-align: justify;\">A trav\u00e9s de la presente quisi\u00e9ramos comunicar e informar a Usted, algunos elementos importantes de considerar para la \u00faltima semana de agosto.<\/p>\n<p style=\"text-align: justify;\"><strong>MARTES 23<\/strong><\/p>\n<ul style=\"text-align: justify;\">\n<li><span style=\"text-decoration: underline;\">Feria de Ciencias:<\/span> Los estudiantes del Colegio, presentan diferentes estudios y experimentos realizados en las diferentes disciplinas de ciencias que ofrece el curr\u00edculum escolar. Cabe se\u00f1alar que de esta Feria, son elegidos los primeros lugares, que posteriormente representan al Colegio en instancias regionales de la actividad. Es bueno recordar que el Colegio Nahuelcura ha obtenido el primer lugar en la versi\u00f3n regional 2014 y 2015, en distintas categor\u00edas.<\/li>\n<\/ul>\n<p style=\"text-align: justify;\"><strong>MI\u00c9RCOLES 24<\/strong><\/p>\n<ul style=\"text-align: justify;\">\n<li><span style=\"text-decoration: underline;\">Acto D\u00eda de la Solidaridad:<\/span> Tradicionalmente nuestro Colegio realiza el cierre de la Campa\u00f1a Solidaria \u201cEs Tiempo de Compartir\u201d, anunciando a los campeones de la solidaridad, es decir, a los cursos que m\u00e1s aportes han realizado en la ayuda a los necesitados. Esta se realizar\u00e1 a las 10:00 hrs.<\/li>\n<li><span style=\"text-decoration: underline;\">Salida de Cuartos Medios a Feria de Orientaci\u00f3n:<\/span> Los estudiantes del Cuarto Medio, realizar\u00e1n una salida educativa, a la Feria Regional de Orientaci\u00f3n Vocacional, a realizarse en el Club Ansco de Rancagua, en el marco de las actividades propias del programa de Orientaci\u00f3n Vocacional del Colegio.<\/li>\n<li><span style=\"text-decoration: underline;\">Inauguraci\u00f3n Copa PF:<\/span> Como todos los a\u00f1os, en estas fechas se realiza el Torneo Interescolar de Futbol Copa PF, el cual busca desarrollar y detectar los talentos deportivos en j\u00f3venes a nivel nacional. De este torneo participan s\u00f3lo algunos colegios de la regi\u00f3n, los cuales son elegidos por su tradici\u00f3n e importancia local. Nuevamente vamos en la b\u00fasqueda del T\u00edtulo.<\/li>\n<\/ul>\n<p><strong>VIERNES 26<\/strong><\/p>\n<ul>\n<li>Jeans Day: Recreo Entretenido 10:00 Hrs. Nuevamente realizaremos recreos en movimiento en el marco de nuestra \u201cCampa\u00f1a por la Vida Saludable\u201d. 20 minutos de Baile diario pueden mejorar tu condici\u00f3n f\u00edsica y mental.<\/li>\n<\/ul>\n<p style=\"text-align: justify;\"><strong>LUNES 29<\/strong><\/p>\n<ul style=\"text-align: justify;\">\n<li><span style=\"text-decoration: underline;\">Charla CONAF \u201cProtecci\u00f3n del Loro Tricahue\u201d:<\/span> Funcionarios de la Corporaci\u00f3n Nacional Forestal, realizar\u00e1n una charla a los estudiantes de Ense\u00f1anza B\u00e1sica sobre la Especie Loro Tricahue, end\u00e9mica de nuestra regi\u00f3n. Se busca a trav\u00e9s de ella, fomentar la protecci\u00f3n y cuidado de ave propia de la fauna local.<\/li>\n<\/ul>\n<p style=\"text-align: justify;\"><b>MI\u00c9RCOLES<\/b><strong>\u00a031<\/strong><\/p>\n<ul style=\"text-align: justify;\">\n<li><span style=\"text-decoration: underline;\">Misa a la Chilena:<\/span> Como todos los a\u00f1os, el Colegio inicia las celebraciones de Fiestas Patrias con una liturgia Cat\u00f3lica, te\u00f1ida de simbolismos patriotas, como una forma de agradecer y encomendar nuestra Independencia Nacional. Quedan todos cordialmente invitados a participar de este evento. Se realizar\u00e1 a las 19:00 hrs.<\/li>\n<\/ul>\n<p><strong>JUEVES 1 Septiembre<\/strong><\/p>\n<ul style=\"text-align: justify;\">\n<li><span style=\"text-decoration: underline;\">Competencia Comunal de Cueca (Gimnasio de Machal\u00ed):<\/span> alumnos del Colegio asisten al Campeonato Intercolegios de Cueca de la Comuna de Machal\u00ed.<\/li>\n<li><span style=\"text-decoration: underline;\">Salida de Electivo Matem\u00e1ticos (Santiago):<\/span> Alumnos de Terceros y Cuartos, del Plan Diferenciado Matem\u00e1tico asisten a facultades de matem\u00e1ticas de Universidades capitalinas.<\/li>\n<\/ul>\n<p style=\"text-align: justify;\"><strong>S\u00c1BADO 3 Septiembre<\/strong><\/p>\n<ul style=\"text-align: justify;\">\n<li><span style=\"text-decoration: underline;\">Fiesta de la Chilenidad: Nahuelcura y Ra\u00edces de Chile:<\/span> es una fiesta de nuestra comunidad, es uno de los grandes sellos organizativos en que participan todas nuestras fuerzas vivas y tiene como eje, el compartir el baile y el disfrute de nuestra tradici\u00f3n chilena folcl\u00f3rica, urbana y porque no decirlo latinoamericana.<br \/>\nLa Fiesta de la Chilenidad, es una organizaci\u00f3n que se realiza desde la inauguraci\u00f3n del Colegio el a\u00f1o 2011 y desde su inicio, cuatro han sido las caracter\u00edsticas fundamentales:<br \/>\n1.- La muestra de baile que realizan todos los cursos del Colegio, en una presentaci\u00f3n diversa de folclore nacional y latinoamericano.<br \/>\n2.- La organizaci\u00f3n de los <strong>CAMPUR Apoderados Cursos<\/strong>, que ese d\u00eda muestran lo mejor de la mesa chilena, en los stand de comidas t\u00edpicas.<br \/>\n3.- El \u00e1nimo festivo, alegre y responsable de los padres, apoderados y sus familias, que vienen a dar masivamente un marco impresionante y multicolor a nuestro Colegio.<br \/>\n4.- La disposici\u00f3n de todo el personal del Colegio en la organizaci\u00f3n y operaci\u00f3n de la Fiesta, lo que muestra el compromiso de nuestra comunidad de funcionarios con el desarrollo de este evento.<br \/>\nLa Fiesta de la Chilenidad, crece a\u00f1o a a\u00f1o y es posible ver como nuestros estudiantes que hace algunos a\u00f1os eran reacios al folclore, hoy aprenden y ensayan gustosos para presentarse ese d\u00eda ante sus padres.<br \/>\nEsto nos es otra cosa que el impulso, que como Colegio hemos dado al desarrollo integral de nuestros alumnos y la b\u00fasqueda permanente de hacer comunidad.<br \/>\nTraspasa la fiesta, el sentido de trabajo en equipo de todos y cada uno de los miembros de nuestra comunidad, los ni\u00f1os y j\u00f3venes en la organizaci\u00f3n y sincron\u00eda de sus bailes, los apoderados en el esfuerzo de organizar emprendimientos que muestran calidad y creatividad, el <strong>CAMPUR General de Padres y Apoderados<\/strong>, que integra y fomenta esta celebraci\u00f3n y por cierto nuestra comunidad de funcionarios que redoblan esfuerzos para que todo resulte bien.<br \/>\nEste a\u00f1o 2016, se nos presentan ciertos desaf\u00edos que debemos enfrentar de buena manera. La legislaci\u00f3n recientemente aprobada sobre alimentos y la Campa\u00f1a de Vida Saludable del Colegio, nos ponen en la l\u00ednea de ser m\u00e1s cuidadosos con los alimentos con que nutrimos nuestro organismo.<br \/>\nSi bien puede complicar en un primer momento, nos pone en el desaf\u00edo de ser creativos y efectivamente mejorar nuestra ingesta a fin de tener un modelo de vida m\u00e1s saludable. Por \u00faltimo, tenemos esperamos que nuevamente este a\u00f1o tengamos una gran fiesta y que todo el mundo participe, mostrando su faceta m\u00e1s cordial, alegre y participativa.<\/li>\n<\/ul>\n<p style=\"text-align: justify;\">Recordamos a Usted, que puede solicitar informaciones adicionales a los Profesores Tutores, Direcciones de Estudios y\/o Funcionarios particulares del Colegio. Asimismo agradecemos, que frente a DUDAS O INQUIETUDES, se dirijan a la Fuente Oficial y no se generen \u201ccadenas especulativas v\u00eda WhatsApp\u201d.<\/p>\n<p style=\"text-align: justify;\">Sin otro particular, le saluda atenta y cordialmente,<\/p>\n<p style=\"text-align: justify;\"><strong>Direcci\u00f3n del Colegio Nahuelcura de Machal\u00ed<\/strong><\/p>\n","protected":false},"excerpt":{"rendered":"<p>Machal\u00ed, 22 de Agosto de 2016 Estimados Padres y Apoderados: A trav\u00e9s de la presente quisi\u00e9ramos comunicar e informar a Usted, algunos elementos importantes de considerar para la \u00faltima semana de agosto. MARTES 23 Feria [&hellip;]<\/p>\n","protected":false},"author":2,"featured_media":203,"comment_status":"closed","ping_status":"closed","sticky":false,"template":"","format":"standard","meta":{"ngg_post_thumbnail":0},"categories":[1],"tags":[],"jetpack_featured_media_url":"https:\/\/i0.wp.com\/www.colegionahuelcura.cl\/wp-content\/uploads\/2016\/01\/LogoGmail.png?fit=320%2C132&ssl=1","jetpack_sharing_enabled":true,"jetpack_shortlink":"https:\/\/wp.me\/p73X2C-uH","_links":{"self":[{"href":"https:\/\/www.colegionahuelcura.cl\/index.php?rest_route=\/wp\/v2\/posts\/1903"}],"collection":[{"href":"https:\/\/www.colegionahuelcura.cl\/index.php?rest_route=\/wp\/v2\/posts"}],"about":[{"href":"https:\/\/www.colegionahuelcura.cl\/index.php?rest_route=\/wp\/v2\/types\/post"}],"author":[{"embeddable":true,"href":"https:\/\/www.colegionahuelcura.cl\/index.php?rest_route=\/wp\/v2\/users\/2"}],"replies":[{"embeddable":true,"href":"https:\/\/www.colegionahuelcura.cl\/index.php?rest_route=%2Fwp%2Fv2%2Fcomments&post=1903"}],"version-history":[{"count":6,"href":"https:\/\/www.colegionahuelcura.cl\/index.php?rest_route=\/wp\/v2\/posts\/1903\/revisions"}],"predecessor-version":[{"id":2129,"href":"https:\/\/www.colegionahuelcura.cl\/index.php?rest_route=\/wp\/v2\/posts\/1903\/revisions\/2129"}],"wp:featuredmedia":[{"embeddable":true,"href":"https:\/\/www.colegionahuelcura.cl\/index.php?rest_route=\/wp\/v2\/media\/203"}],"wp:attachment":[{"href":"https:\/\/www.colegionahuelcura.cl\/index.php?rest_route=%2Fwp%2Fv2%2Fmedia&parent=1903"}],"wp:term":[{"taxonomy":"category","embeddable":true,"href":"https:\/\/www.colegionahuelcura.cl\/index.php?rest_route=%2Fwp%2Fv2%2Fcategories&post=1903"},{"taxonomy":"post_tag","embeddable":true,"href":"https:\/\/www.colegionahuelcura.cl\/index.php?rest_route=%2Fwp%2Fv2%2Ftags&post=1903"}],"curies":[{"name":"wp","href":"https:\/\/api.w.org\/{rel}","templated":true}]}}