{"id":1907,"date":"2016-08-23T12:29:40","date_gmt":"2016-08-23T16:29:40","guid":{"rendered":"http:\/\/www.nahuelcura.cl\/?p=1907"},"modified":"2016-08-23T12:29:40","modified_gmt":"2016-08-23T16:29:40","slug":"rector-del-colegio-se-reune-con-concejal-de-machali","status":"publish","type":"post","link":"https:\/\/www.colegionahuelcura.cl\/?p=1907","title":{"rendered":"Rector del Colegio se re\u00fane con Concejal de Machal\u00ed"},"content":{"rendered":"<p style=\"text-align: justify;\">El pasado Viernes 19 de Agosto, el Rector de nuestro Colegio Sr. Cristian Toledo S\u00e1ez, se reuni\u00f3 con la Sra. Gilda Quintana Silva, Concejal de la Comuna de Machal\u00ed, con quien se dialog\u00f3 respecto de las intervenciones al tr\u00e1nsito que realiz\u00f3 el Municipio.<br \/>\nAdem\u00e1s, y dado el rol que cumple la concejal en el Municipio como encargada del \u00c1rea de Educaci\u00f3n, se aprovech\u00f3 la instancia para conversar sobre los cambios en Educaci\u00f3n, producto de la Reforma.<\/p>\n<p style=\"text-align: justify;\"><img decoding=\"async\" loading=\"lazy\" class=\"aligncenter size-full wp-image-1908\" src=\"https:\/\/i0.wp.com\/www.nahuelcura.cl\/wp-content\/uploads\/2016\/08\/IMG_20160819_130022.png?resize=630%2C354\" alt=\"IMG_20160819_130022\" width=\"630\" height=\"354\" srcset=\"https:\/\/i0.wp.com\/www.colegionahuelcura.cl\/wp-content\/uploads\/2016\/08\/IMG_20160819_130022.png?w=640&amp;ssl=1 640w, https:\/\/i0.wp.com\/www.colegionahuelcura.cl\/wp-content\/uploads\/2016\/08\/IMG_20160819_130022.png?resize=300%2C169&amp;ssl=1 300w\" sizes=\"(max-width: 630px) 100vw, 630px\" data-recalc-dims=\"1\" \/><\/p>\n","protected":false},"excerpt":{"rendered":"<p>El pasado Viernes 19 de Agosto, el Rector de nuestro Colegio Sr. Cristian Toledo S\u00e1ez, se reuni\u00f3 con la Sra. Gilda Quintana Silva, Concejal de la Comuna de Machal\u00ed, con quien se dialog\u00f3 respecto de [&hellip;]<\/p>\n","protected":false},"author":2,"featured_media":1908,"comment_status":"closed","ping_status":"closed","sticky":false,"template":"","format":"standard","meta":{"ngg_post_thumbnail":0},"categories":[1],"tags":[],"jetpack_featured_media_url":"https:\/\/i0.wp.com\/www.colegionahuelcura.cl\/wp-content\/uploads\/2016\/08\/IMG_20160819_130022.png?fit=640%2C360&ssl=1","jetpack_sharing_enabled":true,"jetpack_shortlink":"https:\/\/wp.me\/p73X2C-uL","_links":{"self":[{"href":"https:\/\/www.colegionahuelcura.cl\/index.php?rest_route=\/wp\/v2\/posts\/1907"}],"collection":[{"href":"https:\/\/www.colegionahuelcura.cl\/index.php?rest_route=\/wp\/v2\/posts"}],"about":[{"href":"https:\/\/www.colegionahuelcura.cl\/index.php?rest_route=\/wp\/v2\/types\/post"}],"author":[{"embeddable":true,"href":"https:\/\/www.colegionahuelcura.cl\/index.php?rest_route=\/wp\/v2\/users\/2"}],"replies":[{"embeddable":true,"href":"https:\/\/www.colegionahuelcura.cl\/index.php?rest_route=%2Fwp%2Fv2%2Fcomments&post=1907"}],"version-history":[{"count":1,"href":"https:\/\/www.colegionahuelcura.cl\/index.php?rest_route=\/wp\/v2\/posts\/1907\/revisions"}],"predecessor-version":[{"id":1909,"href":"https:\/\/www.colegionahuelcura.cl\/index.php?rest_route=\/wp\/v2\/posts\/1907\/revisions\/1909"}],"wp:featuredmedia":[{"embeddable":true,"href":"https:\/\/www.colegionahuelcura.cl\/index.php?rest_route=\/wp\/v2\/media\/1908"}],"wp:attachment":[{"href":"https:\/\/www.colegionahuelcura.cl\/index.php?rest_route=%2Fwp%2Fv2%2Fmedia&parent=1907"}],"wp:term":[{"taxonomy":"category","embeddable":true,"href":"https:\/\/www.colegionahuelcura.cl\/index.php?rest_route=%2Fwp%2Fv2%2Fcategories&post=1907"},{"taxonomy":"post_tag","embeddable":true,"href":"https:\/\/www.colegionahuelcura.cl\/index.php?rest_route=%2Fwp%2Fv2%2Ftags&post=1907"}],"curies":[{"name":"wp","href":"https:\/\/api.w.org\/{rel}","templated":true}]}}