{"id":1910,"date":"2016-08-23T12:38:27","date_gmt":"2016-08-23T16:38:27","guid":{"rendered":"http:\/\/www.nahuelcura.cl\/?p=1910"},"modified":"2016-08-24T14:32:32","modified_gmt":"2016-08-24T18:32:32","slug":"jornada-pastoral-de-padres","status":"publish","type":"post","link":"https:\/\/www.colegionahuelcura.cl\/?p=1910","title":{"rendered":"Jornada Pastoral de Padres"},"content":{"rendered":"<p style=\"text-align: justify;\">El pasado s\u00e1bado 20 de agosto se realiz\u00f3 la Jornada de Pastoral, con el Tema <strong>\u201cSolidarios desde la Casa\u201d<\/strong>.<br \/>\nA esta jornada asistieron los padres de los ni\u00f1os de Catequesis y de Confirmaci\u00f3n. La asistencia fue todo un \u00e9xito, llegaron cerca de 60 padres que participaron de la jornada con mucho entusiasmo.<br \/>\nNos acompa\u00f1\u00f3 el Contador del Peque\u00f1o Cottolengo de Rancagua, quien nos habl\u00f3 desde su experiencia sobre el tem\u00e1tica de la Solidaridad para luego aterrizarla en nuestros hogares.<\/p>\n<p style=\"text-align: justify;\">\n<div class=\"ngg-galleryoverview ngg-slideshow\"\n\tid=\"ngg-slideshow-9866026358b844ea13324a0c3d00f6aa-8037409750\"\n\tdata-gallery-id=\"9866026358b844ea13324a0c3d00f6aa\"\n\tstyle=\"max-width: 600px;\n\t\t\tmax-height: 400px;\n\t\t\tdisplay: none;\">\n\n\t\n\t\t<a href=\"https:\/\/www.colegionahuelcura.cl\/wp-content\/gallery\/pastoral-2016\/1.jpg\"\n\t\t\ttitle=\"\"\n\t\t\tdata-src=\"https:\/\/www.colegionahuelcura.cl\/wp-content\/gallery\/pastoral-2016\/1.jpg\"\n\t\t\tdata-thumbnail=\"https:\/\/www.colegionahuelcura.cl\/wp-content\/gallery\/pastoral-2016\/thumbs\/thumbs_1.jpg\"\n\t\t\tdata-image-id=\"324\"\n\t\t\tdata-title=\"1\"\n\t\t\tdata-description=\"\"\n\t\t\tclass=\"ngg-fancybox\" rel=\"9866026358b844ea13324a0c3d00f6aa\">\n\n\t\t\t<img data-image-id='324'\n\t\t\t\ttitle=\"\"\n\t\t\t\talt=\"1\"\n\t\t\t\tsrc=\"https:\/\/www.colegionahuelcura.cl\/wp-content\/gallery\/pastoral-2016\/1.jpg\"\n\t\t\t\tstyle=\"max-height: 380px;\"\/>\n\t\t<\/a>\n\n\t\t\n\t\t<a href=\"https:\/\/www.colegionahuelcura.cl\/wp-content\/gallery\/pastoral-2016\/2.jpg\"\n\t\t\ttitle=\"\"\n\t\t\tdata-src=\"https:\/\/www.colegionahuelcura.cl\/wp-content\/gallery\/pastoral-2016\/2.jpg\"\n\t\t\tdata-thumbnail=\"https:\/\/www.colegionahuelcura.cl\/wp-content\/gallery\/pastoral-2016\/thumbs\/thumbs_2.jpg\"\n\t\t\tdata-image-id=\"325\"\n\t\t\tdata-title=\"2\"\n\t\t\tdata-description=\"\"\n\t\t\tclass=\"ngg-fancybox\" rel=\"9866026358b844ea13324a0c3d00f6aa\">\n\n\t\t\t<img data-image-id='325'\n\t\t\t\ttitle=\"\"\n\t\t\t\talt=\"2\"\n\t\t\t\tsrc=\"https:\/\/www.colegionahuelcura.cl\/wp-content\/gallery\/pastoral-2016\/2.jpg\"\n\t\t\t\tstyle=\"max-height: 380px;\"\/>\n\t\t<\/a>\n\n\t\t\n\t\t<a href=\"https:\/\/www.colegionahuelcura.cl\/wp-content\/gallery\/pastoral-2016\/3.jpg\"\n\t\t\ttitle=\"\"\n\t\t\tdata-src=\"https:\/\/www.colegionahuelcura.cl\/wp-content\/gallery\/pastoral-2016\/3.jpg\"\n\t\t\tdata-thumbnail=\"https:\/\/www.colegionahuelcura.cl\/wp-content\/gallery\/pastoral-2016\/thumbs\/thumbs_3.jpg\"\n\t\t\tdata-image-id=\"326\"\n\t\t\tdata-title=\"3\"\n\t\t\tdata-description=\"\"\n\t\t\tclass=\"ngg-fancybox\" rel=\"9866026358b844ea13324a0c3d00f6aa\">\n\n\t\t\t<img data-image-id='326'\n\t\t\t\ttitle=\"\"\n\t\t\t\talt=\"3\"\n\t\t\t\tsrc=\"https:\/\/www.colegionahuelcura.cl\/wp-content\/gallery\/pastoral-2016\/3.jpg\"\n\t\t\t\tstyle=\"max-height: 380px;\"\/>\n\t\t<\/a>\n\n\t\t\n\t\t<a href=\"https:\/\/www.colegionahuelcura.cl\/wp-content\/gallery\/pastoral-2016\/4.jpg\"\n\t\t\ttitle=\"\"\n\t\t\tdata-src=\"https:\/\/www.colegionahuelcura.cl\/wp-content\/gallery\/pastoral-2016\/4.jpg\"\n\t\t\tdata-thumbnail=\"https:\/\/www.colegionahuelcura.cl\/wp-content\/gallery\/pastoral-2016\/thumbs\/thumbs_4.jpg\"\n\t\t\tdata-image-id=\"327\"\n\t\t\tdata-title=\"4\"\n\t\t\tdata-description=\"\"\n\t\t\tclass=\"ngg-fancybox\" rel=\"9866026358b844ea13324a0c3d00f6aa\">\n\n\t\t\t<img data-image-id='327'\n\t\t\t\ttitle=\"\"\n\t\t\t\talt=\"4\"\n\t\t\t\tsrc=\"https:\/\/www.colegionahuelcura.cl\/wp-content\/gallery\/pastoral-2016\/4.jpg\"\n\t\t\t\tstyle=\"max-height: 380px;\"\/>\n\t\t<\/a>\n\n\t\t\n\t\t<a href=\"https:\/\/www.colegionahuelcura.cl\/wp-content\/gallery\/pastoral-2016\/5.jpg\"\n\t\t\ttitle=\"\"\n\t\t\tdata-src=\"https:\/\/www.colegionahuelcura.cl\/wp-content\/gallery\/pastoral-2016\/5.jpg\"\n\t\t\tdata-thumbnail=\"https:\/\/www.colegionahuelcura.cl\/wp-content\/gallery\/pastoral-2016\/thumbs\/thumbs_5.jpg\"\n\t\t\tdata-image-id=\"328\"\n\t\t\tdata-title=\"5\"\n\t\t\tdata-description=\"\"\n\t\t\tclass=\"ngg-fancybox\" rel=\"9866026358b844ea13324a0c3d00f6aa\">\n\n\t\t\t<img data-image-id='328'\n\t\t\t\ttitle=\"\"\n\t\t\t\talt=\"5\"\n\t\t\t\tsrc=\"https:\/\/www.colegionahuelcura.cl\/wp-content\/gallery\/pastoral-2016\/5.jpg\"\n\t\t\t\tstyle=\"max-height: 380px;\"\/>\n\t\t<\/a>\n\n\t\t<\/div>\n\n\n<\/p>\n","protected":false},"excerpt":{"rendered":"<p>El pasado s\u00e1bado 20 de agosto se realiz\u00f3 la Jornada de Pastoral, con el Tema \u201cSolidarios desde la Casa\u201d. A esta jornada asistieron los padres de los ni\u00f1os de Catequesis y de Confirmaci\u00f3n. La asistencia [&hellip;]<\/p>\n","protected":false},"author":2,"featured_media":1911,"comment_status":"closed","ping_status":"closed","sticky":false,"template":"","format":"standard","meta":{"ngg_post_thumbnail":0},"categories":[1],"tags":[],"jetpack_featured_media_url":"https:\/\/i0.wp.com\/www.colegionahuelcura.cl\/wp-content\/uploads\/2016\/08\/2.jpg?fit=1350%2C759&ssl=1","jetpack_sharing_enabled":true,"jetpack_shortlink":"https:\/\/wp.me\/p73X2C-uO","_links":{"self":[{"href":"https:\/\/www.colegionahuelcura.cl\/index.php?rest_route=\/wp\/v2\/posts\/1910"}],"collection":[{"href":"https:\/\/www.colegionahuelcura.cl\/index.php?rest_route=\/wp\/v2\/posts"}],"about":[{"href":"https:\/\/www.colegionahuelcura.cl\/index.php?rest_route=\/wp\/v2\/types\/post"}],"author":[{"embeddable":true,"href":"https:\/\/www.colegionahuelcura.cl\/index.php?rest_route=\/wp\/v2\/users\/2"}],"replies":[{"embeddable":true,"href":"https:\/\/www.colegionahuelcura.cl\/index.php?rest_route=%2Fwp%2Fv2%2Fcomments&post=1910"}],"version-history":[{"count":1,"href":"https:\/\/www.colegionahuelcura.cl\/index.php?rest_route=\/wp\/v2\/posts\/1910\/revisions"}],"predecessor-version":[{"id":1925,"href":"https:\/\/www.colegionahuelcura.cl\/index.php?rest_route=\/wp\/v2\/posts\/1910\/revisions\/1925"}],"wp:featuredmedia":[{"embeddable":true,"href":"https:\/\/www.colegionahuelcura.cl\/index.php?rest_route=\/wp\/v2\/media\/1911"}],"wp:attachment":[{"href":"https:\/\/www.colegionahuelcura.cl\/index.php?rest_route=%2Fwp%2Fv2%2Fmedia&parent=1910"}],"wp:term":[{"taxonomy":"category","embeddable":true,"href":"https:\/\/www.colegionahuelcura.cl\/index.php?rest_route=%2Fwp%2Fv2%2Fcategories&post=1910"},{"taxonomy":"post_tag","embeddable":true,"href":"https:\/\/www.colegionahuelcura.cl\/index.php?rest_route=%2Fwp%2Fv2%2Ftags&post=1910"}],"curies":[{"name":"wp","href":"https:\/\/api.w.org\/{rel}","templated":true}]}}