{"id":193,"date":"2016-01-04T16:20:14","date_gmt":"2016-01-04T19:20:14","guid":{"rendered":"http:\/\/186.103.199.252\/?p=193"},"modified":"2016-01-06T12:09:21","modified_gmt":"2016-01-06T15:09:21","slug":"nuevo-proceso-de-admision-2016","status":"publish","type":"post","link":"https:\/\/www.colegionahuelcura.cl\/?p=193","title":{"rendered":"Nuevo Proceso de Admisi\u00f3n 2016"},"content":{"rendered":"<p style=\"text-align: justify;\">Estimada Comunidad, el pr\u00f3ximo d\u00eda martes 29 de diciembre a las 15:30 hrs., se realizar\u00e1 un Nuevo Proceso de Admisi\u00f3n 2016, en los siguientes niveles:<\/p>\n<ul>\n<li>PREKINDER<\/li>\n<\/ul>\n<ul>\n<li>PRIMERO B\u00c1SICO<\/li>\n<\/ul>\n<ul>\n<li>SEGUNDO B\u00c1SICO<\/li>\n<\/ul>\n<ul>\n<li>TERCERO B\u00c1SICO<\/li>\n<\/ul>\n<ul>\n<li>CUARTO B\u00c1SICO<\/li>\n<\/ul>\n<ul>\n<li>QUINTO B\u00c1SICO<\/li>\n<\/ul>\n<ul>\n<li>PRIMERO MEDIO<\/li>\n<\/ul>\n<ul>\n<li>SEGUNDO MEDIO<\/li>\n<\/ul>\n<ul>\n<li>TERCERO MEDIO<\/li>\n<\/ul>\n","protected":false},"excerpt":{"rendered":"<p>Estimada Comunidad, el pr\u00f3ximo d\u00eda martes 29 de diciembre a las 15:30 hrs., se realizar\u00e1 un Nuevo Proceso de Admisi\u00f3n 2016, en los siguientes niveles: PREKINDER PRIMERO B\u00c1SICO SEGUNDO B\u00c1SICO TERCERO B\u00c1SICO CUARTO B\u00c1SICO QUINTO [&hellip;]<\/p>\n","protected":false},"author":2,"featured_media":203,"comment_status":"closed","ping_status":"closed","sticky":false,"template":"","format":"standard","meta":{"ngg_post_thumbnail":0},"categories":[1],"tags":[],"jetpack_featured_media_url":"https:\/\/i0.wp.com\/www.colegionahuelcura.cl\/wp-content\/uploads\/2016\/01\/LogoGmail.png?fit=320%2C132&ssl=1","jetpack_sharing_enabled":true,"jetpack_shortlink":"https:\/\/wp.me\/p73X2C-37","_links":{"self":[{"href":"https:\/\/www.colegionahuelcura.cl\/index.php?rest_route=\/wp\/v2\/posts\/193"}],"collection":[{"href":"https:\/\/www.colegionahuelcura.cl\/index.php?rest_route=\/wp\/v2\/posts"}],"about":[{"href":"https:\/\/www.colegionahuelcura.cl\/index.php?rest_route=\/wp\/v2\/types\/post"}],"author":[{"embeddable":true,"href":"https:\/\/www.colegionahuelcura.cl\/index.php?rest_route=\/wp\/v2\/users\/2"}],"replies":[{"embeddable":true,"href":"https:\/\/www.colegionahuelcura.cl\/index.php?rest_route=%2Fwp%2Fv2%2Fcomments&post=193"}],"version-history":[{"count":7,"href":"https:\/\/www.colegionahuelcura.cl\/index.php?rest_route=\/wp\/v2\/posts\/193\/revisions"}],"predecessor-version":[{"id":202,"href":"https:\/\/www.colegionahuelcura.cl\/index.php?rest_route=\/wp\/v2\/posts\/193\/revisions\/202"}],"wp:featuredmedia":[{"embeddable":true,"href":"https:\/\/www.colegionahuelcura.cl\/index.php?rest_route=\/wp\/v2\/media\/203"}],"wp:attachment":[{"href":"https:\/\/www.colegionahuelcura.cl\/index.php?rest_route=%2Fwp%2Fv2%2Fmedia&parent=193"}],"wp:term":[{"taxonomy":"category","embeddable":true,"href":"https:\/\/www.colegionahuelcura.cl\/index.php?rest_route=%2Fwp%2Fv2%2Fcategories&post=193"},{"taxonomy":"post_tag","embeddable":true,"href":"https:\/\/www.colegionahuelcura.cl\/index.php?rest_route=%2Fwp%2Fv2%2Ftags&post=193"}],"curies":[{"name":"wp","href":"https:\/\/api.w.org\/{rel}","templated":true}]}}