{"id":1936,"date":"2016-08-24T12:37:50","date_gmt":"2016-08-24T16:37:50","guid":{"rendered":"http:\/\/www.nahuelcura.cl\/?p=1936"},"modified":"2016-08-24T14:23:31","modified_gmt":"2016-08-24T18:23:31","slug":"feria-de-ciencias-nahuelcura","status":"publish","type":"post","link":"https:\/\/www.colegionahuelcura.cl\/?p=1936","title":{"rendered":"Feria de Ciencias Nahuelcura 2016"},"content":{"rendered":"<p style=\"text-align: justify;\"><strong>Sobre el Depto. de Ciencias y la Feria de las Ciencias:<\/strong><\/p>\n<p style=\"text-align: justify;\">El <strong>Departamento de Ciencias<\/strong> de nuestro Colegio Nahuelcura ha conseguido a lo largo de estos a\u00f1os afianzarse con solidez y marcando presencia a nivel regional.<br \/>\nEn el a\u00f1o 2013 iniciamos con mucho entusiasmo, participando por primera vez en la <strong>Feria Cient\u00edfica-Tecnol\u00f3gica\u00a0Escolar<\/strong> organizada por la <strong>Universidad de Talca<\/strong>. En aquella oportunidad, dos de nuestros proyectos fueron reconocidos con el <strong>Segundo y Tercer lugar<\/strong> de la Feria: <span style=\"color: #000000;\"><strong>&#8220;Glifosato, veneno silencioso\u201d<\/strong> y <strong>\u201cCuantificaci\u00f3n de plomo en labiales\u201d<\/strong><\/span>. De esta forma nuestro departamento comenzaba a ser conocido en la investigaci\u00f3n escolar regional.<br \/>\nEn el a\u00f1o 2014 nos propusimos mejorar nuestra participaci\u00f3n y llevar la mayor cantidad de proyectos posibles a participar. Ya en ese entonces cont\u00e1bamos con un trabajo coordinado entre las diferentes asignaturas del departamento y una orientaci\u00f3n hacia la elaboraci\u00f3n de proyectos cient\u00edficos. Participamos con alrededor de 15 proyectos y uno de ellos obtuvo el <strong>Primer Lugar Regional<\/strong> en la categor\u00eda <strong>Responsabilidad Social Escolar (RSE)<\/strong>, titulado, <span style=\"color: #000000;\"><strong>\u201cEfecto Forer\u201d<\/strong><\/span>, cuyo premio consisti\u00f3 en un viaje a Mendoza para el equipo investigador, con todo pagado. En la ocasi\u00f3n adem\u00e1s pudimos mostrarle a la regi\u00f3n entera, que en nuestro Colegio Nahuelcura se hace ciencia de calidad.<br \/>\nAdem\u00e1s, ese a\u00f1o participamos por primera vez en el <strong>Congreso Regional de Ciencia y Tecnolog\u00eda<\/strong>, instancia organizada por la <strong>Universidad Cat\u00f3lica del Maule<\/strong> y <strong>Explora Conicyt<\/strong>. Fuimos con alrededor de 6 proyectos, siendo nuestro Colegio el que llev\u00f3 m\u00e1s participaci\u00f3n a dicha instancia.<br \/>\nYa el a\u00f1o 2015, nuevamente marcamos presencia. Participamos con proyectos en el <strong>Congreso de Ciencias<\/strong>, donde obtuvimos la <strong>Medalla a la Mejor Exposici\u00f3n Oral<\/strong> con el proyecto: <span style=\"color: #000000;\"><strong>\u201cComparaci\u00f3n de la memoria a corto plazo en hombres y mujeres\u201d<\/strong><\/span>. Fuimos otra vez reconocidos como buenos competidores a nivel regional en investigaci\u00f3n cient\u00edfica escolar.<br \/>\nAdem\u00e1s volvimos a ganar en la <strong>Feria Cient\u00edfica-Tecnol\u00f3gica<\/strong> de la <strong>Universidad de Talca<\/strong>, transform\u00e1ndonos as\u00ed en <strong>BICAMPEONES<\/strong> en la categor\u00eda RSE con el trabajo <span style=\"color: #000000;\"><strong>\u201cEfecto Anclaje\u201d<\/strong><\/span>.<br \/>\nEn dicha feria, obtuvimos tambi\u00e9n una menci\u00f3n honrosa con el proyecto: <span style=\"color: #000000;\"><strong>\u201cEfectividad de los jabones antis\u00e9pticos en un cultivo de bacterias\u201d<\/strong><\/span>. Tambi\u00e9n el a\u00f1o pasado participamos de la <strong>Feria Comunal de Ciencias en Rancagua<\/strong>, donde obtuvimos el tercer lugar y una menci\u00f3n honrosa, con el proyecto: <span style=\"color: #000000;\"><strong>\u201cContaminaci\u00f3n atmosf\u00e9rica por material particulado MP10 y MP2,5 en Machal\u00ed\u201d<\/strong><\/span>.<br \/>\nEste a\u00f1o, constituimos el <strong>\u201cClub Talento Cient\u00edfico\u201d<\/strong> con estudiantes desde 8\u00ba B\u00e1sico a IV\u00ba Medio; instancia en que se trabaja con el m\u00e9todo cient\u00edfico, elaboran proyectos y se profundiza el conocimiento en ciencias. Nuestro club fue distinguido por <strong>Explora Conicyt<\/strong> con\u00a0financiamiento para desarrollar sus proyectos de investigaci\u00f3n y as\u00ed participar otra vez en el Congreso Cient\u00edfico Regional.<br \/>\nQueremos seguir consagr\u00e1ndonos como un equipo afiatado y disciplinado, participando y obteniendo buenos reconocimientos en ferias cient\u00edficas y generando en nuestros estudiantes mayores ansias de logros y aprendizajes significativos.<\/p>\n<p style=\"text-align: justify;\">\n<div class=\"ngg-galleryoverview ngg-slideshow\"\n\tid=\"ngg-slideshow-b2d8b3fd001a598d06e59fde57b7909c-5597765530\"\n\tdata-gallery-id=\"b2d8b3fd001a598d06e59fde57b7909c\"\n\tstyle=\"max-width: 600px;\n\t\t\tmax-height: 400px;\n\t\t\tdisplay: none;\">\n\n\t\n\t\t<a href=\"https:\/\/www.colegionahuelcura.cl\/wp-content\/gallery\/feria-ciencias-2016\/depto-Ciencias.png\"\n\t\t\ttitle=\"\"\n\t\t\tdata-src=\"https:\/\/www.colegionahuelcura.cl\/wp-content\/gallery\/feria-ciencias-2016\/depto-Ciencias.png\"\n\t\t\tdata-thumbnail=\"https:\/\/www.colegionahuelcura.cl\/wp-content\/gallery\/feria-ciencias-2016\/thumbs\/thumbs_depto-Ciencias.png\"\n\t\t\tdata-image-id=\"329\"\n\t\t\tdata-title=\"depto Ciencias\"\n\t\t\tdata-description=\"\"\n\t\t\tclass=\"ngg-fancybox\" rel=\"b2d8b3fd001a598d06e59fde57b7909c\">\n\n\t\t\t<img data-image-id='329'\n\t\t\t\ttitle=\"\"\n\t\t\t\talt=\"depto Ciencias\"\n\t\t\t\tsrc=\"https:\/\/www.colegionahuelcura.cl\/wp-content\/gallery\/feria-ciencias-2016\/depto-Ciencias.png\"\n\t\t\t\tstyle=\"max-height: 380px;\"\/>\n\t\t<\/a>\n\n\t\t\n\t\t<a href=\"https:\/\/www.colegionahuelcura.cl\/wp-content\/gallery\/feria-ciencias-2016\/DSC_0070.JPG\"\n\t\t\ttitle=\"\"\n\t\t\tdata-src=\"https:\/\/www.colegionahuelcura.cl\/wp-content\/gallery\/feria-ciencias-2016\/DSC_0070.JPG\"\n\t\t\tdata-thumbnail=\"https:\/\/www.colegionahuelcura.cl\/wp-content\/gallery\/feria-ciencias-2016\/thumbs\/thumbs_DSC_0070.JPG\"\n\t\t\tdata-image-id=\"330\"\n\t\t\tdata-title=\"DSC_0070\"\n\t\t\tdata-description=\"\"\n\t\t\tclass=\"ngg-fancybox\" rel=\"b2d8b3fd001a598d06e59fde57b7909c\">\n\n\t\t\t<img data-image-id='330'\n\t\t\t\ttitle=\"\"\n\t\t\t\talt=\"DSC_0070\"\n\t\t\t\tsrc=\"https:\/\/www.colegionahuelcura.cl\/wp-content\/gallery\/feria-ciencias-2016\/DSC_0070.JPG\"\n\t\t\t\tstyle=\"max-height: 380px;\"\/>\n\t\t<\/a>\n\n\t\t\n\t\t<a href=\"https:\/\/www.colegionahuelcura.cl\/wp-content\/gallery\/feria-ciencias-2016\/DSC_0071.JPG\"\n\t\t\ttitle=\"\"\n\t\t\tdata-src=\"https:\/\/www.colegionahuelcura.cl\/wp-content\/gallery\/feria-ciencias-2016\/DSC_0071.JPG\"\n\t\t\tdata-thumbnail=\"https:\/\/www.colegionahuelcura.cl\/wp-content\/gallery\/feria-ciencias-2016\/thumbs\/thumbs_DSC_0071.JPG\"\n\t\t\tdata-image-id=\"331\"\n\t\t\tdata-title=\"DSC_0071\"\n\t\t\tdata-description=\"\"\n\t\t\tclass=\"ngg-fancybox\" rel=\"b2d8b3fd001a598d06e59fde57b7909c\">\n\n\t\t\t<img data-image-id='331'\n\t\t\t\ttitle=\"\"\n\t\t\t\talt=\"DSC_0071\"\n\t\t\t\tsrc=\"https:\/\/www.colegionahuelcura.cl\/wp-content\/gallery\/feria-ciencias-2016\/DSC_0071.JPG\"\n\t\t\t\tstyle=\"max-height: 380px;\"\/>\n\t\t<\/a>\n\n\t\t\n\t\t<a href=\"https:\/\/www.colegionahuelcura.cl\/wp-content\/gallery\/feria-ciencias-2016\/DSC_0072.JPG\"\n\t\t\ttitle=\"\"\n\t\t\tdata-src=\"https:\/\/www.colegionahuelcura.cl\/wp-content\/gallery\/feria-ciencias-2016\/DSC_0072.JPG\"\n\t\t\tdata-thumbnail=\"https:\/\/www.colegionahuelcura.cl\/wp-content\/gallery\/feria-ciencias-2016\/thumbs\/thumbs_DSC_0072.JPG\"\n\t\t\tdata-image-id=\"332\"\n\t\t\tdata-title=\"DSC_0072\"\n\t\t\tdata-description=\"\"\n\t\t\tclass=\"ngg-fancybox\" rel=\"b2d8b3fd001a598d06e59fde57b7909c\">\n\n\t\t\t<img data-image-id='332'\n\t\t\t\ttitle=\"\"\n\t\t\t\talt=\"DSC_0072\"\n\t\t\t\tsrc=\"https:\/\/www.colegionahuelcura.cl\/wp-content\/gallery\/feria-ciencias-2016\/DSC_0072.JPG\"\n\t\t\t\tstyle=\"max-height: 380px;\"\/>\n\t\t<\/a>\n\n\t\t\n\t\t<a href=\"https:\/\/www.colegionahuelcura.cl\/wp-content\/gallery\/feria-ciencias-2016\/DSC_0073.JPG\"\n\t\t\ttitle=\"\"\n\t\t\tdata-src=\"https:\/\/www.colegionahuelcura.cl\/wp-content\/gallery\/feria-ciencias-2016\/DSC_0073.JPG\"\n\t\t\tdata-thumbnail=\"https:\/\/www.colegionahuelcura.cl\/wp-content\/gallery\/feria-ciencias-2016\/thumbs\/thumbs_DSC_0073.JPG\"\n\t\t\tdata-image-id=\"333\"\n\t\t\tdata-title=\"DSC_0073\"\n\t\t\tdata-description=\"\"\n\t\t\tclass=\"ngg-fancybox\" rel=\"b2d8b3fd001a598d06e59fde57b7909c\">\n\n\t\t\t<img data-image-id='333'\n\t\t\t\ttitle=\"\"\n\t\t\t\talt=\"DSC_0073\"\n\t\t\t\tsrc=\"https:\/\/www.colegionahuelcura.cl\/wp-content\/gallery\/feria-ciencias-2016\/DSC_0073.JPG\"\n\t\t\t\tstyle=\"max-height: 380px;\"\/>\n\t\t<\/a>\n\n\t\t\n\t\t<a href=\"https:\/\/www.colegionahuelcura.cl\/wp-content\/gallery\/feria-ciencias-2016\/DSC_0074.JPG\"\n\t\t\ttitle=\"\"\n\t\t\tdata-src=\"https:\/\/www.colegionahuelcura.cl\/wp-content\/gallery\/feria-ciencias-2016\/DSC_0074.JPG\"\n\t\t\tdata-thumbnail=\"https:\/\/www.colegionahuelcura.cl\/wp-content\/gallery\/feria-ciencias-2016\/thumbs\/thumbs_DSC_0074.JPG\"\n\t\t\tdata-image-id=\"334\"\n\t\t\tdata-title=\"DSC_0074\"\n\t\t\tdata-description=\"\"\n\t\t\tclass=\"ngg-fancybox\" rel=\"b2d8b3fd001a598d06e59fde57b7909c\">\n\n\t\t\t<img data-image-id='334'\n\t\t\t\ttitle=\"\"\n\t\t\t\talt=\"DSC_0074\"\n\t\t\t\tsrc=\"https:\/\/www.colegionahuelcura.cl\/wp-content\/gallery\/feria-ciencias-2016\/DSC_0074.JPG\"\n\t\t\t\tstyle=\"max-height: 380px;\"\/>\n\t\t<\/a>\n\n\t\t\n\t\t<a href=\"https:\/\/www.colegionahuelcura.cl\/wp-content\/gallery\/feria-ciencias-2016\/DSC_0075.JPG\"\n\t\t\ttitle=\"\"\n\t\t\tdata-src=\"https:\/\/www.colegionahuelcura.cl\/wp-content\/gallery\/feria-ciencias-2016\/DSC_0075.JPG\"\n\t\t\tdata-thumbnail=\"https:\/\/www.colegionahuelcura.cl\/wp-content\/gallery\/feria-ciencias-2016\/thumbs\/thumbs_DSC_0075.JPG\"\n\t\t\tdata-image-id=\"335\"\n\t\t\tdata-title=\"DSC_0075\"\n\t\t\tdata-description=\"\"\n\t\t\tclass=\"ngg-fancybox\" rel=\"b2d8b3fd001a598d06e59fde57b7909c\">\n\n\t\t\t<img data-image-id='335'\n\t\t\t\ttitle=\"\"\n\t\t\t\talt=\"DSC_0075\"\n\t\t\t\tsrc=\"https:\/\/www.colegionahuelcura.cl\/wp-content\/gallery\/feria-ciencias-2016\/DSC_0075.JPG\"\n\t\t\t\tstyle=\"max-height: 380px;\"\/>\n\t\t<\/a>\n\n\t\t\n\t\t<a href=\"https:\/\/www.colegionahuelcura.cl\/wp-content\/gallery\/feria-ciencias-2016\/DSC_0076.JPG\"\n\t\t\ttitle=\"\"\n\t\t\tdata-src=\"https:\/\/www.colegionahuelcura.cl\/wp-content\/gallery\/feria-ciencias-2016\/DSC_0076.JPG\"\n\t\t\tdata-thumbnail=\"https:\/\/www.colegionahuelcura.cl\/wp-content\/gallery\/feria-ciencias-2016\/thumbs\/thumbs_DSC_0076.JPG\"\n\t\t\tdata-image-id=\"336\"\n\t\t\tdata-title=\"DSC_0076\"\n\t\t\tdata-description=\"\"\n\t\t\tclass=\"ngg-fancybox\" rel=\"b2d8b3fd001a598d06e59fde57b7909c\">\n\n\t\t\t<img data-image-id='336'\n\t\t\t\ttitle=\"\"\n\t\t\t\talt=\"DSC_0076\"\n\t\t\t\tsrc=\"https:\/\/www.colegionahuelcura.cl\/wp-content\/gallery\/feria-ciencias-2016\/DSC_0076.JPG\"\n\t\t\t\tstyle=\"max-height: 380px;\"\/>\n\t\t<\/a>\n\n\t\t\n\t\t<a href=\"https:\/\/www.colegionahuelcura.cl\/wp-content\/gallery\/feria-ciencias-2016\/DSC01791JPG.png\"\n\t\t\ttitle=\"\"\n\t\t\tdata-src=\"https:\/\/www.colegionahuelcura.cl\/wp-content\/gallery\/feria-ciencias-2016\/DSC01791JPG.png\"\n\t\t\tdata-thumbnail=\"https:\/\/www.colegionahuelcura.cl\/wp-content\/gallery\/feria-ciencias-2016\/thumbs\/thumbs_DSC01791JPG.png\"\n\t\t\tdata-image-id=\"337\"\n\t\t\tdata-title=\"DSC01791JPG\"\n\t\t\tdata-description=\"\"\n\t\t\tclass=\"ngg-fancybox\" rel=\"b2d8b3fd001a598d06e59fde57b7909c\">\n\n\t\t\t<img data-image-id='337'\n\t\t\t\ttitle=\"\"\n\t\t\t\talt=\"DSC01791JPG\"\n\t\t\t\tsrc=\"https:\/\/www.colegionahuelcura.cl\/wp-content\/gallery\/feria-ciencias-2016\/DSC01791JPG.png\"\n\t\t\t\tstyle=\"max-height: 380px;\"\/>\n\t\t<\/a>\n\n\t\t\n\t\t<a href=\"https:\/\/www.colegionahuelcura.cl\/wp-content\/gallery\/feria-ciencias-2016\/DSC01792JPG.png\"\n\t\t\ttitle=\"\"\n\t\t\tdata-src=\"https:\/\/www.colegionahuelcura.cl\/wp-content\/gallery\/feria-ciencias-2016\/DSC01792JPG.png\"\n\t\t\tdata-thumbnail=\"https:\/\/www.colegionahuelcura.cl\/wp-content\/gallery\/feria-ciencias-2016\/thumbs\/thumbs_DSC01792JPG.png\"\n\t\t\tdata-image-id=\"338\"\n\t\t\tdata-title=\"DSC01792JPG\"\n\t\t\tdata-description=\"\"\n\t\t\tclass=\"ngg-fancybox\" rel=\"b2d8b3fd001a598d06e59fde57b7909c\">\n\n\t\t\t<img data-image-id='338'\n\t\t\t\ttitle=\"\"\n\t\t\t\talt=\"DSC01792JPG\"\n\t\t\t\tsrc=\"https:\/\/www.colegionahuelcura.cl\/wp-content\/gallery\/feria-ciencias-2016\/DSC01792JPG.png\"\n\t\t\t\tstyle=\"max-height: 380px;\"\/>\n\t\t<\/a>\n\n\t\t\n\t\t<a href=\"https:\/\/www.colegionahuelcura.cl\/wp-content\/gallery\/feria-ciencias-2016\/DSC01793JPG.png\"\n\t\t\ttitle=\"\"\n\t\t\tdata-src=\"https:\/\/www.colegionahuelcura.cl\/wp-content\/gallery\/feria-ciencias-2016\/DSC01793JPG.png\"\n\t\t\tdata-thumbnail=\"https:\/\/www.colegionahuelcura.cl\/wp-content\/gallery\/feria-ciencias-2016\/thumbs\/thumbs_DSC01793JPG.png\"\n\t\t\tdata-image-id=\"339\"\n\t\t\tdata-title=\"DSC01793JPG\"\n\t\t\tdata-description=\"\"\n\t\t\tclass=\"ngg-fancybox\" rel=\"b2d8b3fd001a598d06e59fde57b7909c\">\n\n\t\t\t<img data-image-id='339'\n\t\t\t\ttitle=\"\"\n\t\t\t\talt=\"DSC01793JPG\"\n\t\t\t\tsrc=\"https:\/\/www.colegionahuelcura.cl\/wp-content\/gallery\/feria-ciencias-2016\/DSC01793JPG.png\"\n\t\t\t\tstyle=\"max-height: 380px;\"\/>\n\t\t<\/a>\n\n\t\t\n\t\t<a href=\"https:\/\/www.colegionahuelcura.cl\/wp-content\/gallery\/feria-ciencias-2016\/DSC01795JPG.png\"\n\t\t\ttitle=\"\"\n\t\t\tdata-src=\"https:\/\/www.colegionahuelcura.cl\/wp-content\/gallery\/feria-ciencias-2016\/DSC01795JPG.png\"\n\t\t\tdata-thumbnail=\"https:\/\/www.colegionahuelcura.cl\/wp-content\/gallery\/feria-ciencias-2016\/thumbs\/thumbs_DSC01795JPG.png\"\n\t\t\tdata-image-id=\"340\"\n\t\t\tdata-title=\"DSC01795JPG\"\n\t\t\tdata-description=\"\"\n\t\t\tclass=\"ngg-fancybox\" rel=\"b2d8b3fd001a598d06e59fde57b7909c\">\n\n\t\t\t<img data-image-id='340'\n\t\t\t\ttitle=\"\"\n\t\t\t\talt=\"DSC01795JPG\"\n\t\t\t\tsrc=\"https:\/\/www.colegionahuelcura.cl\/wp-content\/gallery\/feria-ciencias-2016\/DSC01795JPG.png\"\n\t\t\t\tstyle=\"max-height: 380px;\"\/>\n\t\t<\/a>\n\n\t\t\n\t\t<a href=\"https:\/\/www.colegionahuelcura.cl\/wp-content\/gallery\/feria-ciencias-2016\/DSC01796JPG.png\"\n\t\t\ttitle=\"\"\n\t\t\tdata-src=\"https:\/\/www.colegionahuelcura.cl\/wp-content\/gallery\/feria-ciencias-2016\/DSC01796JPG.png\"\n\t\t\tdata-thumbnail=\"https:\/\/www.colegionahuelcura.cl\/wp-content\/gallery\/feria-ciencias-2016\/thumbs\/thumbs_DSC01796JPG.png\"\n\t\t\tdata-image-id=\"341\"\n\t\t\tdata-title=\"DSC01796JPG\"\n\t\t\tdata-description=\"\"\n\t\t\tclass=\"ngg-fancybox\" rel=\"b2d8b3fd001a598d06e59fde57b7909c\">\n\n\t\t\t<img data-image-id='341'\n\t\t\t\ttitle=\"\"\n\t\t\t\talt=\"DSC01796JPG\"\n\t\t\t\tsrc=\"https:\/\/www.colegionahuelcura.cl\/wp-content\/gallery\/feria-ciencias-2016\/DSC01796JPG.png\"\n\t\t\t\tstyle=\"max-height: 380px;\"\/>\n\t\t<\/a>\n\n\t\t\n\t\t<a href=\"https:\/\/www.colegionahuelcura.cl\/wp-content\/gallery\/feria-ciencias-2016\/DSC01797JPG.png\"\n\t\t\ttitle=\"\"\n\t\t\tdata-src=\"https:\/\/www.colegionahuelcura.cl\/wp-content\/gallery\/feria-ciencias-2016\/DSC01797JPG.png\"\n\t\t\tdata-thumbnail=\"https:\/\/www.colegionahuelcura.cl\/wp-content\/gallery\/feria-ciencias-2016\/thumbs\/thumbs_DSC01797JPG.png\"\n\t\t\tdata-image-id=\"342\"\n\t\t\tdata-title=\"DSC01797JPG\"\n\t\t\tdata-description=\"\"\n\t\t\tclass=\"ngg-fancybox\" rel=\"b2d8b3fd001a598d06e59fde57b7909c\">\n\n\t\t\t<img data-image-id='342'\n\t\t\t\ttitle=\"\"\n\t\t\t\talt=\"DSC01797JPG\"\n\t\t\t\tsrc=\"https:\/\/www.colegionahuelcura.cl\/wp-content\/gallery\/feria-ciencias-2016\/DSC01797JPG.png\"\n\t\t\t\tstyle=\"max-height: 380px;\"\/>\n\t\t<\/a>\n\n\t\t\n\t\t<a href=\"https:\/\/www.colegionahuelcura.cl\/wp-content\/gallery\/feria-ciencias-2016\/DSC01798JPG.png\"\n\t\t\ttitle=\"\"\n\t\t\tdata-src=\"https:\/\/www.colegionahuelcura.cl\/wp-content\/gallery\/feria-ciencias-2016\/DSC01798JPG.png\"\n\t\t\tdata-thumbnail=\"https:\/\/www.colegionahuelcura.cl\/wp-content\/gallery\/feria-ciencias-2016\/thumbs\/thumbs_DSC01798JPG.png\"\n\t\t\tdata-image-id=\"343\"\n\t\t\tdata-title=\"DSC01798JPG\"\n\t\t\tdata-description=\"\"\n\t\t\tclass=\"ngg-fancybox\" rel=\"b2d8b3fd001a598d06e59fde57b7909c\">\n\n\t\t\t<img data-image-id='343'\n\t\t\t\ttitle=\"\"\n\t\t\t\talt=\"DSC01798JPG\"\n\t\t\t\tsrc=\"https:\/\/www.colegionahuelcura.cl\/wp-content\/gallery\/feria-ciencias-2016\/DSC01798JPG.png\"\n\t\t\t\tstyle=\"max-height: 380px;\"\/>\n\t\t<\/a>\n\n\t\t\n\t\t<a href=\"https:\/\/www.colegionahuelcura.cl\/wp-content\/gallery\/feria-ciencias-2016\/DSC01800JPG.png\"\n\t\t\ttitle=\"\"\n\t\t\tdata-src=\"https:\/\/www.colegionahuelcura.cl\/wp-content\/gallery\/feria-ciencias-2016\/DSC01800JPG.png\"\n\t\t\tdata-thumbnail=\"https:\/\/www.colegionahuelcura.cl\/wp-content\/gallery\/feria-ciencias-2016\/thumbs\/thumbs_DSC01800JPG.png\"\n\t\t\tdata-image-id=\"344\"\n\t\t\tdata-title=\"DSC01800JPG\"\n\t\t\tdata-description=\"\"\n\t\t\tclass=\"ngg-fancybox\" rel=\"b2d8b3fd001a598d06e59fde57b7909c\">\n\n\t\t\t<img data-image-id='344'\n\t\t\t\ttitle=\"\"\n\t\t\t\talt=\"DSC01800JPG\"\n\t\t\t\tsrc=\"https:\/\/www.colegionahuelcura.cl\/wp-content\/gallery\/feria-ciencias-2016\/DSC01800JPG.png\"\n\t\t\t\tstyle=\"max-height: 380px;\"\/>\n\t\t<\/a>\n\n\t\t\n\t\t<a href=\"https:\/\/www.colegionahuelcura.cl\/wp-content\/gallery\/feria-ciencias-2016\/DSC01801JPG.png\"\n\t\t\ttitle=\"\"\n\t\t\tdata-src=\"https:\/\/www.colegionahuelcura.cl\/wp-content\/gallery\/feria-ciencias-2016\/DSC01801JPG.png\"\n\t\t\tdata-thumbnail=\"https:\/\/www.colegionahuelcura.cl\/wp-content\/gallery\/feria-ciencias-2016\/thumbs\/thumbs_DSC01801JPG.png\"\n\t\t\tdata-image-id=\"345\"\n\t\t\tdata-title=\"DSC01801JPG\"\n\t\t\tdata-description=\"\"\n\t\t\tclass=\"ngg-fancybox\" rel=\"b2d8b3fd001a598d06e59fde57b7909c\">\n\n\t\t\t<img data-image-id='345'\n\t\t\t\ttitle=\"\"\n\t\t\t\talt=\"DSC01801JPG\"\n\t\t\t\tsrc=\"https:\/\/www.colegionahuelcura.cl\/wp-content\/gallery\/feria-ciencias-2016\/DSC01801JPG.png\"\n\t\t\t\tstyle=\"max-height: 380px;\"\/>\n\t\t<\/a>\n\n\t\t\n\t\t<a href=\"https:\/\/www.colegionahuelcura.cl\/wp-content\/gallery\/feria-ciencias-2016\/DSC01802JPG.png\"\n\t\t\ttitle=\"\"\n\t\t\tdata-src=\"https:\/\/www.colegionahuelcura.cl\/wp-content\/gallery\/feria-ciencias-2016\/DSC01802JPG.png\"\n\t\t\tdata-thumbnail=\"https:\/\/www.colegionahuelcura.cl\/wp-content\/gallery\/feria-ciencias-2016\/thumbs\/thumbs_DSC01802JPG.png\"\n\t\t\tdata-image-id=\"346\"\n\t\t\tdata-title=\"DSC01802JPG\"\n\t\t\tdata-description=\"\"\n\t\t\tclass=\"ngg-fancybox\" rel=\"b2d8b3fd001a598d06e59fde57b7909c\">\n\n\t\t\t<img data-image-id='346'\n\t\t\t\ttitle=\"\"\n\t\t\t\talt=\"DSC01802JPG\"\n\t\t\t\tsrc=\"https:\/\/www.colegionahuelcura.cl\/wp-content\/gallery\/feria-ciencias-2016\/DSC01802JPG.png\"\n\t\t\t\tstyle=\"max-height: 380px;\"\/>\n\t\t<\/a>\n\n\t\t\n\t\t<a href=\"https:\/\/www.colegionahuelcura.cl\/wp-content\/gallery\/feria-ciencias-2016\/DSC01803JPG.png\"\n\t\t\ttitle=\"\"\n\t\t\tdata-src=\"https:\/\/www.colegionahuelcura.cl\/wp-content\/gallery\/feria-ciencias-2016\/DSC01803JPG.png\"\n\t\t\tdata-thumbnail=\"https:\/\/www.colegionahuelcura.cl\/wp-content\/gallery\/feria-ciencias-2016\/thumbs\/thumbs_DSC01803JPG.png\"\n\t\t\tdata-image-id=\"347\"\n\t\t\tdata-title=\"DSC01803JPG\"\n\t\t\tdata-description=\"\"\n\t\t\tclass=\"ngg-fancybox\" rel=\"b2d8b3fd001a598d06e59fde57b7909c\">\n\n\t\t\t<img data-image-id='347'\n\t\t\t\ttitle=\"\"\n\t\t\t\talt=\"DSC01803JPG\"\n\t\t\t\tsrc=\"https:\/\/www.colegionahuelcura.cl\/wp-content\/gallery\/feria-ciencias-2016\/DSC01803JPG.png\"\n\t\t\t\tstyle=\"max-height: 380px;\"\/>\n\t\t<\/a>\n\n\t\t\n\t\t<a href=\"https:\/\/www.colegionahuelcura.cl\/wp-content\/gallery\/feria-ciencias-2016\/DSC01804JPG.png\"\n\t\t\ttitle=\"\"\n\t\t\tdata-src=\"https:\/\/www.colegionahuelcura.cl\/wp-content\/gallery\/feria-ciencias-2016\/DSC01804JPG.png\"\n\t\t\tdata-thumbnail=\"https:\/\/www.colegionahuelcura.cl\/wp-content\/gallery\/feria-ciencias-2016\/thumbs\/thumbs_DSC01804JPG.png\"\n\t\t\tdata-image-id=\"348\"\n\t\t\tdata-title=\"DSC01804JPG\"\n\t\t\tdata-description=\"\"\n\t\t\tclass=\"ngg-fancybox\" rel=\"b2d8b3fd001a598d06e59fde57b7909c\">\n\n\t\t\t<img data-image-id='348'\n\t\t\t\ttitle=\"\"\n\t\t\t\talt=\"DSC01804JPG\"\n\t\t\t\tsrc=\"https:\/\/www.colegionahuelcura.cl\/wp-content\/gallery\/feria-ciencias-2016\/DSC01804JPG.png\"\n\t\t\t\tstyle=\"max-height: 380px;\"\/>\n\t\t<\/a>\n\n\t\t\n\t\t<a href=\"https:\/\/www.colegionahuelcura.cl\/wp-content\/gallery\/feria-ciencias-2016\/DSC01805JPG.png\"\n\t\t\ttitle=\"\"\n\t\t\tdata-src=\"https:\/\/www.colegionahuelcura.cl\/wp-content\/gallery\/feria-ciencias-2016\/DSC01805JPG.png\"\n\t\t\tdata-thumbnail=\"https:\/\/www.colegionahuelcura.cl\/wp-content\/gallery\/feria-ciencias-2016\/thumbs\/thumbs_DSC01805JPG.png\"\n\t\t\tdata-image-id=\"349\"\n\t\t\tdata-title=\"DSC01805JPG\"\n\t\t\tdata-description=\"\"\n\t\t\tclass=\"ngg-fancybox\" rel=\"b2d8b3fd001a598d06e59fde57b7909c\">\n\n\t\t\t<img data-image-id='349'\n\t\t\t\ttitle=\"\"\n\t\t\t\talt=\"DSC01805JPG\"\n\t\t\t\tsrc=\"https:\/\/www.colegionahuelcura.cl\/wp-content\/gallery\/feria-ciencias-2016\/DSC01805JPG.png\"\n\t\t\t\tstyle=\"max-height: 380px;\"\/>\n\t\t<\/a>\n\n\t\t\n\t\t<a href=\"https:\/\/www.colegionahuelcura.cl\/wp-content\/gallery\/feria-ciencias-2016\/DSC01806JPG.png\"\n\t\t\ttitle=\"\"\n\t\t\tdata-src=\"https:\/\/www.colegionahuelcura.cl\/wp-content\/gallery\/feria-ciencias-2016\/DSC01806JPG.png\"\n\t\t\tdata-thumbnail=\"https:\/\/www.colegionahuelcura.cl\/wp-content\/gallery\/feria-ciencias-2016\/thumbs\/thumbs_DSC01806JPG.png\"\n\t\t\tdata-image-id=\"350\"\n\t\t\tdata-title=\"DSC01806JPG\"\n\t\t\tdata-description=\"\"\n\t\t\tclass=\"ngg-fancybox\" rel=\"b2d8b3fd001a598d06e59fde57b7909c\">\n\n\t\t\t<img data-image-id='350'\n\t\t\t\ttitle=\"\"\n\t\t\t\talt=\"DSC01806JPG\"\n\t\t\t\tsrc=\"https:\/\/www.colegionahuelcura.cl\/wp-content\/gallery\/feria-ciencias-2016\/DSC01806JPG.png\"\n\t\t\t\tstyle=\"max-height: 380px;\"\/>\n\t\t<\/a>\n\n\t\t\n\t\t<a href=\"https:\/\/www.colegionahuelcura.cl\/wp-content\/gallery\/feria-ciencias-2016\/DSC01807JPG.png\"\n\t\t\ttitle=\"\"\n\t\t\tdata-src=\"https:\/\/www.colegionahuelcura.cl\/wp-content\/gallery\/feria-ciencias-2016\/DSC01807JPG.png\"\n\t\t\tdata-thumbnail=\"https:\/\/www.colegionahuelcura.cl\/wp-content\/gallery\/feria-ciencias-2016\/thumbs\/thumbs_DSC01807JPG.png\"\n\t\t\tdata-image-id=\"351\"\n\t\t\tdata-title=\"DSC01807JPG\"\n\t\t\tdata-description=\"\"\n\t\t\tclass=\"ngg-fancybox\" rel=\"b2d8b3fd001a598d06e59fde57b7909c\">\n\n\t\t\t<img data-image-id='351'\n\t\t\t\ttitle=\"\"\n\t\t\t\talt=\"DSC01807JPG\"\n\t\t\t\tsrc=\"https:\/\/www.colegionahuelcura.cl\/wp-content\/gallery\/feria-ciencias-2016\/DSC01807JPG.png\"\n\t\t\t\tstyle=\"max-height: 380px;\"\/>\n\t\t<\/a>\n\n\t\t\n\t\t<a href=\"https:\/\/www.colegionahuelcura.cl\/wp-content\/gallery\/feria-ciencias-2016\/DSC01808JPG.png\"\n\t\t\ttitle=\"\"\n\t\t\tdata-src=\"https:\/\/www.colegionahuelcura.cl\/wp-content\/gallery\/feria-ciencias-2016\/DSC01808JPG.png\"\n\t\t\tdata-thumbnail=\"https:\/\/www.colegionahuelcura.cl\/wp-content\/gallery\/feria-ciencias-2016\/thumbs\/thumbs_DSC01808JPG.png\"\n\t\t\tdata-image-id=\"352\"\n\t\t\tdata-title=\"DSC01808JPG\"\n\t\t\tdata-description=\"\"\n\t\t\tclass=\"ngg-fancybox\" rel=\"b2d8b3fd001a598d06e59fde57b7909c\">\n\n\t\t\t<img data-image-id='352'\n\t\t\t\ttitle=\"\"\n\t\t\t\talt=\"DSC01808JPG\"\n\t\t\t\tsrc=\"https:\/\/www.colegionahuelcura.cl\/wp-content\/gallery\/feria-ciencias-2016\/DSC01808JPG.png\"\n\t\t\t\tstyle=\"max-height: 380px;\"\/>\n\t\t<\/a>\n\n\t\t\n\t\t<a href=\"https:\/\/www.colegionahuelcura.cl\/wp-content\/gallery\/feria-ciencias-2016\/DSC01809JPG.png\"\n\t\t\ttitle=\"\"\n\t\t\tdata-src=\"https:\/\/www.colegionahuelcura.cl\/wp-content\/gallery\/feria-ciencias-2016\/DSC01809JPG.png\"\n\t\t\tdata-thumbnail=\"https:\/\/www.colegionahuelcura.cl\/wp-content\/gallery\/feria-ciencias-2016\/thumbs\/thumbs_DSC01809JPG.png\"\n\t\t\tdata-image-id=\"353\"\n\t\t\tdata-title=\"DSC01809JPG\"\n\t\t\tdata-description=\"\"\n\t\t\tclass=\"ngg-fancybox\" rel=\"b2d8b3fd001a598d06e59fde57b7909c\">\n\n\t\t\t<img data-image-id='353'\n\t\t\t\ttitle=\"\"\n\t\t\t\talt=\"DSC01809JPG\"\n\t\t\t\tsrc=\"https:\/\/www.colegionahuelcura.cl\/wp-content\/gallery\/feria-ciencias-2016\/DSC01809JPG.png\"\n\t\t\t\tstyle=\"max-height: 380px;\"\/>\n\t\t<\/a>\n\n\t\t\n\t\t<a href=\"https:\/\/www.colegionahuelcura.cl\/wp-content\/gallery\/feria-ciencias-2016\/DSC01810JPG.png\"\n\t\t\ttitle=\"\"\n\t\t\tdata-src=\"https:\/\/www.colegionahuelcura.cl\/wp-content\/gallery\/feria-ciencias-2016\/DSC01810JPG.png\"\n\t\t\tdata-thumbnail=\"https:\/\/www.colegionahuelcura.cl\/wp-content\/gallery\/feria-ciencias-2016\/thumbs\/thumbs_DSC01810JPG.png\"\n\t\t\tdata-image-id=\"354\"\n\t\t\tdata-title=\"DSC01810JPG\"\n\t\t\tdata-description=\"\"\n\t\t\tclass=\"ngg-fancybox\" rel=\"b2d8b3fd001a598d06e59fde57b7909c\">\n\n\t\t\t<img data-image-id='354'\n\t\t\t\ttitle=\"\"\n\t\t\t\talt=\"DSC01810JPG\"\n\t\t\t\tsrc=\"https:\/\/www.colegionahuelcura.cl\/wp-content\/gallery\/feria-ciencias-2016\/DSC01810JPG.png\"\n\t\t\t\tstyle=\"max-height: 380px;\"\/>\n\t\t<\/a>\n\n\t\t\n\t\t<a href=\"https:\/\/www.colegionahuelcura.cl\/wp-content\/gallery\/feria-ciencias-2016\/DSC01811JPG.png\"\n\t\t\ttitle=\"\"\n\t\t\tdata-src=\"https:\/\/www.colegionahuelcura.cl\/wp-content\/gallery\/feria-ciencias-2016\/DSC01811JPG.png\"\n\t\t\tdata-thumbnail=\"https:\/\/www.colegionahuelcura.cl\/wp-content\/gallery\/feria-ciencias-2016\/thumbs\/thumbs_DSC01811JPG.png\"\n\t\t\tdata-image-id=\"355\"\n\t\t\tdata-title=\"DSC01811JPG\"\n\t\t\tdata-description=\"\"\n\t\t\tclass=\"ngg-fancybox\" rel=\"b2d8b3fd001a598d06e59fde57b7909c\">\n\n\t\t\t<img data-image-id='355'\n\t\t\t\ttitle=\"\"\n\t\t\t\talt=\"DSC01811JPG\"\n\t\t\t\tsrc=\"https:\/\/www.colegionahuelcura.cl\/wp-content\/gallery\/feria-ciencias-2016\/DSC01811JPG.png\"\n\t\t\t\tstyle=\"max-height: 380px;\"\/>\n\t\t<\/a>\n\n\t\t\n\t\t<a href=\"https:\/\/www.colegionahuelcura.cl\/wp-content\/gallery\/feria-ciencias-2016\/DSC01812JPG.png\"\n\t\t\ttitle=\"\"\n\t\t\tdata-src=\"https:\/\/www.colegionahuelcura.cl\/wp-content\/gallery\/feria-ciencias-2016\/DSC01812JPG.png\"\n\t\t\tdata-thumbnail=\"https:\/\/www.colegionahuelcura.cl\/wp-content\/gallery\/feria-ciencias-2016\/thumbs\/thumbs_DSC01812JPG.png\"\n\t\t\tdata-image-id=\"356\"\n\t\t\tdata-title=\"DSC01812JPG\"\n\t\t\tdata-description=\"\"\n\t\t\tclass=\"ngg-fancybox\" rel=\"b2d8b3fd001a598d06e59fde57b7909c\">\n\n\t\t\t<img data-image-id='356'\n\t\t\t\ttitle=\"\"\n\t\t\t\talt=\"DSC01812JPG\"\n\t\t\t\tsrc=\"https:\/\/www.colegionahuelcura.cl\/wp-content\/gallery\/feria-ciencias-2016\/DSC01812JPG.png\"\n\t\t\t\tstyle=\"max-height: 380px;\"\/>\n\t\t<\/a>\n\n\t\t\n\t\t<a href=\"https:\/\/www.colegionahuelcura.cl\/wp-content\/gallery\/feria-ciencias-2016\/DSC01814JPG.png\"\n\t\t\ttitle=\"\"\n\t\t\tdata-src=\"https:\/\/www.colegionahuelcura.cl\/wp-content\/gallery\/feria-ciencias-2016\/DSC01814JPG.png\"\n\t\t\tdata-thumbnail=\"https:\/\/www.colegionahuelcura.cl\/wp-content\/gallery\/feria-ciencias-2016\/thumbs\/thumbs_DSC01814JPG.png\"\n\t\t\tdata-image-id=\"357\"\n\t\t\tdata-title=\"DSC01814JPG\"\n\t\t\tdata-description=\"\"\n\t\t\tclass=\"ngg-fancybox\" rel=\"b2d8b3fd001a598d06e59fde57b7909c\">\n\n\t\t\t<img data-image-id='357'\n\t\t\t\ttitle=\"\"\n\t\t\t\talt=\"DSC01814JPG\"\n\t\t\t\tsrc=\"https:\/\/www.colegionahuelcura.cl\/wp-content\/gallery\/feria-ciencias-2016\/DSC01814JPG.png\"\n\t\t\t\tstyle=\"max-height: 380px;\"\/>\n\t\t<\/a>\n\n\t\t\n\t\t<a href=\"https:\/\/www.colegionahuelcura.cl\/wp-content\/gallery\/feria-ciencias-2016\/DSC01815JPG.png\"\n\t\t\ttitle=\"\"\n\t\t\tdata-src=\"https:\/\/www.colegionahuelcura.cl\/wp-content\/gallery\/feria-ciencias-2016\/DSC01815JPG.png\"\n\t\t\tdata-thumbnail=\"https:\/\/www.colegionahuelcura.cl\/wp-content\/gallery\/feria-ciencias-2016\/thumbs\/thumbs_DSC01815JPG.png\"\n\t\t\tdata-image-id=\"358\"\n\t\t\tdata-title=\"DSC01815JPG\"\n\t\t\tdata-description=\"\"\n\t\t\tclass=\"ngg-fancybox\" rel=\"b2d8b3fd001a598d06e59fde57b7909c\">\n\n\t\t\t<img data-image-id='358'\n\t\t\t\ttitle=\"\"\n\t\t\t\talt=\"DSC01815JPG\"\n\t\t\t\tsrc=\"https:\/\/www.colegionahuelcura.cl\/wp-content\/gallery\/feria-ciencias-2016\/DSC01815JPG.png\"\n\t\t\t\tstyle=\"max-height: 380px;\"\/>\n\t\t<\/a>\n\n\t\t\n\t\t<a href=\"https:\/\/www.colegionahuelcura.cl\/wp-content\/gallery\/feria-ciencias-2016\/DSC01816JPG.png\"\n\t\t\ttitle=\"\"\n\t\t\tdata-src=\"https:\/\/www.colegionahuelcura.cl\/wp-content\/gallery\/feria-ciencias-2016\/DSC01816JPG.png\"\n\t\t\tdata-thumbnail=\"https:\/\/www.colegionahuelcura.cl\/wp-content\/gallery\/feria-ciencias-2016\/thumbs\/thumbs_DSC01816JPG.png\"\n\t\t\tdata-image-id=\"359\"\n\t\t\tdata-title=\"DSC01816JPG\"\n\t\t\tdata-description=\"\"\n\t\t\tclass=\"ngg-fancybox\" rel=\"b2d8b3fd001a598d06e59fde57b7909c\">\n\n\t\t\t<img data-image-id='359'\n\t\t\t\ttitle=\"\"\n\t\t\t\talt=\"DSC01816JPG\"\n\t\t\t\tsrc=\"https:\/\/www.colegionahuelcura.cl\/wp-content\/gallery\/feria-ciencias-2016\/DSC01816JPG.png\"\n\t\t\t\tstyle=\"max-height: 380px;\"\/>\n\t\t<\/a>\n\n\t\t\n\t\t<a href=\"https:\/\/www.colegionahuelcura.cl\/wp-content\/gallery\/feria-ciencias-2016\/DSC01817JPG.png\"\n\t\t\ttitle=\"\"\n\t\t\tdata-src=\"https:\/\/www.colegionahuelcura.cl\/wp-content\/gallery\/feria-ciencias-2016\/DSC01817JPG.png\"\n\t\t\tdata-thumbnail=\"https:\/\/www.colegionahuelcura.cl\/wp-content\/gallery\/feria-ciencias-2016\/thumbs\/thumbs_DSC01817JPG.png\"\n\t\t\tdata-image-id=\"360\"\n\t\t\tdata-title=\"DSC01817JPG\"\n\t\t\tdata-description=\"\"\n\t\t\tclass=\"ngg-fancybox\" rel=\"b2d8b3fd001a598d06e59fde57b7909c\">\n\n\t\t\t<img data-image-id='360'\n\t\t\t\ttitle=\"\"\n\t\t\t\talt=\"DSC01817JPG\"\n\t\t\t\tsrc=\"https:\/\/www.colegionahuelcura.cl\/wp-content\/gallery\/feria-ciencias-2016\/DSC01817JPG.png\"\n\t\t\t\tstyle=\"max-height: 380px;\"\/>\n\t\t<\/a>\n\n\t\t\n\t\t<a href=\"https:\/\/www.colegionahuelcura.cl\/wp-content\/gallery\/feria-ciencias-2016\/DSC01818JPG.png\"\n\t\t\ttitle=\"\"\n\t\t\tdata-src=\"https:\/\/www.colegionahuelcura.cl\/wp-content\/gallery\/feria-ciencias-2016\/DSC01818JPG.png\"\n\t\t\tdata-thumbnail=\"https:\/\/www.colegionahuelcura.cl\/wp-content\/gallery\/feria-ciencias-2016\/thumbs\/thumbs_DSC01818JPG.png\"\n\t\t\tdata-image-id=\"361\"\n\t\t\tdata-title=\"DSC01818JPG\"\n\t\t\tdata-description=\"\"\n\t\t\tclass=\"ngg-fancybox\" rel=\"b2d8b3fd001a598d06e59fde57b7909c\">\n\n\t\t\t<img data-image-id='361'\n\t\t\t\ttitle=\"\"\n\t\t\t\talt=\"DSC01818JPG\"\n\t\t\t\tsrc=\"https:\/\/www.colegionahuelcura.cl\/wp-content\/gallery\/feria-ciencias-2016\/DSC01818JPG.png\"\n\t\t\t\tstyle=\"max-height: 380px;\"\/>\n\t\t<\/a>\n\n\t\t\n\t\t<a href=\"https:\/\/www.colegionahuelcura.cl\/wp-content\/gallery\/feria-ciencias-2016\/DSC01819JPG.png\"\n\t\t\ttitle=\"\"\n\t\t\tdata-src=\"https:\/\/www.colegionahuelcura.cl\/wp-content\/gallery\/feria-ciencias-2016\/DSC01819JPG.png\"\n\t\t\tdata-thumbnail=\"https:\/\/www.colegionahuelcura.cl\/wp-content\/gallery\/feria-ciencias-2016\/thumbs\/thumbs_DSC01819JPG.png\"\n\t\t\tdata-image-id=\"362\"\n\t\t\tdata-title=\"DSC01819JPG\"\n\t\t\tdata-description=\"\"\n\t\t\tclass=\"ngg-fancybox\" rel=\"b2d8b3fd001a598d06e59fde57b7909c\">\n\n\t\t\t<img data-image-id='362'\n\t\t\t\ttitle=\"\"\n\t\t\t\talt=\"DSC01819JPG\"\n\t\t\t\tsrc=\"https:\/\/www.colegionahuelcura.cl\/wp-content\/gallery\/feria-ciencias-2016\/DSC01819JPG.png\"\n\t\t\t\tstyle=\"max-height: 380px;\"\/>\n\t\t<\/a>\n\n\t\t\n\t\t<a href=\"https:\/\/www.colegionahuelcura.cl\/wp-content\/gallery\/feria-ciencias-2016\/DSC01820JPG.png\"\n\t\t\ttitle=\"\"\n\t\t\tdata-src=\"https:\/\/www.colegionahuelcura.cl\/wp-content\/gallery\/feria-ciencias-2016\/DSC01820JPG.png\"\n\t\t\tdata-thumbnail=\"https:\/\/www.colegionahuelcura.cl\/wp-content\/gallery\/feria-ciencias-2016\/thumbs\/thumbs_DSC01820JPG.png\"\n\t\t\tdata-image-id=\"363\"\n\t\t\tdata-title=\"DSC01820JPG\"\n\t\t\tdata-description=\"\"\n\t\t\tclass=\"ngg-fancybox\" rel=\"b2d8b3fd001a598d06e59fde57b7909c\">\n\n\t\t\t<img data-image-id='363'\n\t\t\t\ttitle=\"\"\n\t\t\t\talt=\"DSC01820JPG\"\n\t\t\t\tsrc=\"https:\/\/www.colegionahuelcura.cl\/wp-content\/gallery\/feria-ciencias-2016\/DSC01820JPG.png\"\n\t\t\t\tstyle=\"max-height: 380px;\"\/>\n\t\t<\/a>\n\n\t\t\n\t\t<a href=\"https:\/\/www.colegionahuelcura.cl\/wp-content\/gallery\/feria-ciencias-2016\/DSC01821JPG.png\"\n\t\t\ttitle=\"\"\n\t\t\tdata-src=\"https:\/\/www.colegionahuelcura.cl\/wp-content\/gallery\/feria-ciencias-2016\/DSC01821JPG.png\"\n\t\t\tdata-thumbnail=\"https:\/\/www.colegionahuelcura.cl\/wp-content\/gallery\/feria-ciencias-2016\/thumbs\/thumbs_DSC01821JPG.png\"\n\t\t\tdata-image-id=\"364\"\n\t\t\tdata-title=\"DSC01821JPG\"\n\t\t\tdata-description=\"\"\n\t\t\tclass=\"ngg-fancybox\" rel=\"b2d8b3fd001a598d06e59fde57b7909c\">\n\n\t\t\t<img data-image-id='364'\n\t\t\t\ttitle=\"\"\n\t\t\t\talt=\"DSC01821JPG\"\n\t\t\t\tsrc=\"https:\/\/www.colegionahuelcura.cl\/wp-content\/gallery\/feria-ciencias-2016\/DSC01821JPG.png\"\n\t\t\t\tstyle=\"max-height: 380px;\"\/>\n\t\t<\/a>\n\n\t\t\n\t\t<a href=\"https:\/\/www.colegionahuelcura.cl\/wp-content\/gallery\/feria-ciencias-2016\/DSC01822JPG.png\"\n\t\t\ttitle=\"\"\n\t\t\tdata-src=\"https:\/\/www.colegionahuelcura.cl\/wp-content\/gallery\/feria-ciencias-2016\/DSC01822JPG.png\"\n\t\t\tdata-thumbnail=\"https:\/\/www.colegionahuelcura.cl\/wp-content\/gallery\/feria-ciencias-2016\/thumbs\/thumbs_DSC01822JPG.png\"\n\t\t\tdata-image-id=\"365\"\n\t\t\tdata-title=\"DSC01822JPG\"\n\t\t\tdata-description=\"\"\n\t\t\tclass=\"ngg-fancybox\" rel=\"b2d8b3fd001a598d06e59fde57b7909c\">\n\n\t\t\t<img data-image-id='365'\n\t\t\t\ttitle=\"\"\n\t\t\t\talt=\"DSC01822JPG\"\n\t\t\t\tsrc=\"https:\/\/www.colegionahuelcura.cl\/wp-content\/gallery\/feria-ciencias-2016\/DSC01822JPG.png\"\n\t\t\t\tstyle=\"max-height: 380px;\"\/>\n\t\t<\/a>\n\n\t\t\n\t\t<a href=\"https:\/\/www.colegionahuelcura.cl\/wp-content\/gallery\/feria-ciencias-2016\/DSC01824JPG.png\"\n\t\t\ttitle=\"\"\n\t\t\tdata-src=\"https:\/\/www.colegionahuelcura.cl\/wp-content\/gallery\/feria-ciencias-2016\/DSC01824JPG.png\"\n\t\t\tdata-thumbnail=\"https:\/\/www.colegionahuelcura.cl\/wp-content\/gallery\/feria-ciencias-2016\/thumbs\/thumbs_DSC01824JPG.png\"\n\t\t\tdata-image-id=\"366\"\n\t\t\tdata-title=\"DSC01824JPG\"\n\t\t\tdata-description=\"\"\n\t\t\tclass=\"ngg-fancybox\" rel=\"b2d8b3fd001a598d06e59fde57b7909c\">\n\n\t\t\t<img data-image-id='366'\n\t\t\t\ttitle=\"\"\n\t\t\t\talt=\"DSC01824JPG\"\n\t\t\t\tsrc=\"https:\/\/www.colegionahuelcura.cl\/wp-content\/gallery\/feria-ciencias-2016\/DSC01824JPG.png\"\n\t\t\t\tstyle=\"max-height: 380px;\"\/>\n\t\t<\/a>\n\n\t\t\n\t\t<a href=\"https:\/\/www.colegionahuelcura.cl\/wp-content\/gallery\/feria-ciencias-2016\/DSC01826JPG.png\"\n\t\t\ttitle=\"\"\n\t\t\tdata-src=\"https:\/\/www.colegionahuelcura.cl\/wp-content\/gallery\/feria-ciencias-2016\/DSC01826JPG.png\"\n\t\t\tdata-thumbnail=\"https:\/\/www.colegionahuelcura.cl\/wp-content\/gallery\/feria-ciencias-2016\/thumbs\/thumbs_DSC01826JPG.png\"\n\t\t\tdata-image-id=\"367\"\n\t\t\tdata-title=\"DSC01826JPG\"\n\t\t\tdata-description=\"\"\n\t\t\tclass=\"ngg-fancybox\" rel=\"b2d8b3fd001a598d06e59fde57b7909c\">\n\n\t\t\t<img data-image-id='367'\n\t\t\t\ttitle=\"\"\n\t\t\t\talt=\"DSC01826JPG\"\n\t\t\t\tsrc=\"https:\/\/www.colegionahuelcura.cl\/wp-content\/gallery\/feria-ciencias-2016\/DSC01826JPG.png\"\n\t\t\t\tstyle=\"max-height: 380px;\"\/>\n\t\t<\/a>\n\n\t\t\n\t\t<a href=\"https:\/\/www.colegionahuelcura.cl\/wp-content\/gallery\/feria-ciencias-2016\/DSC01827JPG.png\"\n\t\t\ttitle=\"\"\n\t\t\tdata-src=\"https:\/\/www.colegionahuelcura.cl\/wp-content\/gallery\/feria-ciencias-2016\/DSC01827JPG.png\"\n\t\t\tdata-thumbnail=\"https:\/\/www.colegionahuelcura.cl\/wp-content\/gallery\/feria-ciencias-2016\/thumbs\/thumbs_DSC01827JPG.png\"\n\t\t\tdata-image-id=\"368\"\n\t\t\tdata-title=\"DSC01827JPG\"\n\t\t\tdata-description=\"\"\n\t\t\tclass=\"ngg-fancybox\" rel=\"b2d8b3fd001a598d06e59fde57b7909c\">\n\n\t\t\t<img data-image-id='368'\n\t\t\t\ttitle=\"\"\n\t\t\t\talt=\"DSC01827JPG\"\n\t\t\t\tsrc=\"https:\/\/www.colegionahuelcura.cl\/wp-content\/gallery\/feria-ciencias-2016\/DSC01827JPG.png\"\n\t\t\t\tstyle=\"max-height: 380px;\"\/>\n\t\t<\/a>\n\n\t\t\n\t\t<a href=\"https:\/\/www.colegionahuelcura.cl\/wp-content\/gallery\/feria-ciencias-2016\/DSC01828JPG.png\"\n\t\t\ttitle=\"\"\n\t\t\tdata-src=\"https:\/\/www.colegionahuelcura.cl\/wp-content\/gallery\/feria-ciencias-2016\/DSC01828JPG.png\"\n\t\t\tdata-thumbnail=\"https:\/\/www.colegionahuelcura.cl\/wp-content\/gallery\/feria-ciencias-2016\/thumbs\/thumbs_DSC01828JPG.png\"\n\t\t\tdata-image-id=\"369\"\n\t\t\tdata-title=\"DSC01828JPG\"\n\t\t\tdata-description=\"\"\n\t\t\tclass=\"ngg-fancybox\" rel=\"b2d8b3fd001a598d06e59fde57b7909c\">\n\n\t\t\t<img data-image-id='369'\n\t\t\t\ttitle=\"\"\n\t\t\t\talt=\"DSC01828JPG\"\n\t\t\t\tsrc=\"https:\/\/www.colegionahuelcura.cl\/wp-content\/gallery\/feria-ciencias-2016\/DSC01828JPG.png\"\n\t\t\t\tstyle=\"max-height: 380px;\"\/>\n\t\t<\/a>\n\n\t\t\n\t\t<a href=\"https:\/\/www.colegionahuelcura.cl\/wp-content\/gallery\/feria-ciencias-2016\/DSC01830JPG.png\"\n\t\t\ttitle=\"\"\n\t\t\tdata-src=\"https:\/\/www.colegionahuelcura.cl\/wp-content\/gallery\/feria-ciencias-2016\/DSC01830JPG.png\"\n\t\t\tdata-thumbnail=\"https:\/\/www.colegionahuelcura.cl\/wp-content\/gallery\/feria-ciencias-2016\/thumbs\/thumbs_DSC01830JPG.png\"\n\t\t\tdata-image-id=\"370\"\n\t\t\tdata-title=\"DSC01830JPG\"\n\t\t\tdata-description=\"\"\n\t\t\tclass=\"ngg-fancybox\" rel=\"b2d8b3fd001a598d06e59fde57b7909c\">\n\n\t\t\t<img data-image-id='370'\n\t\t\t\ttitle=\"\"\n\t\t\t\talt=\"DSC01830JPG\"\n\t\t\t\tsrc=\"https:\/\/www.colegionahuelcura.cl\/wp-content\/gallery\/feria-ciencias-2016\/DSC01830JPG.png\"\n\t\t\t\tstyle=\"max-height: 380px;\"\/>\n\t\t<\/a>\n\n\t\t\n\t\t<a href=\"https:\/\/www.colegionahuelcura.cl\/wp-content\/gallery\/feria-ciencias-2016\/DSC01831JPG.png\"\n\t\t\ttitle=\"\"\n\t\t\tdata-src=\"https:\/\/www.colegionahuelcura.cl\/wp-content\/gallery\/feria-ciencias-2016\/DSC01831JPG.png\"\n\t\t\tdata-thumbnail=\"https:\/\/www.colegionahuelcura.cl\/wp-content\/gallery\/feria-ciencias-2016\/thumbs\/thumbs_DSC01831JPG.png\"\n\t\t\tdata-image-id=\"371\"\n\t\t\tdata-title=\"DSC01831JPG\"\n\t\t\tdata-description=\"\"\n\t\t\tclass=\"ngg-fancybox\" rel=\"b2d8b3fd001a598d06e59fde57b7909c\">\n\n\t\t\t<img data-image-id='371'\n\t\t\t\ttitle=\"\"\n\t\t\t\talt=\"DSC01831JPG\"\n\t\t\t\tsrc=\"https:\/\/www.colegionahuelcura.cl\/wp-content\/gallery\/feria-ciencias-2016\/DSC01831JPG.png\"\n\t\t\t\tstyle=\"max-height: 380px;\"\/>\n\t\t<\/a>\n\n\t\t\n\t\t<a href=\"https:\/\/www.colegionahuelcura.cl\/wp-content\/gallery\/feria-ciencias-2016\/DSC01832JPG.png\"\n\t\t\ttitle=\"\"\n\t\t\tdata-src=\"https:\/\/www.colegionahuelcura.cl\/wp-content\/gallery\/feria-ciencias-2016\/DSC01832JPG.png\"\n\t\t\tdata-thumbnail=\"https:\/\/www.colegionahuelcura.cl\/wp-content\/gallery\/feria-ciencias-2016\/thumbs\/thumbs_DSC01832JPG.png\"\n\t\t\tdata-image-id=\"372\"\n\t\t\tdata-title=\"DSC01832JPG\"\n\t\t\tdata-description=\"\"\n\t\t\tclass=\"ngg-fancybox\" rel=\"b2d8b3fd001a598d06e59fde57b7909c\">\n\n\t\t\t<img data-image-id='372'\n\t\t\t\ttitle=\"\"\n\t\t\t\talt=\"DSC01832JPG\"\n\t\t\t\tsrc=\"https:\/\/www.colegionahuelcura.cl\/wp-content\/gallery\/feria-ciencias-2016\/DSC01832JPG.png\"\n\t\t\t\tstyle=\"max-height: 380px;\"\/>\n\t\t<\/a>\n\n\t\t\n\t\t<a href=\"https:\/\/www.colegionahuelcura.cl\/wp-content\/gallery\/feria-ciencias-2016\/DSC01834JPG.png\"\n\t\t\ttitle=\"\"\n\t\t\tdata-src=\"https:\/\/www.colegionahuelcura.cl\/wp-content\/gallery\/feria-ciencias-2016\/DSC01834JPG.png\"\n\t\t\tdata-thumbnail=\"https:\/\/www.colegionahuelcura.cl\/wp-content\/gallery\/feria-ciencias-2016\/thumbs\/thumbs_DSC01834JPG.png\"\n\t\t\tdata-image-id=\"373\"\n\t\t\tdata-title=\"DSC01834JPG\"\n\t\t\tdata-description=\"\"\n\t\t\tclass=\"ngg-fancybox\" rel=\"b2d8b3fd001a598d06e59fde57b7909c\">\n\n\t\t\t<img data-image-id='373'\n\t\t\t\ttitle=\"\"\n\t\t\t\talt=\"DSC01834JPG\"\n\t\t\t\tsrc=\"https:\/\/www.colegionahuelcura.cl\/wp-content\/gallery\/feria-ciencias-2016\/DSC01834JPG.png\"\n\t\t\t\tstyle=\"max-height: 380px;\"\/>\n\t\t<\/a>\n\n\t\t\n\t\t<a href=\"https:\/\/www.colegionahuelcura.cl\/wp-content\/gallery\/feria-ciencias-2016\/DSC01835JPG.png\"\n\t\t\ttitle=\"\"\n\t\t\tdata-src=\"https:\/\/www.colegionahuelcura.cl\/wp-content\/gallery\/feria-ciencias-2016\/DSC01835JPG.png\"\n\t\t\tdata-thumbnail=\"https:\/\/www.colegionahuelcura.cl\/wp-content\/gallery\/feria-ciencias-2016\/thumbs\/thumbs_DSC01835JPG.png\"\n\t\t\tdata-image-id=\"374\"\n\t\t\tdata-title=\"DSC01835JPG\"\n\t\t\tdata-description=\"\"\n\t\t\tclass=\"ngg-fancybox\" rel=\"b2d8b3fd001a598d06e59fde57b7909c\">\n\n\t\t\t<img data-image-id='374'\n\t\t\t\ttitle=\"\"\n\t\t\t\talt=\"DSC01835JPG\"\n\t\t\t\tsrc=\"https:\/\/www.colegionahuelcura.cl\/wp-content\/gallery\/feria-ciencias-2016\/DSC01835JPG.png\"\n\t\t\t\tstyle=\"max-height: 380px;\"\/>\n\t\t<\/a>\n\n\t\t\n\t\t<a href=\"https:\/\/www.colegionahuelcura.cl\/wp-content\/gallery\/feria-ciencias-2016\/DSC01836JPG.png\"\n\t\t\ttitle=\"\"\n\t\t\tdata-src=\"https:\/\/www.colegionahuelcura.cl\/wp-content\/gallery\/feria-ciencias-2016\/DSC01836JPG.png\"\n\t\t\tdata-thumbnail=\"https:\/\/www.colegionahuelcura.cl\/wp-content\/gallery\/feria-ciencias-2016\/thumbs\/thumbs_DSC01836JPG.png\"\n\t\t\tdata-image-id=\"375\"\n\t\t\tdata-title=\"DSC01836JPG\"\n\t\t\tdata-description=\"\"\n\t\t\tclass=\"ngg-fancybox\" rel=\"b2d8b3fd001a598d06e59fde57b7909c\">\n\n\t\t\t<img data-image-id='375'\n\t\t\t\ttitle=\"\"\n\t\t\t\talt=\"DSC01836JPG\"\n\t\t\t\tsrc=\"https:\/\/www.colegionahuelcura.cl\/wp-content\/gallery\/feria-ciencias-2016\/DSC01836JPG.png\"\n\t\t\t\tstyle=\"max-height: 380px;\"\/>\n\t\t<\/a>\n\n\t\t\n\t\t<a href=\"https:\/\/www.colegionahuelcura.cl\/wp-content\/gallery\/feria-ciencias-2016\/DSC01837JPG.png\"\n\t\t\ttitle=\"\"\n\t\t\tdata-src=\"https:\/\/www.colegionahuelcura.cl\/wp-content\/gallery\/feria-ciencias-2016\/DSC01837JPG.png\"\n\t\t\tdata-thumbnail=\"https:\/\/www.colegionahuelcura.cl\/wp-content\/gallery\/feria-ciencias-2016\/thumbs\/thumbs_DSC01837JPG.png\"\n\t\t\tdata-image-id=\"376\"\n\t\t\tdata-title=\"DSC01837JPG\"\n\t\t\tdata-description=\"\"\n\t\t\tclass=\"ngg-fancybox\" rel=\"b2d8b3fd001a598d06e59fde57b7909c\">\n\n\t\t\t<img data-image-id='376'\n\t\t\t\ttitle=\"\"\n\t\t\t\talt=\"DSC01837JPG\"\n\t\t\t\tsrc=\"https:\/\/www.colegionahuelcura.cl\/wp-content\/gallery\/feria-ciencias-2016\/DSC01837JPG.png\"\n\t\t\t\tstyle=\"max-height: 380px;\"\/>\n\t\t<\/a>\n\n\t\t\n\t\t<a href=\"https:\/\/www.colegionahuelcura.cl\/wp-content\/gallery\/feria-ciencias-2016\/DSC01839JPG.png\"\n\t\t\ttitle=\"\"\n\t\t\tdata-src=\"https:\/\/www.colegionahuelcura.cl\/wp-content\/gallery\/feria-ciencias-2016\/DSC01839JPG.png\"\n\t\t\tdata-thumbnail=\"https:\/\/www.colegionahuelcura.cl\/wp-content\/gallery\/feria-ciencias-2016\/thumbs\/thumbs_DSC01839JPG.png\"\n\t\t\tdata-image-id=\"377\"\n\t\t\tdata-title=\"DSC01839JPG\"\n\t\t\tdata-description=\"\"\n\t\t\tclass=\"ngg-fancybox\" rel=\"b2d8b3fd001a598d06e59fde57b7909c\">\n\n\t\t\t<img data-image-id='377'\n\t\t\t\ttitle=\"\"\n\t\t\t\talt=\"DSC01839JPG\"\n\t\t\t\tsrc=\"https:\/\/www.colegionahuelcura.cl\/wp-content\/gallery\/feria-ciencias-2016\/DSC01839JPG.png\"\n\t\t\t\tstyle=\"max-height: 380px;\"\/>\n\t\t<\/a>\n\n\t\t\n\t\t<a href=\"https:\/\/www.colegionahuelcura.cl\/wp-content\/gallery\/feria-ciencias-2016\/DSC01840JPG.png\"\n\t\t\ttitle=\"\"\n\t\t\tdata-src=\"https:\/\/www.colegionahuelcura.cl\/wp-content\/gallery\/feria-ciencias-2016\/DSC01840JPG.png\"\n\t\t\tdata-thumbnail=\"https:\/\/www.colegionahuelcura.cl\/wp-content\/gallery\/feria-ciencias-2016\/thumbs\/thumbs_DSC01840JPG.png\"\n\t\t\tdata-image-id=\"378\"\n\t\t\tdata-title=\"DSC01840JPG\"\n\t\t\tdata-description=\"\"\n\t\t\tclass=\"ngg-fancybox\" rel=\"b2d8b3fd001a598d06e59fde57b7909c\">\n\n\t\t\t<img data-image-id='378'\n\t\t\t\ttitle=\"\"\n\t\t\t\talt=\"DSC01840JPG\"\n\t\t\t\tsrc=\"https:\/\/www.colegionahuelcura.cl\/wp-content\/gallery\/feria-ciencias-2016\/DSC01840JPG.png\"\n\t\t\t\tstyle=\"max-height: 380px;\"\/>\n\t\t<\/a>\n\n\t\t\n\t\t<a href=\"https:\/\/www.colegionahuelcura.cl\/wp-content\/gallery\/feria-ciencias-2016\/DSC01841JPG.png\"\n\t\t\ttitle=\"\"\n\t\t\tdata-src=\"https:\/\/www.colegionahuelcura.cl\/wp-content\/gallery\/feria-ciencias-2016\/DSC01841JPG.png\"\n\t\t\tdata-thumbnail=\"https:\/\/www.colegionahuelcura.cl\/wp-content\/gallery\/feria-ciencias-2016\/thumbs\/thumbs_DSC01841JPG.png\"\n\t\t\tdata-image-id=\"379\"\n\t\t\tdata-title=\"DSC01841JPG\"\n\t\t\tdata-description=\"\"\n\t\t\tclass=\"ngg-fancybox\" rel=\"b2d8b3fd001a598d06e59fde57b7909c\">\n\n\t\t\t<img data-image-id='379'\n\t\t\t\ttitle=\"\"\n\t\t\t\talt=\"DSC01841JPG\"\n\t\t\t\tsrc=\"https:\/\/www.colegionahuelcura.cl\/wp-content\/gallery\/feria-ciencias-2016\/DSC01841JPG.png\"\n\t\t\t\tstyle=\"max-height: 380px;\"\/>\n\t\t<\/a>\n\n\t\t\n\t\t<a href=\"https:\/\/www.colegionahuelcura.cl\/wp-content\/gallery\/feria-ciencias-2016\/DSC01842JPG.png\"\n\t\t\ttitle=\"\"\n\t\t\tdata-src=\"https:\/\/www.colegionahuelcura.cl\/wp-content\/gallery\/feria-ciencias-2016\/DSC01842JPG.png\"\n\t\t\tdata-thumbnail=\"https:\/\/www.colegionahuelcura.cl\/wp-content\/gallery\/feria-ciencias-2016\/thumbs\/thumbs_DSC01842JPG.png\"\n\t\t\tdata-image-id=\"380\"\n\t\t\tdata-title=\"DSC01842JPG\"\n\t\t\tdata-description=\"\"\n\t\t\tclass=\"ngg-fancybox\" rel=\"b2d8b3fd001a598d06e59fde57b7909c\">\n\n\t\t\t<img data-image-id='380'\n\t\t\t\ttitle=\"\"\n\t\t\t\talt=\"DSC01842JPG\"\n\t\t\t\tsrc=\"https:\/\/www.colegionahuelcura.cl\/wp-content\/gallery\/feria-ciencias-2016\/DSC01842JPG.png\"\n\t\t\t\tstyle=\"max-height: 380px;\"\/>\n\t\t<\/a>\n\n\t\t\n\t\t<a href=\"https:\/\/www.colegionahuelcura.cl\/wp-content\/gallery\/feria-ciencias-2016\/DSC01843JPG.png\"\n\t\t\ttitle=\"\"\n\t\t\tdata-src=\"https:\/\/www.colegionahuelcura.cl\/wp-content\/gallery\/feria-ciencias-2016\/DSC01843JPG.png\"\n\t\t\tdata-thumbnail=\"https:\/\/www.colegionahuelcura.cl\/wp-content\/gallery\/feria-ciencias-2016\/thumbs\/thumbs_DSC01843JPG.png\"\n\t\t\tdata-image-id=\"381\"\n\t\t\tdata-title=\"DSC01843JPG\"\n\t\t\tdata-description=\"\"\n\t\t\tclass=\"ngg-fancybox\" rel=\"b2d8b3fd001a598d06e59fde57b7909c\">\n\n\t\t\t<img data-image-id='381'\n\t\t\t\ttitle=\"\"\n\t\t\t\talt=\"DSC01843JPG\"\n\t\t\t\tsrc=\"https:\/\/www.colegionahuelcura.cl\/wp-content\/gallery\/feria-ciencias-2016\/DSC01843JPG.png\"\n\t\t\t\tstyle=\"max-height: 380px;\"\/>\n\t\t<\/a>\n\n\t\t\n\t\t<a href=\"https:\/\/www.colegionahuelcura.cl\/wp-content\/gallery\/feria-ciencias-2016\/DSC01844JPG.png\"\n\t\t\ttitle=\"\"\n\t\t\tdata-src=\"https:\/\/www.colegionahuelcura.cl\/wp-content\/gallery\/feria-ciencias-2016\/DSC01844JPG.png\"\n\t\t\tdata-thumbnail=\"https:\/\/www.colegionahuelcura.cl\/wp-content\/gallery\/feria-ciencias-2016\/thumbs\/thumbs_DSC01844JPG.png\"\n\t\t\tdata-image-id=\"382\"\n\t\t\tdata-title=\"DSC01844JPG\"\n\t\t\tdata-description=\"\"\n\t\t\tclass=\"ngg-fancybox\" rel=\"b2d8b3fd001a598d06e59fde57b7909c\">\n\n\t\t\t<img data-image-id='382'\n\t\t\t\ttitle=\"\"\n\t\t\t\talt=\"DSC01844JPG\"\n\t\t\t\tsrc=\"https:\/\/www.colegionahuelcura.cl\/wp-content\/gallery\/feria-ciencias-2016\/DSC01844JPG.png\"\n\t\t\t\tstyle=\"max-height: 380px;\"\/>\n\t\t<\/a>\n\n\t\t\n\t\t<a href=\"https:\/\/www.colegionahuelcura.cl\/wp-content\/gallery\/feria-ciencias-2016\/DSC01845JPG.png\"\n\t\t\ttitle=\"\"\n\t\t\tdata-src=\"https:\/\/www.colegionahuelcura.cl\/wp-content\/gallery\/feria-ciencias-2016\/DSC01845JPG.png\"\n\t\t\tdata-thumbnail=\"https:\/\/www.colegionahuelcura.cl\/wp-content\/gallery\/feria-ciencias-2016\/thumbs\/thumbs_DSC01845JPG.png\"\n\t\t\tdata-image-id=\"383\"\n\t\t\tdata-title=\"DSC01845JPG\"\n\t\t\tdata-description=\"\"\n\t\t\tclass=\"ngg-fancybox\" rel=\"b2d8b3fd001a598d06e59fde57b7909c\">\n\n\t\t\t<img data-image-id='383'\n\t\t\t\ttitle=\"\"\n\t\t\t\talt=\"DSC01845JPG\"\n\t\t\t\tsrc=\"https:\/\/www.colegionahuelcura.cl\/wp-content\/gallery\/feria-ciencias-2016\/DSC01845JPG.png\"\n\t\t\t\tstyle=\"max-height: 380px;\"\/>\n\t\t<\/a>\n\n\t\t\n\t\t<a href=\"https:\/\/www.colegionahuelcura.cl\/wp-content\/gallery\/feria-ciencias-2016\/DSC01846JPG.png\"\n\t\t\ttitle=\"\"\n\t\t\tdata-src=\"https:\/\/www.colegionahuelcura.cl\/wp-content\/gallery\/feria-ciencias-2016\/DSC01846JPG.png\"\n\t\t\tdata-thumbnail=\"https:\/\/www.colegionahuelcura.cl\/wp-content\/gallery\/feria-ciencias-2016\/thumbs\/thumbs_DSC01846JPG.png\"\n\t\t\tdata-image-id=\"384\"\n\t\t\tdata-title=\"DSC01846JPG\"\n\t\t\tdata-description=\"\"\n\t\t\tclass=\"ngg-fancybox\" rel=\"b2d8b3fd001a598d06e59fde57b7909c\">\n\n\t\t\t<img data-image-id='384'\n\t\t\t\ttitle=\"\"\n\t\t\t\talt=\"DSC01846JPG\"\n\t\t\t\tsrc=\"https:\/\/www.colegionahuelcura.cl\/wp-content\/gallery\/feria-ciencias-2016\/DSC01846JPG.png\"\n\t\t\t\tstyle=\"max-height: 380px;\"\/>\n\t\t<\/a>\n\n\t\t\n\t\t<a href=\"https:\/\/www.colegionahuelcura.cl\/wp-content\/gallery\/feria-ciencias-2016\/DSC01847JPG.png\"\n\t\t\ttitle=\"\"\n\t\t\tdata-src=\"https:\/\/www.colegionahuelcura.cl\/wp-content\/gallery\/feria-ciencias-2016\/DSC01847JPG.png\"\n\t\t\tdata-thumbnail=\"https:\/\/www.colegionahuelcura.cl\/wp-content\/gallery\/feria-ciencias-2016\/thumbs\/thumbs_DSC01847JPG.png\"\n\t\t\tdata-image-id=\"385\"\n\t\t\tdata-title=\"DSC01847JPG\"\n\t\t\tdata-description=\"\"\n\t\t\tclass=\"ngg-fancybox\" rel=\"b2d8b3fd001a598d06e59fde57b7909c\">\n\n\t\t\t<img data-image-id='385'\n\t\t\t\ttitle=\"\"\n\t\t\t\talt=\"DSC01847JPG\"\n\t\t\t\tsrc=\"https:\/\/www.colegionahuelcura.cl\/wp-content\/gallery\/feria-ciencias-2016\/DSC01847JPG.png\"\n\t\t\t\tstyle=\"max-height: 380px;\"\/>\n\t\t<\/a>\n\n\t\t\n\t\t<a href=\"https:\/\/www.colegionahuelcura.cl\/wp-content\/gallery\/feria-ciencias-2016\/DSC01848JPG.png\"\n\t\t\ttitle=\"\"\n\t\t\tdata-src=\"https:\/\/www.colegionahuelcura.cl\/wp-content\/gallery\/feria-ciencias-2016\/DSC01848JPG.png\"\n\t\t\tdata-thumbnail=\"https:\/\/www.colegionahuelcura.cl\/wp-content\/gallery\/feria-ciencias-2016\/thumbs\/thumbs_DSC01848JPG.png\"\n\t\t\tdata-image-id=\"386\"\n\t\t\tdata-title=\"DSC01848JPG\"\n\t\t\tdata-description=\"\"\n\t\t\tclass=\"ngg-fancybox\" rel=\"b2d8b3fd001a598d06e59fde57b7909c\">\n\n\t\t\t<img data-image-id='386'\n\t\t\t\ttitle=\"\"\n\t\t\t\talt=\"DSC01848JPG\"\n\t\t\t\tsrc=\"https:\/\/www.colegionahuelcura.cl\/wp-content\/gallery\/feria-ciencias-2016\/DSC01848JPG.png\"\n\t\t\t\tstyle=\"max-height: 380px;\"\/>\n\t\t<\/a>\n\n\t\t\n\t\t<a href=\"https:\/\/www.colegionahuelcura.cl\/wp-content\/gallery\/feria-ciencias-2016\/DSC01849JPG.png\"\n\t\t\ttitle=\"\"\n\t\t\tdata-src=\"https:\/\/www.colegionahuelcura.cl\/wp-content\/gallery\/feria-ciencias-2016\/DSC01849JPG.png\"\n\t\t\tdata-thumbnail=\"https:\/\/www.colegionahuelcura.cl\/wp-content\/gallery\/feria-ciencias-2016\/thumbs\/thumbs_DSC01849JPG.png\"\n\t\t\tdata-image-id=\"387\"\n\t\t\tdata-title=\"DSC01849JPG\"\n\t\t\tdata-description=\"\"\n\t\t\tclass=\"ngg-fancybox\" rel=\"b2d8b3fd001a598d06e59fde57b7909c\">\n\n\t\t\t<img data-image-id='387'\n\t\t\t\ttitle=\"\"\n\t\t\t\talt=\"DSC01849JPG\"\n\t\t\t\tsrc=\"https:\/\/www.colegionahuelcura.cl\/wp-content\/gallery\/feria-ciencias-2016\/DSC01849JPG.png\"\n\t\t\t\tstyle=\"max-height: 380px;\"\/>\n\t\t<\/a>\n\n\t\t\n\t\t<a href=\"https:\/\/www.colegionahuelcura.cl\/wp-content\/gallery\/feria-ciencias-2016\/DSC01850JPG.png\"\n\t\t\ttitle=\"\"\n\t\t\tdata-src=\"https:\/\/www.colegionahuelcura.cl\/wp-content\/gallery\/feria-ciencias-2016\/DSC01850JPG.png\"\n\t\t\tdata-thumbnail=\"https:\/\/www.colegionahuelcura.cl\/wp-content\/gallery\/feria-ciencias-2016\/thumbs\/thumbs_DSC01850JPG.png\"\n\t\t\tdata-image-id=\"388\"\n\t\t\tdata-title=\"DSC01850JPG\"\n\t\t\tdata-description=\"\"\n\t\t\tclass=\"ngg-fancybox\" rel=\"b2d8b3fd001a598d06e59fde57b7909c\">\n\n\t\t\t<img data-image-id='388'\n\t\t\t\ttitle=\"\"\n\t\t\t\talt=\"DSC01850JPG\"\n\t\t\t\tsrc=\"https:\/\/www.colegionahuelcura.cl\/wp-content\/gallery\/feria-ciencias-2016\/DSC01850JPG.png\"\n\t\t\t\tstyle=\"max-height: 380px;\"\/>\n\t\t<\/a>\n\n\t\t\n\t\t<a href=\"https:\/\/www.colegionahuelcura.cl\/wp-content\/gallery\/feria-ciencias-2016\/DSC01851JPG.png\"\n\t\t\ttitle=\"\"\n\t\t\tdata-src=\"https:\/\/www.colegionahuelcura.cl\/wp-content\/gallery\/feria-ciencias-2016\/DSC01851JPG.png\"\n\t\t\tdata-thumbnail=\"https:\/\/www.colegionahuelcura.cl\/wp-content\/gallery\/feria-ciencias-2016\/thumbs\/thumbs_DSC01851JPG.png\"\n\t\t\tdata-image-id=\"389\"\n\t\t\tdata-title=\"DSC01851JPG\"\n\t\t\tdata-description=\"\"\n\t\t\tclass=\"ngg-fancybox\" rel=\"b2d8b3fd001a598d06e59fde57b7909c\">\n\n\t\t\t<img data-image-id='389'\n\t\t\t\ttitle=\"\"\n\t\t\t\talt=\"DSC01851JPG\"\n\t\t\t\tsrc=\"https:\/\/www.colegionahuelcura.cl\/wp-content\/gallery\/feria-ciencias-2016\/DSC01851JPG.png\"\n\t\t\t\tstyle=\"max-height: 380px;\"\/>\n\t\t<\/a>\n\n\t\t\n\t\t<a href=\"https:\/\/www.colegionahuelcura.cl\/wp-content\/gallery\/feria-ciencias-2016\/DSC01853JPG.png\"\n\t\t\ttitle=\"\"\n\t\t\tdata-src=\"https:\/\/www.colegionahuelcura.cl\/wp-content\/gallery\/feria-ciencias-2016\/DSC01853JPG.png\"\n\t\t\tdata-thumbnail=\"https:\/\/www.colegionahuelcura.cl\/wp-content\/gallery\/feria-ciencias-2016\/thumbs\/thumbs_DSC01853JPG.png\"\n\t\t\tdata-image-id=\"390\"\n\t\t\tdata-title=\"DSC01853JPG\"\n\t\t\tdata-description=\"\"\n\t\t\tclass=\"ngg-fancybox\" rel=\"b2d8b3fd001a598d06e59fde57b7909c\">\n\n\t\t\t<img data-image-id='390'\n\t\t\t\ttitle=\"\"\n\t\t\t\talt=\"DSC01853JPG\"\n\t\t\t\tsrc=\"https:\/\/www.colegionahuelcura.cl\/wp-content\/gallery\/feria-ciencias-2016\/DSC01853JPG.png\"\n\t\t\t\tstyle=\"max-height: 380px;\"\/>\n\t\t<\/a>\n\n\t\t\n\t\t<a href=\"https:\/\/www.colegionahuelcura.cl\/wp-content\/gallery\/feria-ciencias-2016\/DSC01854JPG.png\"\n\t\t\ttitle=\"\"\n\t\t\tdata-src=\"https:\/\/www.colegionahuelcura.cl\/wp-content\/gallery\/feria-ciencias-2016\/DSC01854JPG.png\"\n\t\t\tdata-thumbnail=\"https:\/\/www.colegionahuelcura.cl\/wp-content\/gallery\/feria-ciencias-2016\/thumbs\/thumbs_DSC01854JPG.png\"\n\t\t\tdata-image-id=\"391\"\n\t\t\tdata-title=\"DSC01854JPG\"\n\t\t\tdata-description=\"\"\n\t\t\tclass=\"ngg-fancybox\" rel=\"b2d8b3fd001a598d06e59fde57b7909c\">\n\n\t\t\t<img data-image-id='391'\n\t\t\t\ttitle=\"\"\n\t\t\t\talt=\"DSC01854JPG\"\n\t\t\t\tsrc=\"https:\/\/www.colegionahuelcura.cl\/wp-content\/gallery\/feria-ciencias-2016\/DSC01854JPG.png\"\n\t\t\t\tstyle=\"max-height: 380px;\"\/>\n\t\t<\/a>\n\n\t\t\n\t\t<a href=\"https:\/\/www.colegionahuelcura.cl\/wp-content\/gallery\/feria-ciencias-2016\/DSC01855JPG.png\"\n\t\t\ttitle=\"\"\n\t\t\tdata-src=\"https:\/\/www.colegionahuelcura.cl\/wp-content\/gallery\/feria-ciencias-2016\/DSC01855JPG.png\"\n\t\t\tdata-thumbnail=\"https:\/\/www.colegionahuelcura.cl\/wp-content\/gallery\/feria-ciencias-2016\/thumbs\/thumbs_DSC01855JPG.png\"\n\t\t\tdata-image-id=\"392\"\n\t\t\tdata-title=\"DSC01855JPG\"\n\t\t\tdata-description=\"\"\n\t\t\tclass=\"ngg-fancybox\" rel=\"b2d8b3fd001a598d06e59fde57b7909c\">\n\n\t\t\t<img data-image-id='392'\n\t\t\t\ttitle=\"\"\n\t\t\t\talt=\"DSC01855JPG\"\n\t\t\t\tsrc=\"https:\/\/www.colegionahuelcura.cl\/wp-content\/gallery\/feria-ciencias-2016\/DSC01855JPG.png\"\n\t\t\t\tstyle=\"max-height: 380px;\"\/>\n\t\t<\/a>\n\n\t\t\n\t\t<a href=\"https:\/\/www.colegionahuelcura.cl\/wp-content\/gallery\/feria-ciencias-2016\/DSC01857JPG.png\"\n\t\t\ttitle=\"\"\n\t\t\tdata-src=\"https:\/\/www.colegionahuelcura.cl\/wp-content\/gallery\/feria-ciencias-2016\/DSC01857JPG.png\"\n\t\t\tdata-thumbnail=\"https:\/\/www.colegionahuelcura.cl\/wp-content\/gallery\/feria-ciencias-2016\/thumbs\/thumbs_DSC01857JPG.png\"\n\t\t\tdata-image-id=\"393\"\n\t\t\tdata-title=\"DSC01857JPG\"\n\t\t\tdata-description=\"\"\n\t\t\tclass=\"ngg-fancybox\" rel=\"b2d8b3fd001a598d06e59fde57b7909c\">\n\n\t\t\t<img data-image-id='393'\n\t\t\t\ttitle=\"\"\n\t\t\t\talt=\"DSC01857JPG\"\n\t\t\t\tsrc=\"https:\/\/www.colegionahuelcura.cl\/wp-content\/gallery\/feria-ciencias-2016\/DSC01857JPG.png\"\n\t\t\t\tstyle=\"max-height: 380px;\"\/>\n\t\t<\/a>\n\n\t\t\n\t\t<a href=\"https:\/\/www.colegionahuelcura.cl\/wp-content\/gallery\/feria-ciencias-2016\/DSC01858JPG.png\"\n\t\t\ttitle=\"\"\n\t\t\tdata-src=\"https:\/\/www.colegionahuelcura.cl\/wp-content\/gallery\/feria-ciencias-2016\/DSC01858JPG.png\"\n\t\t\tdata-thumbnail=\"https:\/\/www.colegionahuelcura.cl\/wp-content\/gallery\/feria-ciencias-2016\/thumbs\/thumbs_DSC01858JPG.png\"\n\t\t\tdata-image-id=\"394\"\n\t\t\tdata-title=\"DSC01858JPG\"\n\t\t\tdata-description=\"\"\n\t\t\tclass=\"ngg-fancybox\" rel=\"b2d8b3fd001a598d06e59fde57b7909c\">\n\n\t\t\t<img data-image-id='394'\n\t\t\t\ttitle=\"\"\n\t\t\t\talt=\"DSC01858JPG\"\n\t\t\t\tsrc=\"https:\/\/www.colegionahuelcura.cl\/wp-content\/gallery\/feria-ciencias-2016\/DSC01858JPG.png\"\n\t\t\t\tstyle=\"max-height: 380px;\"\/>\n\t\t<\/a>\n\n\t\t\n\t\t<a href=\"https:\/\/www.colegionahuelcura.cl\/wp-content\/gallery\/feria-ciencias-2016\/DSC01859JPG.png\"\n\t\t\ttitle=\"\"\n\t\t\tdata-src=\"https:\/\/www.colegionahuelcura.cl\/wp-content\/gallery\/feria-ciencias-2016\/DSC01859JPG.png\"\n\t\t\tdata-thumbnail=\"https:\/\/www.colegionahuelcura.cl\/wp-content\/gallery\/feria-ciencias-2016\/thumbs\/thumbs_DSC01859JPG.png\"\n\t\t\tdata-image-id=\"395\"\n\t\t\tdata-title=\"DSC01859JPG\"\n\t\t\tdata-description=\"\"\n\t\t\tclass=\"ngg-fancybox\" rel=\"b2d8b3fd001a598d06e59fde57b7909c\">\n\n\t\t\t<img data-image-id='395'\n\t\t\t\ttitle=\"\"\n\t\t\t\talt=\"DSC01859JPG\"\n\t\t\t\tsrc=\"https:\/\/www.colegionahuelcura.cl\/wp-content\/gallery\/feria-ciencias-2016\/DSC01859JPG.png\"\n\t\t\t\tstyle=\"max-height: 380px;\"\/>\n\t\t<\/a>\n\n\t\t\n\t\t<a href=\"https:\/\/www.colegionahuelcura.cl\/wp-content\/gallery\/feria-ciencias-2016\/DSC01860JPG.png\"\n\t\t\ttitle=\"\"\n\t\t\tdata-src=\"https:\/\/www.colegionahuelcura.cl\/wp-content\/gallery\/feria-ciencias-2016\/DSC01860JPG.png\"\n\t\t\tdata-thumbnail=\"https:\/\/www.colegionahuelcura.cl\/wp-content\/gallery\/feria-ciencias-2016\/thumbs\/thumbs_DSC01860JPG.png\"\n\t\t\tdata-image-id=\"396\"\n\t\t\tdata-title=\"DSC01860JPG\"\n\t\t\tdata-description=\"\"\n\t\t\tclass=\"ngg-fancybox\" rel=\"b2d8b3fd001a598d06e59fde57b7909c\">\n\n\t\t\t<img data-image-id='396'\n\t\t\t\ttitle=\"\"\n\t\t\t\talt=\"DSC01860JPG\"\n\t\t\t\tsrc=\"https:\/\/www.colegionahuelcura.cl\/wp-content\/gallery\/feria-ciencias-2016\/DSC01860JPG.png\"\n\t\t\t\tstyle=\"max-height: 380px;\"\/>\n\t\t<\/a>\n\n\t\t\n\t\t<a href=\"https:\/\/www.colegionahuelcura.cl\/wp-content\/gallery\/feria-ciencias-2016\/DSC01861JPG.png\"\n\t\t\ttitle=\"\"\n\t\t\tdata-src=\"https:\/\/www.colegionahuelcura.cl\/wp-content\/gallery\/feria-ciencias-2016\/DSC01861JPG.png\"\n\t\t\tdata-thumbnail=\"https:\/\/www.colegionahuelcura.cl\/wp-content\/gallery\/feria-ciencias-2016\/thumbs\/thumbs_DSC01861JPG.png\"\n\t\t\tdata-image-id=\"397\"\n\t\t\tdata-title=\"DSC01861JPG\"\n\t\t\tdata-description=\"\"\n\t\t\tclass=\"ngg-fancybox\" rel=\"b2d8b3fd001a598d06e59fde57b7909c\">\n\n\t\t\t<img data-image-id='397'\n\t\t\t\ttitle=\"\"\n\t\t\t\talt=\"DSC01861JPG\"\n\t\t\t\tsrc=\"https:\/\/www.colegionahuelcura.cl\/wp-content\/gallery\/feria-ciencias-2016\/DSC01861JPG.png\"\n\t\t\t\tstyle=\"max-height: 380px;\"\/>\n\t\t<\/a>\n\n\t\t\n\t\t<a href=\"https:\/\/www.colegionahuelcura.cl\/wp-content\/gallery\/feria-ciencias-2016\/DSC01862JPG.png\"\n\t\t\ttitle=\"\"\n\t\t\tdata-src=\"https:\/\/www.colegionahuelcura.cl\/wp-content\/gallery\/feria-ciencias-2016\/DSC01862JPG.png\"\n\t\t\tdata-thumbnail=\"https:\/\/www.colegionahuelcura.cl\/wp-content\/gallery\/feria-ciencias-2016\/thumbs\/thumbs_DSC01862JPG.png\"\n\t\t\tdata-image-id=\"398\"\n\t\t\tdata-title=\"DSC01862JPG\"\n\t\t\tdata-description=\"\"\n\t\t\tclass=\"ngg-fancybox\" rel=\"b2d8b3fd001a598d06e59fde57b7909c\">\n\n\t\t\t<img data-image-id='398'\n\t\t\t\ttitle=\"\"\n\t\t\t\talt=\"DSC01862JPG\"\n\t\t\t\tsrc=\"https:\/\/www.colegionahuelcura.cl\/wp-content\/gallery\/feria-ciencias-2016\/DSC01862JPG.png\"\n\t\t\t\tstyle=\"max-height: 380px;\"\/>\n\t\t<\/a>\n\n\t\t\n\t\t<a href=\"https:\/\/www.colegionahuelcura.cl\/wp-content\/gallery\/feria-ciencias-2016\/DSC01863JPG.png\"\n\t\t\ttitle=\"\"\n\t\t\tdata-src=\"https:\/\/www.colegionahuelcura.cl\/wp-content\/gallery\/feria-ciencias-2016\/DSC01863JPG.png\"\n\t\t\tdata-thumbnail=\"https:\/\/www.colegionahuelcura.cl\/wp-content\/gallery\/feria-ciencias-2016\/thumbs\/thumbs_DSC01863JPG.png\"\n\t\t\tdata-image-id=\"399\"\n\t\t\tdata-title=\"DSC01863JPG\"\n\t\t\tdata-description=\"\"\n\t\t\tclass=\"ngg-fancybox\" rel=\"b2d8b3fd001a598d06e59fde57b7909c\">\n\n\t\t\t<img data-image-id='399'\n\t\t\t\ttitle=\"\"\n\t\t\t\talt=\"DSC01863JPG\"\n\t\t\t\tsrc=\"https:\/\/www.colegionahuelcura.cl\/wp-content\/gallery\/feria-ciencias-2016\/DSC01863JPG.png\"\n\t\t\t\tstyle=\"max-height: 380px;\"\/>\n\t\t<\/a>\n\n\t\t\n\t\t<a href=\"https:\/\/www.colegionahuelcura.cl\/wp-content\/gallery\/feria-ciencias-2016\/DSC01864JPG.png\"\n\t\t\ttitle=\"\"\n\t\t\tdata-src=\"https:\/\/www.colegionahuelcura.cl\/wp-content\/gallery\/feria-ciencias-2016\/DSC01864JPG.png\"\n\t\t\tdata-thumbnail=\"https:\/\/www.colegionahuelcura.cl\/wp-content\/gallery\/feria-ciencias-2016\/thumbs\/thumbs_DSC01864JPG.png\"\n\t\t\tdata-image-id=\"400\"\n\t\t\tdata-title=\"DSC01864JPG\"\n\t\t\tdata-description=\"\"\n\t\t\tclass=\"ngg-fancybox\" rel=\"b2d8b3fd001a598d06e59fde57b7909c\">\n\n\t\t\t<img data-image-id='400'\n\t\t\t\ttitle=\"\"\n\t\t\t\talt=\"DSC01864JPG\"\n\t\t\t\tsrc=\"https:\/\/www.colegionahuelcura.cl\/wp-content\/gallery\/feria-ciencias-2016\/DSC01864JPG.png\"\n\t\t\t\tstyle=\"max-height: 380px;\"\/>\n\t\t<\/a>\n\n\t\t\n\t\t<a href=\"https:\/\/www.colegionahuelcura.cl\/wp-content\/gallery\/feria-ciencias-2016\/DSC01865JPG.png\"\n\t\t\ttitle=\"\"\n\t\t\tdata-src=\"https:\/\/www.colegionahuelcura.cl\/wp-content\/gallery\/feria-ciencias-2016\/DSC01865JPG.png\"\n\t\t\tdata-thumbnail=\"https:\/\/www.colegionahuelcura.cl\/wp-content\/gallery\/feria-ciencias-2016\/thumbs\/thumbs_DSC01865JPG.png\"\n\t\t\tdata-image-id=\"401\"\n\t\t\tdata-title=\"DSC01865JPG\"\n\t\t\tdata-description=\"\"\n\t\t\tclass=\"ngg-fancybox\" rel=\"b2d8b3fd001a598d06e59fde57b7909c\">\n\n\t\t\t<img data-image-id='401'\n\t\t\t\ttitle=\"\"\n\t\t\t\talt=\"DSC01865JPG\"\n\t\t\t\tsrc=\"https:\/\/www.colegionahuelcura.cl\/wp-content\/gallery\/feria-ciencias-2016\/DSC01865JPG.png\"\n\t\t\t\tstyle=\"max-height: 380px;\"\/>\n\t\t<\/a>\n\n\t\t\n\t\t<a href=\"https:\/\/www.colegionahuelcura.cl\/wp-content\/gallery\/feria-ciencias-2016\/DSC01867JPG.png\"\n\t\t\ttitle=\"\"\n\t\t\tdata-src=\"https:\/\/www.colegionahuelcura.cl\/wp-content\/gallery\/feria-ciencias-2016\/DSC01867JPG.png\"\n\t\t\tdata-thumbnail=\"https:\/\/www.colegionahuelcura.cl\/wp-content\/gallery\/feria-ciencias-2016\/thumbs\/thumbs_DSC01867JPG.png\"\n\t\t\tdata-image-id=\"402\"\n\t\t\tdata-title=\"DSC01867JPG\"\n\t\t\tdata-description=\"\"\n\t\t\tclass=\"ngg-fancybox\" rel=\"b2d8b3fd001a598d06e59fde57b7909c\">\n\n\t\t\t<img data-image-id='402'\n\t\t\t\ttitle=\"\"\n\t\t\t\talt=\"DSC01867JPG\"\n\t\t\t\tsrc=\"https:\/\/www.colegionahuelcura.cl\/wp-content\/gallery\/feria-ciencias-2016\/DSC01867JPG.png\"\n\t\t\t\tstyle=\"max-height: 380px;\"\/>\n\t\t<\/a>\n\n\t\t\n\t\t<a href=\"https:\/\/www.colegionahuelcura.cl\/wp-content\/gallery\/feria-ciencias-2016\/DSC01868JPG.png\"\n\t\t\ttitle=\"\"\n\t\t\tdata-src=\"https:\/\/www.colegionahuelcura.cl\/wp-content\/gallery\/feria-ciencias-2016\/DSC01868JPG.png\"\n\t\t\tdata-thumbnail=\"https:\/\/www.colegionahuelcura.cl\/wp-content\/gallery\/feria-ciencias-2016\/thumbs\/thumbs_DSC01868JPG.png\"\n\t\t\tdata-image-id=\"403\"\n\t\t\tdata-title=\"DSC01868JPG\"\n\t\t\tdata-description=\"\"\n\t\t\tclass=\"ngg-fancybox\" rel=\"b2d8b3fd001a598d06e59fde57b7909c\">\n\n\t\t\t<img data-image-id='403'\n\t\t\t\ttitle=\"\"\n\t\t\t\talt=\"DSC01868JPG\"\n\t\t\t\tsrc=\"https:\/\/www.colegionahuelcura.cl\/wp-content\/gallery\/feria-ciencias-2016\/DSC01868JPG.png\"\n\t\t\t\tstyle=\"max-height: 380px;\"\/>\n\t\t<\/a>\n\n\t\t\n\t\t<a href=\"https:\/\/www.colegionahuelcura.cl\/wp-content\/gallery\/feria-ciencias-2016\/DSC01869JPG.png\"\n\t\t\ttitle=\"\"\n\t\t\tdata-src=\"https:\/\/www.colegionahuelcura.cl\/wp-content\/gallery\/feria-ciencias-2016\/DSC01869JPG.png\"\n\t\t\tdata-thumbnail=\"https:\/\/www.colegionahuelcura.cl\/wp-content\/gallery\/feria-ciencias-2016\/thumbs\/thumbs_DSC01869JPG.png\"\n\t\t\tdata-image-id=\"404\"\n\t\t\tdata-title=\"DSC01869JPG\"\n\t\t\tdata-description=\"\"\n\t\t\tclass=\"ngg-fancybox\" rel=\"b2d8b3fd001a598d06e59fde57b7909c\">\n\n\t\t\t<img data-image-id='404'\n\t\t\t\ttitle=\"\"\n\t\t\t\talt=\"DSC01869JPG\"\n\t\t\t\tsrc=\"https:\/\/www.colegionahuelcura.cl\/wp-content\/gallery\/feria-ciencias-2016\/DSC01869JPG.png\"\n\t\t\t\tstyle=\"max-height: 380px;\"\/>\n\t\t<\/a>\n\n\t\t\n\t\t<a href=\"https:\/\/www.colegionahuelcura.cl\/wp-content\/gallery\/feria-ciencias-2016\/DSC01870JPG.png\"\n\t\t\ttitle=\"\"\n\t\t\tdata-src=\"https:\/\/www.colegionahuelcura.cl\/wp-content\/gallery\/feria-ciencias-2016\/DSC01870JPG.png\"\n\t\t\tdata-thumbnail=\"https:\/\/www.colegionahuelcura.cl\/wp-content\/gallery\/feria-ciencias-2016\/thumbs\/thumbs_DSC01870JPG.png\"\n\t\t\tdata-image-id=\"405\"\n\t\t\tdata-title=\"DSC01870JPG\"\n\t\t\tdata-description=\"\"\n\t\t\tclass=\"ngg-fancybox\" rel=\"b2d8b3fd001a598d06e59fde57b7909c\">\n\n\t\t\t<img data-image-id='405'\n\t\t\t\ttitle=\"\"\n\t\t\t\talt=\"DSC01870JPG\"\n\t\t\t\tsrc=\"https:\/\/www.colegionahuelcura.cl\/wp-content\/gallery\/feria-ciencias-2016\/DSC01870JPG.png\"\n\t\t\t\tstyle=\"max-height: 380px;\"\/>\n\t\t<\/a>\n\n\t\t\n\t\t<a href=\"https:\/\/www.colegionahuelcura.cl\/wp-content\/gallery\/feria-ciencias-2016\/DSC01871JPG.png\"\n\t\t\ttitle=\"\"\n\t\t\tdata-src=\"https:\/\/www.colegionahuelcura.cl\/wp-content\/gallery\/feria-ciencias-2016\/DSC01871JPG.png\"\n\t\t\tdata-thumbnail=\"https:\/\/www.colegionahuelcura.cl\/wp-content\/gallery\/feria-ciencias-2016\/thumbs\/thumbs_DSC01871JPG.png\"\n\t\t\tdata-image-id=\"406\"\n\t\t\tdata-title=\"DSC01871JPG\"\n\t\t\tdata-description=\"\"\n\t\t\tclass=\"ngg-fancybox\" rel=\"b2d8b3fd001a598d06e59fde57b7909c\">\n\n\t\t\t<img data-image-id='406'\n\t\t\t\ttitle=\"\"\n\t\t\t\talt=\"DSC01871JPG\"\n\t\t\t\tsrc=\"https:\/\/www.colegionahuelcura.cl\/wp-content\/gallery\/feria-ciencias-2016\/DSC01871JPG.png\"\n\t\t\t\tstyle=\"max-height: 380px;\"\/>\n\t\t<\/a>\n\n\t\t\n\t\t<a href=\"https:\/\/www.colegionahuelcura.cl\/wp-content\/gallery\/feria-ciencias-2016\/DSC01872JPG.png\"\n\t\t\ttitle=\"\"\n\t\t\tdata-src=\"https:\/\/www.colegionahuelcura.cl\/wp-content\/gallery\/feria-ciencias-2016\/DSC01872JPG.png\"\n\t\t\tdata-thumbnail=\"https:\/\/www.colegionahuelcura.cl\/wp-content\/gallery\/feria-ciencias-2016\/thumbs\/thumbs_DSC01872JPG.png\"\n\t\t\tdata-image-id=\"407\"\n\t\t\tdata-title=\"DSC01872JPG\"\n\t\t\tdata-description=\"\"\n\t\t\tclass=\"ngg-fancybox\" rel=\"b2d8b3fd001a598d06e59fde57b7909c\">\n\n\t\t\t<img data-image-id='407'\n\t\t\t\ttitle=\"\"\n\t\t\t\talt=\"DSC01872JPG\"\n\t\t\t\tsrc=\"https:\/\/www.colegionahuelcura.cl\/wp-content\/gallery\/feria-ciencias-2016\/DSC01872JPG.png\"\n\t\t\t\tstyle=\"max-height: 380px;\"\/>\n\t\t<\/a>\n\n\t\t\n\t\t<a href=\"https:\/\/www.colegionahuelcura.cl\/wp-content\/gallery\/feria-ciencias-2016\/DSC01873JPG.png\"\n\t\t\ttitle=\"\"\n\t\t\tdata-src=\"https:\/\/www.colegionahuelcura.cl\/wp-content\/gallery\/feria-ciencias-2016\/DSC01873JPG.png\"\n\t\t\tdata-thumbnail=\"https:\/\/www.colegionahuelcura.cl\/wp-content\/gallery\/feria-ciencias-2016\/thumbs\/thumbs_DSC01873JPG.png\"\n\t\t\tdata-image-id=\"408\"\n\t\t\tdata-title=\"DSC01873JPG\"\n\t\t\tdata-description=\"\"\n\t\t\tclass=\"ngg-fancybox\" rel=\"b2d8b3fd001a598d06e59fde57b7909c\">\n\n\t\t\t<img data-image-id='408'\n\t\t\t\ttitle=\"\"\n\t\t\t\talt=\"DSC01873JPG\"\n\t\t\t\tsrc=\"https:\/\/www.colegionahuelcura.cl\/wp-content\/gallery\/feria-ciencias-2016\/DSC01873JPG.png\"\n\t\t\t\tstyle=\"max-height: 380px;\"\/>\n\t\t<\/a>\n\n\t\t\n\t\t<a href=\"https:\/\/www.colegionahuelcura.cl\/wp-content\/gallery\/feria-ciencias-2016\/DSC01874JPG.png\"\n\t\t\ttitle=\"\"\n\t\t\tdata-src=\"https:\/\/www.colegionahuelcura.cl\/wp-content\/gallery\/feria-ciencias-2016\/DSC01874JPG.png\"\n\t\t\tdata-thumbnail=\"https:\/\/www.colegionahuelcura.cl\/wp-content\/gallery\/feria-ciencias-2016\/thumbs\/thumbs_DSC01874JPG.png\"\n\t\t\tdata-image-id=\"409\"\n\t\t\tdata-title=\"DSC01874JPG\"\n\t\t\tdata-description=\"\"\n\t\t\tclass=\"ngg-fancybox\" rel=\"b2d8b3fd001a598d06e59fde57b7909c\">\n\n\t\t\t<img data-image-id='409'\n\t\t\t\ttitle=\"\"\n\t\t\t\talt=\"DSC01874JPG\"\n\t\t\t\tsrc=\"https:\/\/www.colegionahuelcura.cl\/wp-content\/gallery\/feria-ciencias-2016\/DSC01874JPG.png\"\n\t\t\t\tstyle=\"max-height: 380px;\"\/>\n\t\t<\/a>\n\n\t\t\n\t\t<a href=\"https:\/\/www.colegionahuelcura.cl\/wp-content\/gallery\/feria-ciencias-2016\/DSC01876JPG.png\"\n\t\t\ttitle=\"\"\n\t\t\tdata-src=\"https:\/\/www.colegionahuelcura.cl\/wp-content\/gallery\/feria-ciencias-2016\/DSC01876JPG.png\"\n\t\t\tdata-thumbnail=\"https:\/\/www.colegionahuelcura.cl\/wp-content\/gallery\/feria-ciencias-2016\/thumbs\/thumbs_DSC01876JPG.png\"\n\t\t\tdata-image-id=\"410\"\n\t\t\tdata-title=\"DSC01876JPG\"\n\t\t\tdata-description=\"\"\n\t\t\tclass=\"ngg-fancybox\" rel=\"b2d8b3fd001a598d06e59fde57b7909c\">\n\n\t\t\t<img data-image-id='410'\n\t\t\t\ttitle=\"\"\n\t\t\t\talt=\"DSC01876JPG\"\n\t\t\t\tsrc=\"https:\/\/www.colegionahuelcura.cl\/wp-content\/gallery\/feria-ciencias-2016\/DSC01876JPG.png\"\n\t\t\t\tstyle=\"max-height: 380px;\"\/>\n\t\t<\/a>\n\n\t\t\n\t\t<a href=\"https:\/\/www.colegionahuelcura.cl\/wp-content\/gallery\/feria-ciencias-2016\/DSC01877JPG.png\"\n\t\t\ttitle=\"\"\n\t\t\tdata-src=\"https:\/\/www.colegionahuelcura.cl\/wp-content\/gallery\/feria-ciencias-2016\/DSC01877JPG.png\"\n\t\t\tdata-thumbnail=\"https:\/\/www.colegionahuelcura.cl\/wp-content\/gallery\/feria-ciencias-2016\/thumbs\/thumbs_DSC01877JPG.png\"\n\t\t\tdata-image-id=\"411\"\n\t\t\tdata-title=\"DSC01877JPG\"\n\t\t\tdata-description=\"\"\n\t\t\tclass=\"ngg-fancybox\" rel=\"b2d8b3fd001a598d06e59fde57b7909c\">\n\n\t\t\t<img data-image-id='411'\n\t\t\t\ttitle=\"\"\n\t\t\t\talt=\"DSC01877JPG\"\n\t\t\t\tsrc=\"https:\/\/www.colegionahuelcura.cl\/wp-content\/gallery\/feria-ciencias-2016\/DSC01877JPG.png\"\n\t\t\t\tstyle=\"max-height: 380px;\"\/>\n\t\t<\/a>\n\n\t\t\n\t\t<a href=\"https:\/\/www.colegionahuelcura.cl\/wp-content\/gallery\/feria-ciencias-2016\/DSC01878JPG.png\"\n\t\t\ttitle=\"\"\n\t\t\tdata-src=\"https:\/\/www.colegionahuelcura.cl\/wp-content\/gallery\/feria-ciencias-2016\/DSC01878JPG.png\"\n\t\t\tdata-thumbnail=\"https:\/\/www.colegionahuelcura.cl\/wp-content\/gallery\/feria-ciencias-2016\/thumbs\/thumbs_DSC01878JPG.png\"\n\t\t\tdata-image-id=\"412\"\n\t\t\tdata-title=\"DSC01878JPG\"\n\t\t\tdata-description=\"\"\n\t\t\tclass=\"ngg-fancybox\" rel=\"b2d8b3fd001a598d06e59fde57b7909c\">\n\n\t\t\t<img data-image-id='412'\n\t\t\t\ttitle=\"\"\n\t\t\t\talt=\"DSC01878JPG\"\n\t\t\t\tsrc=\"https:\/\/www.colegionahuelcura.cl\/wp-content\/gallery\/feria-ciencias-2016\/DSC01878JPG.png\"\n\t\t\t\tstyle=\"max-height: 380px;\"\/>\n\t\t<\/a>\n\n\t\t\n\t\t<a href=\"https:\/\/www.colegionahuelcura.cl\/wp-content\/gallery\/feria-ciencias-2016\/DSC01879JPG.png\"\n\t\t\ttitle=\"\"\n\t\t\tdata-src=\"https:\/\/www.colegionahuelcura.cl\/wp-content\/gallery\/feria-ciencias-2016\/DSC01879JPG.png\"\n\t\t\tdata-thumbnail=\"https:\/\/www.colegionahuelcura.cl\/wp-content\/gallery\/feria-ciencias-2016\/thumbs\/thumbs_DSC01879JPG.png\"\n\t\t\tdata-image-id=\"413\"\n\t\t\tdata-title=\"DSC01879JPG\"\n\t\t\tdata-description=\"\"\n\t\t\tclass=\"ngg-fancybox\" rel=\"b2d8b3fd001a598d06e59fde57b7909c\">\n\n\t\t\t<img data-image-id='413'\n\t\t\t\ttitle=\"\"\n\t\t\t\talt=\"DSC01879JPG\"\n\t\t\t\tsrc=\"https:\/\/www.colegionahuelcura.cl\/wp-content\/gallery\/feria-ciencias-2016\/DSC01879JPG.png\"\n\t\t\t\tstyle=\"max-height: 380px;\"\/>\n\t\t<\/a>\n\n\t\t\n\t\t<a href=\"https:\/\/www.colegionahuelcura.cl\/wp-content\/gallery\/feria-ciencias-2016\/DSC01880JPG.png\"\n\t\t\ttitle=\"\"\n\t\t\tdata-src=\"https:\/\/www.colegionahuelcura.cl\/wp-content\/gallery\/feria-ciencias-2016\/DSC01880JPG.png\"\n\t\t\tdata-thumbnail=\"https:\/\/www.colegionahuelcura.cl\/wp-content\/gallery\/feria-ciencias-2016\/thumbs\/thumbs_DSC01880JPG.png\"\n\t\t\tdata-image-id=\"414\"\n\t\t\tdata-title=\"DSC01880JPG\"\n\t\t\tdata-description=\"\"\n\t\t\tclass=\"ngg-fancybox\" rel=\"b2d8b3fd001a598d06e59fde57b7909c\">\n\n\t\t\t<img data-image-id='414'\n\t\t\t\ttitle=\"\"\n\t\t\t\talt=\"DSC01880JPG\"\n\t\t\t\tsrc=\"https:\/\/www.colegionahuelcura.cl\/wp-content\/gallery\/feria-ciencias-2016\/DSC01880JPG.png\"\n\t\t\t\tstyle=\"max-height: 380px;\"\/>\n\t\t<\/a>\n\n\t\t\n\t\t<a href=\"https:\/\/www.colegionahuelcura.cl\/wp-content\/gallery\/feria-ciencias-2016\/DSC01882JPG.png\"\n\t\t\ttitle=\"\"\n\t\t\tdata-src=\"https:\/\/www.colegionahuelcura.cl\/wp-content\/gallery\/feria-ciencias-2016\/DSC01882JPG.png\"\n\t\t\tdata-thumbnail=\"https:\/\/www.colegionahuelcura.cl\/wp-content\/gallery\/feria-ciencias-2016\/thumbs\/thumbs_DSC01882JPG.png\"\n\t\t\tdata-image-id=\"415\"\n\t\t\tdata-title=\"DSC01882JPG\"\n\t\t\tdata-description=\"\"\n\t\t\tclass=\"ngg-fancybox\" rel=\"b2d8b3fd001a598d06e59fde57b7909c\">\n\n\t\t\t<img data-image-id='415'\n\t\t\t\ttitle=\"\"\n\t\t\t\talt=\"DSC01882JPG\"\n\t\t\t\tsrc=\"https:\/\/www.colegionahuelcura.cl\/wp-content\/gallery\/feria-ciencias-2016\/DSC01882JPG.png\"\n\t\t\t\tstyle=\"max-height: 380px;\"\/>\n\t\t<\/a>\n\n\t\t<\/div>\n\n\n<\/p>\n<p style=\"text-align: justify;\"><img decoding=\"async\" loading=\"lazy\" class=\"aligncenter size-full wp-image-1938\" src=\"https:\/\/i0.wp.com\/www.nahuelcura.cl\/wp-content\/uploads\/2016\/08\/Einstein.png?resize=625%2C232\" alt=\"Einstein\" width=\"625\" height=\"232\" srcset=\"https:\/\/i0.wp.com\/www.colegionahuelcura.cl\/wp-content\/uploads\/2016\/08\/Einstein.png?w=625&amp;ssl=1 625w, https:\/\/i0.wp.com\/www.colegionahuelcura.cl\/wp-content\/uploads\/2016\/08\/Einstein.png?resize=300%2C111&amp;ssl=1 300w\" sizes=\"(max-width: 625px) 100vw, 625px\" data-recalc-dims=\"1\" \/><\/p>\n","protected":false},"excerpt":{"rendered":"<p>Sobre el Depto. de Ciencias y la Feria de las Ciencias: El Departamento de Ciencias de nuestro Colegio Nahuelcura ha conseguido a lo largo de estos a\u00f1os afianzarse con solidez y marcando presencia a nivel [&hellip;]<\/p>\n","protected":false},"author":2,"featured_media":1937,"comment_status":"closed","ping_status":"closed","sticky":false,"template":"","format":"standard","meta":{"ngg_post_thumbnail":0},"categories":[1],"tags":[],"jetpack_featured_media_url":"https:\/\/i0.wp.com\/www.colegionahuelcura.cl\/wp-content\/uploads\/2016\/08\/depto-Ciencias.png?fit=1040%2C584&ssl=1","jetpack_sharing_enabled":true,"jetpack_shortlink":"https:\/\/wp.me\/p73X2C-ve","_links":{"self":[{"href":"https:\/\/www.colegionahuelcura.cl\/index.php?rest_route=\/wp\/v2\/posts\/1936"}],"collection":[{"href":"https:\/\/www.colegionahuelcura.cl\/index.php?rest_route=\/wp\/v2\/posts"}],"about":[{"href":"https:\/\/www.colegionahuelcura.cl\/index.php?rest_route=\/wp\/v2\/types\/post"}],"author":[{"embeddable":true,"href":"https:\/\/www.colegionahuelcura.cl\/index.php?rest_route=\/wp\/v2\/users\/2"}],"replies":[{"embeddable":true,"href":"https:\/\/www.colegionahuelcura.cl\/index.php?rest_route=%2Fwp%2Fv2%2Fcomments&post=1936"}],"version-history":[{"count":4,"href":"https:\/\/www.colegionahuelcura.cl\/index.php?rest_route=\/wp\/v2\/posts\/1936\/revisions"}],"predecessor-version":[{"id":1961,"href":"https:\/\/www.colegionahuelcura.cl\/index.php?rest_route=\/wp\/v2\/posts\/1936\/revisions\/1961"}],"wp:featuredmedia":[{"embeddable":true,"href":"https:\/\/www.colegionahuelcura.cl\/index.php?rest_route=\/wp\/v2\/media\/1937"}],"wp:attachment":[{"href":"https:\/\/www.colegionahuelcura.cl\/index.php?rest_route=%2Fwp%2Fv2%2Fmedia&parent=1936"}],"wp:term":[{"taxonomy":"category","embeddable":true,"href":"https:\/\/www.colegionahuelcura.cl\/index.php?rest_route=%2Fwp%2Fv2%2Fcategories&post=1936"},{"taxonomy":"post_tag","embeddable":true,"href":"https:\/\/www.colegionahuelcura.cl\/index.php?rest_route=%2Fwp%2Fv2%2Ftags&post=1936"}],"curies":[{"name":"wp","href":"https:\/\/api.w.org\/{rel}","templated":true}]}}