{"id":2155,"date":"2016-08-29T12:20:45","date_gmt":"2016-08-29T16:20:45","guid":{"rendered":"http:\/\/www.nahuelcura.cl\/?p=2155"},"modified":"2016-08-29T12:23:55","modified_gmt":"2016-08-29T16:23:55","slug":"cierre-de-la-campana-solidaria-es-tiempo-de-compartir","status":"publish","type":"post","link":"https:\/\/www.colegionahuelcura.cl\/?p=2155","title":{"rendered":"Cierre de la Campa\u00f1a Solidaria \u201cEs Tiempo de Compartir\u201d"},"content":{"rendered":"<p style=\"text-align: justify;\">El pasado mi\u00e9rcoles 24 del presente, a las 10:00 horas, se realiz\u00f3 el acto de cierre de la <strong>Campa\u00f1a Solidaria \u201cEs Tiempo de Compartir\u201d<\/strong>.<br \/>\nAnim\u00f3 la jornada Miss Lorena Montecino, profesora de Religi\u00f3n y el Rector del Colegio, quienes manifestaron palabras de agradecimiento a la Comunidad Nahuelcura y valoraron el significado de la solidaridad.<br \/>\nDe esta manera nuevamente el Colegio logra su objetivo de ir en ayuda de los m\u00e1s necesitados, raz\u00f3n por la cual y para darle un tinte festivo, se premi\u00f3 a los \u201ccursos m\u00e1s solidarios\u201d siendo los ganadores los cursos:<\/p>\n<ul style=\"text-align: justify;\">\n<li>Primer Lugar: <strong>4\u00b0 B\u00e1sico B<\/strong>, de la tutor\u00eda de Miss Maureen Parra.<\/li>\n<li>Segundo Lugar: <strong>2\u00ba B\u00e1sico C<\/strong>, de la tutor\u00eda de Miss Marilyn Cerda.<\/li>\n<li>Tercer Lugar: <strong>1\u00ba B\u00e1sico A<\/strong>, de la tutor\u00eda de Miss Carolina Sep\u00falveda.<\/li>\n<\/ul>\n<p style=\"text-align: justify;\">Menci\u00f3n especial fue para el <strong>II\u00b0 Medio A<\/strong>, de la tutor\u00eda de Alexis Arias, quienes no lograron estar entre los primeros lugares, pero fueron el curso de Ense\u00f1anza Media que m\u00e1s colabor\u00f3 en la campa\u00f1a.<br \/>\nLa ayuda obtenida se dividi\u00f3 para colaborar con la <strong>Parroquia Santa Teresa de Machal\u00ed<\/strong> e ir en colaboraci\u00f3n con la Campa\u00f1a Solidaria de la C\u00e1mara Chilena de la Construcci\u00f3n (CChC) Rancagua, que este a\u00f1o defini\u00f3 ir en ayuda del <strong>Hogar de Ancianos San Lorenzo de Rancagua<\/strong>.<br \/>\nMensaje especial para esta finalizaci\u00f3n son las palabras del Rector del Colegio, Sr. Cristian Toledo S\u00e1ez:<\/p>\n<blockquote>\n<p style=\"text-align: justify;\">\u201cEstimados Padres, Apoderados y Estudiantes del Colegio, a nombre de mi comunidad de colaboradores y del m\u00edo propio, quiero darles las GRACIAS por el esfuerzo que han realizado, por su capacidad de colaboraci\u00f3n, por realizar un gesto fraterno y solidario con aquellos que lo necesitan&#8230;<br \/>\nMUCHAS, MUCHAS GRACIAS\u2026\u201d<\/p>\n<\/blockquote>\n<p style=\"text-align: justify;\">\u00a0\n<div class=\"ngg-galleryoverview ngg-slideshow\"\n\tid=\"ngg-slideshow-049efd36b59e0ccd298277c0d0f91db1-14668784020\"\n\tdata-gallery-id=\"049efd36b59e0ccd298277c0d0f91db1\"\n\tstyle=\"max-width: 600px;\n\t\t\tmax-height: 400px;\n\t\t\tdisplay: none;\">\n\n\t\n\t\t<a href=\"https:\/\/www.colegionahuelcura.cl\/wp-content\/gallery\/cierre-campana-solidaridad-2016\/DSC01885JPG.png\"\n\t\t\ttitle=\"\"\n\t\t\tdata-src=\"https:\/\/www.colegionahuelcura.cl\/wp-content\/gallery\/cierre-campana-solidaridad-2016\/DSC01885JPG.png\"\n\t\t\tdata-thumbnail=\"https:\/\/www.colegionahuelcura.cl\/wp-content\/gallery\/cierre-campana-solidaridad-2016\/thumbs\/thumbs_DSC01885JPG.png\"\n\t\t\tdata-image-id=\"426\"\n\t\t\tdata-title=\"DSC01885JPG\"\n\t\t\tdata-description=\"\"\n\t\t\tclass=\"ngg-fancybox\" rel=\"049efd36b59e0ccd298277c0d0f91db1\">\n\n\t\t\t<img data-image-id='426'\n\t\t\t\ttitle=\"\"\n\t\t\t\talt=\"DSC01885JPG\"\n\t\t\t\tsrc=\"https:\/\/www.colegionahuelcura.cl\/wp-content\/gallery\/cierre-campana-solidaridad-2016\/DSC01885JPG.png\"\n\t\t\t\tstyle=\"max-height: 380px;\"\/>\n\t\t<\/a>\n\n\t\t\n\t\t<a href=\"https:\/\/www.colegionahuelcura.cl\/wp-content\/gallery\/cierre-campana-solidaridad-2016\/DSC01888JPG.png\"\n\t\t\ttitle=\"\"\n\t\t\tdata-src=\"https:\/\/www.colegionahuelcura.cl\/wp-content\/gallery\/cierre-campana-solidaridad-2016\/DSC01888JPG.png\"\n\t\t\tdata-thumbnail=\"https:\/\/www.colegionahuelcura.cl\/wp-content\/gallery\/cierre-campana-solidaridad-2016\/thumbs\/thumbs_DSC01888JPG.png\"\n\t\t\tdata-image-id=\"429\"\n\t\t\tdata-title=\"DSC01888JPG\"\n\t\t\tdata-description=\"\"\n\t\t\tclass=\"ngg-fancybox\" rel=\"049efd36b59e0ccd298277c0d0f91db1\">\n\n\t\t\t<img data-image-id='429'\n\t\t\t\ttitle=\"\"\n\t\t\t\talt=\"DSC01888JPG\"\n\t\t\t\tsrc=\"https:\/\/www.colegionahuelcura.cl\/wp-content\/gallery\/cierre-campana-solidaridad-2016\/DSC01888JPG.png\"\n\t\t\t\tstyle=\"max-height: 380px;\"\/>\n\t\t<\/a>\n\n\t\t\n\t\t<a href=\"https:\/\/www.colegionahuelcura.cl\/wp-content\/gallery\/cierre-campana-solidaridad-2016\/DSC01889JPG.png\"\n\t\t\ttitle=\"\"\n\t\t\tdata-src=\"https:\/\/www.colegionahuelcura.cl\/wp-content\/gallery\/cierre-campana-solidaridad-2016\/DSC01889JPG.png\"\n\t\t\tdata-thumbnail=\"https:\/\/www.colegionahuelcura.cl\/wp-content\/gallery\/cierre-campana-solidaridad-2016\/thumbs\/thumbs_DSC01889JPG.png\"\n\t\t\tdata-image-id=\"430\"\n\t\t\tdata-title=\"DSC01889JPG\"\n\t\t\tdata-description=\"\"\n\t\t\tclass=\"ngg-fancybox\" rel=\"049efd36b59e0ccd298277c0d0f91db1\">\n\n\t\t\t<img data-image-id='430'\n\t\t\t\ttitle=\"\"\n\t\t\t\talt=\"DSC01889JPG\"\n\t\t\t\tsrc=\"https:\/\/www.colegionahuelcura.cl\/wp-content\/gallery\/cierre-campana-solidaridad-2016\/DSC01889JPG.png\"\n\t\t\t\tstyle=\"max-height: 380px;\"\/>\n\t\t<\/a>\n\n\t\t\n\t\t<a href=\"https:\/\/www.colegionahuelcura.cl\/wp-content\/gallery\/cierre-campana-solidaridad-2016\/DSC01890JPG.png\"\n\t\t\ttitle=\"\"\n\t\t\tdata-src=\"https:\/\/www.colegionahuelcura.cl\/wp-content\/gallery\/cierre-campana-solidaridad-2016\/DSC01890JPG.png\"\n\t\t\tdata-thumbnail=\"https:\/\/www.colegionahuelcura.cl\/wp-content\/gallery\/cierre-campana-solidaridad-2016\/thumbs\/thumbs_DSC01890JPG.png\"\n\t\t\tdata-image-id=\"431\"\n\t\t\tdata-title=\"DSC01890JPG\"\n\t\t\tdata-description=\"\"\n\t\t\tclass=\"ngg-fancybox\" rel=\"049efd36b59e0ccd298277c0d0f91db1\">\n\n\t\t\t<img data-image-id='431'\n\t\t\t\ttitle=\"\"\n\t\t\t\talt=\"DSC01890JPG\"\n\t\t\t\tsrc=\"https:\/\/www.colegionahuelcura.cl\/wp-content\/gallery\/cierre-campana-solidaridad-2016\/DSC01890JPG.png\"\n\t\t\t\tstyle=\"max-height: 380px;\"\/>\n\t\t<\/a>\n\n\t\t\n\t\t<a href=\"https:\/\/www.colegionahuelcura.cl\/wp-content\/gallery\/cierre-campana-solidaridad-2016\/DSC01886JPG.png\"\n\t\t\ttitle=\"\"\n\t\t\tdata-src=\"https:\/\/www.colegionahuelcura.cl\/wp-content\/gallery\/cierre-campana-solidaridad-2016\/DSC01886JPG.png\"\n\t\t\tdata-thumbnail=\"https:\/\/www.colegionahuelcura.cl\/wp-content\/gallery\/cierre-campana-solidaridad-2016\/thumbs\/thumbs_DSC01886JPG.png\"\n\t\t\tdata-image-id=\"427\"\n\t\t\tdata-title=\"DSC01886JPG\"\n\t\t\tdata-description=\"\"\n\t\t\tclass=\"ngg-fancybox\" rel=\"049efd36b59e0ccd298277c0d0f91db1\">\n\n\t\t\t<img data-image-id='427'\n\t\t\t\ttitle=\"\"\n\t\t\t\talt=\"DSC01886JPG\"\n\t\t\t\tsrc=\"https:\/\/www.colegionahuelcura.cl\/wp-content\/gallery\/cierre-campana-solidaridad-2016\/DSC01886JPG.png\"\n\t\t\t\tstyle=\"max-height: 380px;\"\/>\n\t\t<\/a>\n\n\t\t\n\t\t<a href=\"https:\/\/www.colegionahuelcura.cl\/wp-content\/gallery\/cierre-campana-solidaridad-2016\/DSC01899JPG.png\"\n\t\t\ttitle=\"\"\n\t\t\tdata-src=\"https:\/\/www.colegionahuelcura.cl\/wp-content\/gallery\/cierre-campana-solidaridad-2016\/DSC01899JPG.png\"\n\t\t\tdata-thumbnail=\"https:\/\/www.colegionahuelcura.cl\/wp-content\/gallery\/cierre-campana-solidaridad-2016\/thumbs\/thumbs_DSC01899JPG.png\"\n\t\t\tdata-image-id=\"440\"\n\t\t\tdata-title=\"DSC01899JPG\"\n\t\t\tdata-description=\"\"\n\t\t\tclass=\"ngg-fancybox\" rel=\"049efd36b59e0ccd298277c0d0f91db1\">\n\n\t\t\t<img data-image-id='440'\n\t\t\t\ttitle=\"\"\n\t\t\t\talt=\"DSC01899JPG\"\n\t\t\t\tsrc=\"https:\/\/www.colegionahuelcura.cl\/wp-content\/gallery\/cierre-campana-solidaridad-2016\/DSC01899JPG.png\"\n\t\t\t\tstyle=\"max-height: 380px;\"\/>\n\t\t<\/a>\n\n\t\t\n\t\t<a href=\"https:\/\/www.colegionahuelcura.cl\/wp-content\/gallery\/cierre-campana-solidaridad-2016\/DSC01900JPG.png\"\n\t\t\ttitle=\"\"\n\t\t\tdata-src=\"https:\/\/www.colegionahuelcura.cl\/wp-content\/gallery\/cierre-campana-solidaridad-2016\/DSC01900JPG.png\"\n\t\t\tdata-thumbnail=\"https:\/\/www.colegionahuelcura.cl\/wp-content\/gallery\/cierre-campana-solidaridad-2016\/thumbs\/thumbs_DSC01900JPG.png\"\n\t\t\tdata-image-id=\"441\"\n\t\t\tdata-title=\"DSC01900JPG\"\n\t\t\tdata-description=\"\"\n\t\t\tclass=\"ngg-fancybox\" rel=\"049efd36b59e0ccd298277c0d0f91db1\">\n\n\t\t\t<img data-image-id='441'\n\t\t\t\ttitle=\"\"\n\t\t\t\talt=\"DSC01900JPG\"\n\t\t\t\tsrc=\"https:\/\/www.colegionahuelcura.cl\/wp-content\/gallery\/cierre-campana-solidaridad-2016\/DSC01900JPG.png\"\n\t\t\t\tstyle=\"max-height: 380px;\"\/>\n\t\t<\/a>\n\n\t\t\n\t\t<a href=\"https:\/\/www.colegionahuelcura.cl\/wp-content\/gallery\/cierre-campana-solidaridad-2016\/DSC01884JPG.png\"\n\t\t\ttitle=\"\"\n\t\t\tdata-src=\"https:\/\/www.colegionahuelcura.cl\/wp-content\/gallery\/cierre-campana-solidaridad-2016\/DSC01884JPG.png\"\n\t\t\tdata-thumbnail=\"https:\/\/www.colegionahuelcura.cl\/wp-content\/gallery\/cierre-campana-solidaridad-2016\/thumbs\/thumbs_DSC01884JPG.png\"\n\t\t\tdata-image-id=\"425\"\n\t\t\tdata-title=\"DSC01884JPG\"\n\t\t\tdata-description=\"\"\n\t\t\tclass=\"ngg-fancybox\" rel=\"049efd36b59e0ccd298277c0d0f91db1\">\n\n\t\t\t<img data-image-id='425'\n\t\t\t\ttitle=\"\"\n\t\t\t\talt=\"DSC01884JPG\"\n\t\t\t\tsrc=\"https:\/\/www.colegionahuelcura.cl\/wp-content\/gallery\/cierre-campana-solidaridad-2016\/DSC01884JPG.png\"\n\t\t\t\tstyle=\"max-height: 380px;\"\/>\n\t\t<\/a>\n\n\t\t\n\t\t<a href=\"https:\/\/www.colegionahuelcura.cl\/wp-content\/gallery\/cierre-campana-solidaridad-2016\/DSC01887JPG.png\"\n\t\t\ttitle=\"\"\n\t\t\tdata-src=\"https:\/\/www.colegionahuelcura.cl\/wp-content\/gallery\/cierre-campana-solidaridad-2016\/DSC01887JPG.png\"\n\t\t\tdata-thumbnail=\"https:\/\/www.colegionahuelcura.cl\/wp-content\/gallery\/cierre-campana-solidaridad-2016\/thumbs\/thumbs_DSC01887JPG.png\"\n\t\t\tdata-image-id=\"428\"\n\t\t\tdata-title=\"DSC01887JPG\"\n\t\t\tdata-description=\"\"\n\t\t\tclass=\"ngg-fancybox\" rel=\"049efd36b59e0ccd298277c0d0f91db1\">\n\n\t\t\t<img data-image-id='428'\n\t\t\t\ttitle=\"\"\n\t\t\t\talt=\"DSC01887JPG\"\n\t\t\t\tsrc=\"https:\/\/www.colegionahuelcura.cl\/wp-content\/gallery\/cierre-campana-solidaridad-2016\/DSC01887JPG.png\"\n\t\t\t\tstyle=\"max-height: 380px;\"\/>\n\t\t<\/a>\n\n\t\t\n\t\t<a href=\"https:\/\/www.colegionahuelcura.cl\/wp-content\/gallery\/cierre-campana-solidaridad-2016\/DSC01901JPG.png\"\n\t\t\ttitle=\"\"\n\t\t\tdata-src=\"https:\/\/www.colegionahuelcura.cl\/wp-content\/gallery\/cierre-campana-solidaridad-2016\/DSC01901JPG.png\"\n\t\t\tdata-thumbnail=\"https:\/\/www.colegionahuelcura.cl\/wp-content\/gallery\/cierre-campana-solidaridad-2016\/thumbs\/thumbs_DSC01901JPG.png\"\n\t\t\tdata-image-id=\"442\"\n\t\t\tdata-title=\"DSC01901JPG\"\n\t\t\tdata-description=\"\"\n\t\t\tclass=\"ngg-fancybox\" rel=\"049efd36b59e0ccd298277c0d0f91db1\">\n\n\t\t\t<img data-image-id='442'\n\t\t\t\ttitle=\"\"\n\t\t\t\talt=\"DSC01901JPG\"\n\t\t\t\tsrc=\"https:\/\/www.colegionahuelcura.cl\/wp-content\/gallery\/cierre-campana-solidaridad-2016\/DSC01901JPG.png\"\n\t\t\t\tstyle=\"max-height: 380px;\"\/>\n\t\t<\/a>\n\n\t\t\n\t\t<a href=\"https:\/\/www.colegionahuelcura.cl\/wp-content\/gallery\/cierre-campana-solidaridad-2016\/DSC01891JPG.png\"\n\t\t\ttitle=\"\"\n\t\t\tdata-src=\"https:\/\/www.colegionahuelcura.cl\/wp-content\/gallery\/cierre-campana-solidaridad-2016\/DSC01891JPG.png\"\n\t\t\tdata-thumbnail=\"https:\/\/www.colegionahuelcura.cl\/wp-content\/gallery\/cierre-campana-solidaridad-2016\/thumbs\/thumbs_DSC01891JPG.png\"\n\t\t\tdata-image-id=\"432\"\n\t\t\tdata-title=\"DSC01891JPG\"\n\t\t\tdata-description=\"\"\n\t\t\tclass=\"ngg-fancybox\" rel=\"049efd36b59e0ccd298277c0d0f91db1\">\n\n\t\t\t<img data-image-id='432'\n\t\t\t\ttitle=\"\"\n\t\t\t\talt=\"DSC01891JPG\"\n\t\t\t\tsrc=\"https:\/\/www.colegionahuelcura.cl\/wp-content\/gallery\/cierre-campana-solidaridad-2016\/DSC01891JPG.png\"\n\t\t\t\tstyle=\"max-height: 380px;\"\/>\n\t\t<\/a>\n\n\t\t\n\t\t<a href=\"https:\/\/www.colegionahuelcura.cl\/wp-content\/gallery\/cierre-campana-solidaridad-2016\/DSC01892JPG.png\"\n\t\t\ttitle=\"\"\n\t\t\tdata-src=\"https:\/\/www.colegionahuelcura.cl\/wp-content\/gallery\/cierre-campana-solidaridad-2016\/DSC01892JPG.png\"\n\t\t\tdata-thumbnail=\"https:\/\/www.colegionahuelcura.cl\/wp-content\/gallery\/cierre-campana-solidaridad-2016\/thumbs\/thumbs_DSC01892JPG.png\"\n\t\t\tdata-image-id=\"433\"\n\t\t\tdata-title=\"DSC01892JPG\"\n\t\t\tdata-description=\"\"\n\t\t\tclass=\"ngg-fancybox\" rel=\"049efd36b59e0ccd298277c0d0f91db1\">\n\n\t\t\t<img data-image-id='433'\n\t\t\t\ttitle=\"\"\n\t\t\t\talt=\"DSC01892JPG\"\n\t\t\t\tsrc=\"https:\/\/www.colegionahuelcura.cl\/wp-content\/gallery\/cierre-campana-solidaridad-2016\/DSC01892JPG.png\"\n\t\t\t\tstyle=\"max-height: 380px;\"\/>\n\t\t<\/a>\n\n\t\t\n\t\t<a href=\"https:\/\/www.colegionahuelcura.cl\/wp-content\/gallery\/cierre-campana-solidaridad-2016\/DSC01893JPG.png\"\n\t\t\ttitle=\"\"\n\t\t\tdata-src=\"https:\/\/www.colegionahuelcura.cl\/wp-content\/gallery\/cierre-campana-solidaridad-2016\/DSC01893JPG.png\"\n\t\t\tdata-thumbnail=\"https:\/\/www.colegionahuelcura.cl\/wp-content\/gallery\/cierre-campana-solidaridad-2016\/thumbs\/thumbs_DSC01893JPG.png\"\n\t\t\tdata-image-id=\"434\"\n\t\t\tdata-title=\"DSC01893JPG\"\n\t\t\tdata-description=\"\"\n\t\t\tclass=\"ngg-fancybox\" rel=\"049efd36b59e0ccd298277c0d0f91db1\">\n\n\t\t\t<img data-image-id='434'\n\t\t\t\ttitle=\"\"\n\t\t\t\talt=\"DSC01893JPG\"\n\t\t\t\tsrc=\"https:\/\/www.colegionahuelcura.cl\/wp-content\/gallery\/cierre-campana-solidaridad-2016\/DSC01893JPG.png\"\n\t\t\t\tstyle=\"max-height: 380px;\"\/>\n\t\t<\/a>\n\n\t\t\n\t\t<a href=\"https:\/\/www.colegionahuelcura.cl\/wp-content\/gallery\/cierre-campana-solidaridad-2016\/DSC01894JPG.png\"\n\t\t\ttitle=\"\"\n\t\t\tdata-src=\"https:\/\/www.colegionahuelcura.cl\/wp-content\/gallery\/cierre-campana-solidaridad-2016\/DSC01894JPG.png\"\n\t\t\tdata-thumbnail=\"https:\/\/www.colegionahuelcura.cl\/wp-content\/gallery\/cierre-campana-solidaridad-2016\/thumbs\/thumbs_DSC01894JPG.png\"\n\t\t\tdata-image-id=\"435\"\n\t\t\tdata-title=\"DSC01894JPG\"\n\t\t\tdata-description=\"\"\n\t\t\tclass=\"ngg-fancybox\" rel=\"049efd36b59e0ccd298277c0d0f91db1\">\n\n\t\t\t<img data-image-id='435'\n\t\t\t\ttitle=\"\"\n\t\t\t\talt=\"DSC01894JPG\"\n\t\t\t\tsrc=\"https:\/\/www.colegionahuelcura.cl\/wp-content\/gallery\/cierre-campana-solidaridad-2016\/DSC01894JPG.png\"\n\t\t\t\tstyle=\"max-height: 380px;\"\/>\n\t\t<\/a>\n\n\t\t\n\t\t<a href=\"https:\/\/www.colegionahuelcura.cl\/wp-content\/gallery\/cierre-campana-solidaridad-2016\/DSC01895JPG.png\"\n\t\t\ttitle=\"\"\n\t\t\tdata-src=\"https:\/\/www.colegionahuelcura.cl\/wp-content\/gallery\/cierre-campana-solidaridad-2016\/DSC01895JPG.png\"\n\t\t\tdata-thumbnail=\"https:\/\/www.colegionahuelcura.cl\/wp-content\/gallery\/cierre-campana-solidaridad-2016\/thumbs\/thumbs_DSC01895JPG.png\"\n\t\t\tdata-image-id=\"436\"\n\t\t\tdata-title=\"DSC01895JPG\"\n\t\t\tdata-description=\"\"\n\t\t\tclass=\"ngg-fancybox\" rel=\"049efd36b59e0ccd298277c0d0f91db1\">\n\n\t\t\t<img data-image-id='436'\n\t\t\t\ttitle=\"\"\n\t\t\t\talt=\"DSC01895JPG\"\n\t\t\t\tsrc=\"https:\/\/www.colegionahuelcura.cl\/wp-content\/gallery\/cierre-campana-solidaridad-2016\/DSC01895JPG.png\"\n\t\t\t\tstyle=\"max-height: 380px;\"\/>\n\t\t<\/a>\n\n\t\t\n\t\t<a href=\"https:\/\/www.colegionahuelcura.cl\/wp-content\/gallery\/cierre-campana-solidaridad-2016\/DSC01896JPG.png\"\n\t\t\ttitle=\"\"\n\t\t\tdata-src=\"https:\/\/www.colegionahuelcura.cl\/wp-content\/gallery\/cierre-campana-solidaridad-2016\/DSC01896JPG.png\"\n\t\t\tdata-thumbnail=\"https:\/\/www.colegionahuelcura.cl\/wp-content\/gallery\/cierre-campana-solidaridad-2016\/thumbs\/thumbs_DSC01896JPG.png\"\n\t\t\tdata-image-id=\"437\"\n\t\t\tdata-title=\"DSC01896JPG\"\n\t\t\tdata-description=\"\"\n\t\t\tclass=\"ngg-fancybox\" rel=\"049efd36b59e0ccd298277c0d0f91db1\">\n\n\t\t\t<img data-image-id='437'\n\t\t\t\ttitle=\"\"\n\t\t\t\talt=\"DSC01896JPG\"\n\t\t\t\tsrc=\"https:\/\/www.colegionahuelcura.cl\/wp-content\/gallery\/cierre-campana-solidaridad-2016\/DSC01896JPG.png\"\n\t\t\t\tstyle=\"max-height: 380px;\"\/>\n\t\t<\/a>\n\n\t\t\n\t\t<a href=\"https:\/\/www.colegionahuelcura.cl\/wp-content\/gallery\/cierre-campana-solidaridad-2016\/DSC01897JPG.png\"\n\t\t\ttitle=\"\"\n\t\t\tdata-src=\"https:\/\/www.colegionahuelcura.cl\/wp-content\/gallery\/cierre-campana-solidaridad-2016\/DSC01897JPG.png\"\n\t\t\tdata-thumbnail=\"https:\/\/www.colegionahuelcura.cl\/wp-content\/gallery\/cierre-campana-solidaridad-2016\/thumbs\/thumbs_DSC01897JPG.png\"\n\t\t\tdata-image-id=\"438\"\n\t\t\tdata-title=\"DSC01897JPG\"\n\t\t\tdata-description=\"\"\n\t\t\tclass=\"ngg-fancybox\" rel=\"049efd36b59e0ccd298277c0d0f91db1\">\n\n\t\t\t<img data-image-id='438'\n\t\t\t\ttitle=\"\"\n\t\t\t\talt=\"DSC01897JPG\"\n\t\t\t\tsrc=\"https:\/\/www.colegionahuelcura.cl\/wp-content\/gallery\/cierre-campana-solidaridad-2016\/DSC01897JPG.png\"\n\t\t\t\tstyle=\"max-height: 380px;\"\/>\n\t\t<\/a>\n\n\t\t\n\t\t<a href=\"https:\/\/www.colegionahuelcura.cl\/wp-content\/gallery\/cierre-campana-solidaridad-2016\/DSC01898JPG.png\"\n\t\t\ttitle=\"\"\n\t\t\tdata-src=\"https:\/\/www.colegionahuelcura.cl\/wp-content\/gallery\/cierre-campana-solidaridad-2016\/DSC01898JPG.png\"\n\t\t\tdata-thumbnail=\"https:\/\/www.colegionahuelcura.cl\/wp-content\/gallery\/cierre-campana-solidaridad-2016\/thumbs\/thumbs_DSC01898JPG.png\"\n\t\t\tdata-image-id=\"439\"\n\t\t\tdata-title=\"DSC01898JPG\"\n\t\t\tdata-description=\"\"\n\t\t\tclass=\"ngg-fancybox\" rel=\"049efd36b59e0ccd298277c0d0f91db1\">\n\n\t\t\t<img data-image-id='439'\n\t\t\t\ttitle=\"\"\n\t\t\t\talt=\"DSC01898JPG\"\n\t\t\t\tsrc=\"https:\/\/www.colegionahuelcura.cl\/wp-content\/gallery\/cierre-campana-solidaridad-2016\/DSC01898JPG.png\"\n\t\t\t\tstyle=\"max-height: 380px;\"\/>\n\t\t<\/a>\n\n\t\t\n\t\t<a href=\"https:\/\/www.colegionahuelcura.cl\/wp-content\/gallery\/cierre-campana-solidaridad-2016\/DSC01903JPG.png\"\n\t\t\ttitle=\"\"\n\t\t\tdata-src=\"https:\/\/www.colegionahuelcura.cl\/wp-content\/gallery\/cierre-campana-solidaridad-2016\/DSC01903JPG.png\"\n\t\t\tdata-thumbnail=\"https:\/\/www.colegionahuelcura.cl\/wp-content\/gallery\/cierre-campana-solidaridad-2016\/thumbs\/thumbs_DSC01903JPG.png\"\n\t\t\tdata-image-id=\"444\"\n\t\t\tdata-title=\"DSC01903JPG\"\n\t\t\tdata-description=\"\"\n\t\t\tclass=\"ngg-fancybox\" rel=\"049efd36b59e0ccd298277c0d0f91db1\">\n\n\t\t\t<img data-image-id='444'\n\t\t\t\ttitle=\"\"\n\t\t\t\talt=\"DSC01903JPG\"\n\t\t\t\tsrc=\"https:\/\/www.colegionahuelcura.cl\/wp-content\/gallery\/cierre-campana-solidaridad-2016\/DSC01903JPG.png\"\n\t\t\t\tstyle=\"max-height: 380px;\"\/>\n\t\t<\/a>\n\n\t\t\n\t\t<a href=\"https:\/\/www.colegionahuelcura.cl\/wp-content\/gallery\/cierre-campana-solidaridad-2016\/DSC01902JPG.png\"\n\t\t\ttitle=\"\"\n\t\t\tdata-src=\"https:\/\/www.colegionahuelcura.cl\/wp-content\/gallery\/cierre-campana-solidaridad-2016\/DSC01902JPG.png\"\n\t\t\tdata-thumbnail=\"https:\/\/www.colegionahuelcura.cl\/wp-content\/gallery\/cierre-campana-solidaridad-2016\/thumbs\/thumbs_DSC01902JPG.png\"\n\t\t\tdata-image-id=\"443\"\n\t\t\tdata-title=\"DSC01902JPG\"\n\t\t\tdata-description=\"\"\n\t\t\tclass=\"ngg-fancybox\" rel=\"049efd36b59e0ccd298277c0d0f91db1\">\n\n\t\t\t<img data-image-id='443'\n\t\t\t\ttitle=\"\"\n\t\t\t\talt=\"DSC01902JPG\"\n\t\t\t\tsrc=\"https:\/\/www.colegionahuelcura.cl\/wp-content\/gallery\/cierre-campana-solidaridad-2016\/DSC01902JPG.png\"\n\t\t\t\tstyle=\"max-height: 380px;\"\/>\n\t\t<\/a>\n\n\t\t<\/div>\n\n\n<\/p>\n","protected":false},"excerpt":{"rendered":"<p>El pasado mi\u00e9rcoles 24 del presente, a las 10:00 horas, se realiz\u00f3 el acto de cierre de la Campa\u00f1a Solidaria \u201cEs Tiempo de Compartir\u201d. Anim\u00f3 la jornada Miss Lorena Montecino, profesora de Religi\u00f3n y el [&hellip;]<\/p>\n","protected":false},"author":2,"featured_media":2158,"comment_status":"closed","ping_status":"closed","sticky":false,"template":"","format":"standard","meta":{"ngg_post_thumbnail":0},"categories":[1],"tags":[],"jetpack_featured_media_url":"https:\/\/i0.wp.com\/www.colegionahuelcura.cl\/wp-content\/uploads\/2016\/08\/DSC01888.jpg?fit=1920%2C1080&ssl=1","jetpack_sharing_enabled":true,"jetpack_shortlink":"https:\/\/wp.me\/p73X2C-yL","_links":{"self":[{"href":"https:\/\/www.colegionahuelcura.cl\/index.php?rest_route=\/wp\/v2\/posts\/2155"}],"collection":[{"href":"https:\/\/www.colegionahuelcura.cl\/index.php?rest_route=\/wp\/v2\/posts"}],"about":[{"href":"https:\/\/www.colegionahuelcura.cl\/index.php?rest_route=\/wp\/v2\/types\/post"}],"author":[{"embeddable":true,"href":"https:\/\/www.colegionahuelcura.cl\/index.php?rest_route=\/wp\/v2\/users\/2"}],"replies":[{"embeddable":true,"href":"https:\/\/www.colegionahuelcura.cl\/index.php?rest_route=%2Fwp%2Fv2%2Fcomments&post=2155"}],"version-history":[{"count":4,"href":"https:\/\/www.colegionahuelcura.cl\/index.php?rest_route=\/wp\/v2\/posts\/2155\/revisions"}],"predecessor-version":[{"id":2203,"href":"https:\/\/www.colegionahuelcura.cl\/index.php?rest_route=\/wp\/v2\/posts\/2155\/revisions\/2203"}],"wp:featuredmedia":[{"embeddable":true,"href":"https:\/\/www.colegionahuelcura.cl\/index.php?rest_route=\/wp\/v2\/media\/2158"}],"wp:attachment":[{"href":"https:\/\/www.colegionahuelcura.cl\/index.php?rest_route=%2Fwp%2Fv2%2Fmedia&parent=2155"}],"wp:term":[{"taxonomy":"category","embeddable":true,"href":"https:\/\/www.colegionahuelcura.cl\/index.php?rest_route=%2Fwp%2Fv2%2Fcategories&post=2155"},{"taxonomy":"post_tag","embeddable":true,"href":"https:\/\/www.colegionahuelcura.cl\/index.php?rest_route=%2Fwp%2Fv2%2Ftags&post=2155"}],"curies":[{"name":"wp","href":"https:\/\/api.w.org\/{rel}","templated":true}]}}