{"id":2205,"date":"2016-08-29T16:19:27","date_gmt":"2016-08-29T20:19:27","guid":{"rendered":"http:\/\/www.nahuelcura.cl\/?p=2205"},"modified":"2016-08-29T16:25:21","modified_gmt":"2016-08-29T20:25:21","slug":"informacion-sobre-estacionamientos-en-fiesta-de-la-chilenidad","status":"publish","type":"post","link":"https:\/\/www.colegionahuelcura.cl\/?p=2205","title":{"rendered":"Informaci\u00f3n sobre Estacionamientos en Fiesta de la Chilenidad"},"content":{"rendered":"<p style=\"text-align: justify;\">Estimados Padres y Apoderados:<\/p>\n<p style=\"text-align: justify;\">Quisi\u00e9ramos comunicar e informar a Usted, que el S\u00e1bado 3 de Septiembre celebraremos la <strong>Fiesta de la Chilenidad \u201cNahuelcura y Ra\u00edces de Chile\u201d<\/strong>, en el marco de los festejos de Fiestas Patrias.<br \/>\nSin embargo, se producen inconvenientes, que este a\u00f1o en particular deseamos no ocurran, como son los problemas de estacionamientos. <span style=\"text-decoration: underline;\">La RECOMENDACI\u00d3N<\/span> es procurar acercarse al Colegio caminando y\/o en transporte p\u00fablico, evitando el uso de veh\u00edculos, dada la escasez de estacionamientos y a la existencia de otros eventos el mismo d\u00eda en colegios aleda\u00f1os, que pueden congestionar la Avda. San Juan.<br \/>\nEl Colegio contar\u00e1 con los estacionamientos tradicionales del frente y del fondo (no habr\u00e1 acceso a multicanchas).<br \/>\nAdem\u00e1s se ha realizado un convenio con el <strong>GIMNASIO SPORT 9<\/strong> (nuestro vecino), quienes gentilmente habilitar\u00e1n parte de su estacionamiento para apoderados que lo requieren, sin embargo, <strong>este estacionamiento debe ser pagado al ingreso y tiene un costo de $2.000.-<\/strong><br \/>\nPor \u00faltimo, se\u00f1alar que Carabineros infraccionar\u00e1 a veh\u00edculos que se estacionen en la Avda. San Juan, la ciclov\u00eda y\/o en Salida de Veh\u00edculos de la poblaci\u00f3n Santa Teresa.<br \/>\nAgradecemos tomar conocimiento de esta comunicaci\u00f3n y cooperar responsablemente con este requerimiento.<\/p>\n<p style=\"text-align: justify;\">Atte,<\/p>\n<p style=\"text-align: justify;\"><strong>Direcci\u00f3n del Colegio Nahuelcura de Machal\u00ed<\/strong><\/p>\n","protected":false},"excerpt":{"rendered":"<p>Estimados Padres y Apoderados: Quisi\u00e9ramos comunicar e informar a Usted, que el S\u00e1bado 3 de Septiembre celebraremos la Fiesta de la Chilenidad \u201cNahuelcura y Ra\u00edces de Chile\u201d, en el marco de los festejos de Fiestas [&hellip;]<\/p>\n","protected":false},"author":2,"featured_media":2209,"comment_status":"closed","ping_status":"closed","sticky":false,"template":"","format":"standard","meta":{"ngg_post_thumbnail":0},"categories":[1],"tags":[],"jetpack_featured_media_url":"https:\/\/i0.wp.com\/www.colegionahuelcura.cl\/wp-content\/uploads\/2016\/08\/trompo.jpg?fit=480%2C320&ssl=1","jetpack_sharing_enabled":true,"jetpack_shortlink":"https:\/\/wp.me\/p73X2C-zz","_links":{"self":[{"href":"https:\/\/www.colegionahuelcura.cl\/index.php?rest_route=\/wp\/v2\/posts\/2205"}],"collection":[{"href":"https:\/\/www.colegionahuelcura.cl\/index.php?rest_route=\/wp\/v2\/posts"}],"about":[{"href":"https:\/\/www.colegionahuelcura.cl\/index.php?rest_route=\/wp\/v2\/types\/post"}],"author":[{"embeddable":true,"href":"https:\/\/www.colegionahuelcura.cl\/index.php?rest_route=\/wp\/v2\/users\/2"}],"replies":[{"embeddable":true,"href":"https:\/\/www.colegionahuelcura.cl\/index.php?rest_route=%2Fwp%2Fv2%2Fcomments&post=2205"}],"version-history":[{"count":1,"href":"https:\/\/www.colegionahuelcura.cl\/index.php?rest_route=\/wp\/v2\/posts\/2205\/revisions"}],"predecessor-version":[{"id":2207,"href":"https:\/\/www.colegionahuelcura.cl\/index.php?rest_route=\/wp\/v2\/posts\/2205\/revisions\/2207"}],"wp:featuredmedia":[{"embeddable":true,"href":"https:\/\/www.colegionahuelcura.cl\/index.php?rest_route=\/wp\/v2\/media\/2209"}],"wp:attachment":[{"href":"https:\/\/www.colegionahuelcura.cl\/index.php?rest_route=%2Fwp%2Fv2%2Fmedia&parent=2205"}],"wp:term":[{"taxonomy":"category","embeddable":true,"href":"https:\/\/www.colegionahuelcura.cl\/index.php?rest_route=%2Fwp%2Fv2%2Fcategories&post=2205"},{"taxonomy":"post_tag","embeddable":true,"href":"https:\/\/www.colegionahuelcura.cl\/index.php?rest_route=%2Fwp%2Fv2%2Ftags&post=2205"}],"curies":[{"name":"wp","href":"https:\/\/api.w.org\/{rel}","templated":true}]}}