{"id":2213,"date":"2016-09-02T12:50:25","date_gmt":"2016-09-02T16:50:25","guid":{"rendered":"http:\/\/www.nahuelcura.cl\/?p=2213"},"modified":"2016-09-02T13:55:58","modified_gmt":"2016-09-02T17:55:58","slug":"excelentes-logos-en-campeonato-comunal-de-cueca-2016","status":"publish","type":"post","link":"https:\/\/www.colegionahuelcura.cl\/?p=2213","title":{"rendered":"Excelentes logros en Campeonato Comunal de Cueca 2016"},"content":{"rendered":"<p style=\"text-align: justify;\">Durante la tarde del d\u00eda jueves 1 de septiembre y como excelente manera de comenzar el Mes de la Patria, de nuestras tradiciones y costumbres, nuestros alumnos: <strong>Manuel Ortega Z\u00fa\u00f1iga<\/strong> y <strong>Camila Carre\u00f1o Valenzuela<\/strong> del 4\u00ba B\u00e1sico B, que nos representaron en el <strong>Campeonato Comunal de Cueca de Machal\u00ed<\/strong>, resultaron ganadores del <strong>3\u00ba Lugar en la categor\u00eda \u201c1\u00ba Ciclo B\u00e1sica\u201d<\/strong>.<br \/>\nEn la competencia se enfrentaron a grandes competidores de los 18 colegios de toda la comuna. Manuel y Camila dieron muestra del talento que los hizo ganadores aqu\u00ed en nuestro Colegio, represent\u00e1ndonos de excelente manera.<br \/>\nFueron felicitados por las autoridades comunales, quienes reconocieron en su hermoso baile, una enorme aporte para mantener nuestra cultura y patriotismo.<br \/>\nFelicitamos tambi\u00e9n a sus padres por el enorme apoyo y sacrificio que esta preparaci\u00f3n ha demandado. Tambi\u00e9n felicitamos a su curso, quienes alentaron desde las grader\u00edas e hicieron rugir a nuestro <strong>Tigre Nahuelcura<\/strong> para brindarles el apoyo necesario.<br \/>\nNos sentimos tremendamente orgullosos por la representaci\u00f3n que tuvimos y estar en los primeros lugares comunales en nuestra danza nacional.<\/p>\n<p style=\"text-align: justify;\">\n<div class=\"ngg-galleryoverview ngg-slideshow\"\n\tid=\"ngg-slideshow-a937b62b879f2def2d447b931c4f67cf-260778280\"\n\tdata-gallery-id=\"a937b62b879f2def2d447b931c4f67cf\"\n\tstyle=\"max-width: 600px;\n\t\t\tmax-height: 400px;\n\t\t\tdisplay: none;\">\n\n\t\n\t\t<a href=\"https:\/\/www.colegionahuelcura.cl\/wp-content\/gallery\/3er-lugar-cueca-comunal-2016\/IMG_3211.JPG\"\n\t\t\ttitle=\"\"\n\t\t\tdata-src=\"https:\/\/www.colegionahuelcura.cl\/wp-content\/gallery\/3er-lugar-cueca-comunal-2016\/IMG_3211.JPG\"\n\t\t\tdata-thumbnail=\"https:\/\/www.colegionahuelcura.cl\/wp-content\/gallery\/3er-lugar-cueca-comunal-2016\/thumbs\/thumbs_IMG_3211.JPG\"\n\t\t\tdata-image-id=\"445\"\n\t\t\tdata-title=\"IMG_3211\"\n\t\t\tdata-description=\"\"\n\t\t\tclass=\"ngg-fancybox\" rel=\"a937b62b879f2def2d447b931c4f67cf\">\n\n\t\t\t<img data-image-id='445'\n\t\t\t\ttitle=\"\"\n\t\t\t\talt=\"IMG_3211\"\n\t\t\t\tsrc=\"https:\/\/www.colegionahuelcura.cl\/wp-content\/gallery\/3er-lugar-cueca-comunal-2016\/IMG_3211.JPG\"\n\t\t\t\tstyle=\"max-height: 380px;\"\/>\n\t\t<\/a>\n\n\t\t\n\t\t<a href=\"https:\/\/www.colegionahuelcura.cl\/wp-content\/gallery\/3er-lugar-cueca-comunal-2016\/IMG_3212.JPG\"\n\t\t\ttitle=\"\"\n\t\t\tdata-src=\"https:\/\/www.colegionahuelcura.cl\/wp-content\/gallery\/3er-lugar-cueca-comunal-2016\/IMG_3212.JPG\"\n\t\t\tdata-thumbnail=\"https:\/\/www.colegionahuelcura.cl\/wp-content\/gallery\/3er-lugar-cueca-comunal-2016\/thumbs\/thumbs_IMG_3212.JPG\"\n\t\t\tdata-image-id=\"446\"\n\t\t\tdata-title=\"IMG_3212\"\n\t\t\tdata-description=\"\"\n\t\t\tclass=\"ngg-fancybox\" rel=\"a937b62b879f2def2d447b931c4f67cf\">\n\n\t\t\t<img data-image-id='446'\n\t\t\t\ttitle=\"\"\n\t\t\t\talt=\"IMG_3212\"\n\t\t\t\tsrc=\"https:\/\/www.colegionahuelcura.cl\/wp-content\/gallery\/3er-lugar-cueca-comunal-2016\/IMG_3212.JPG\"\n\t\t\t\tstyle=\"max-height: 380px;\"\/>\n\t\t<\/a>\n\n\t\t\n\t\t<a href=\"https:\/\/www.colegionahuelcura.cl\/wp-content\/gallery\/3er-lugar-cueca-comunal-2016\/IMG_3218.JPG\"\n\t\t\ttitle=\"\"\n\t\t\tdata-src=\"https:\/\/www.colegionahuelcura.cl\/wp-content\/gallery\/3er-lugar-cueca-comunal-2016\/IMG_3218.JPG\"\n\t\t\tdata-thumbnail=\"https:\/\/www.colegionahuelcura.cl\/wp-content\/gallery\/3er-lugar-cueca-comunal-2016\/thumbs\/thumbs_IMG_3218.JPG\"\n\t\t\tdata-image-id=\"447\"\n\t\t\tdata-title=\"IMG_3218\"\n\t\t\tdata-description=\"\"\n\t\t\tclass=\"ngg-fancybox\" rel=\"a937b62b879f2def2d447b931c4f67cf\">\n\n\t\t\t<img data-image-id='447'\n\t\t\t\ttitle=\"\"\n\t\t\t\talt=\"IMG_3218\"\n\t\t\t\tsrc=\"https:\/\/www.colegionahuelcura.cl\/wp-content\/gallery\/3er-lugar-cueca-comunal-2016\/IMG_3218.JPG\"\n\t\t\t\tstyle=\"max-height: 380px;\"\/>\n\t\t<\/a>\n\n\t\t\n\t\t<a href=\"https:\/\/www.colegionahuelcura.cl\/wp-content\/gallery\/3er-lugar-cueca-comunal-2016\/IMG_3221.JPG\"\n\t\t\ttitle=\"\"\n\t\t\tdata-src=\"https:\/\/www.colegionahuelcura.cl\/wp-content\/gallery\/3er-lugar-cueca-comunal-2016\/IMG_3221.JPG\"\n\t\t\tdata-thumbnail=\"https:\/\/www.colegionahuelcura.cl\/wp-content\/gallery\/3er-lugar-cueca-comunal-2016\/thumbs\/thumbs_IMG_3221.JPG\"\n\t\t\tdata-image-id=\"448\"\n\t\t\tdata-title=\"IMG_3221\"\n\t\t\tdata-description=\"\"\n\t\t\tclass=\"ngg-fancybox\" rel=\"a937b62b879f2def2d447b931c4f67cf\">\n\n\t\t\t<img data-image-id='448'\n\t\t\t\ttitle=\"\"\n\t\t\t\talt=\"IMG_3221\"\n\t\t\t\tsrc=\"https:\/\/www.colegionahuelcura.cl\/wp-content\/gallery\/3er-lugar-cueca-comunal-2016\/IMG_3221.JPG\"\n\t\t\t\tstyle=\"max-height: 380px;\"\/>\n\t\t<\/a>\n\n\t\t\n\t\t<a href=\"https:\/\/www.colegionahuelcura.cl\/wp-content\/gallery\/3er-lugar-cueca-comunal-2016\/IMG_3228.JPG\"\n\t\t\ttitle=\"\"\n\t\t\tdata-src=\"https:\/\/www.colegionahuelcura.cl\/wp-content\/gallery\/3er-lugar-cueca-comunal-2016\/IMG_3228.JPG\"\n\t\t\tdata-thumbnail=\"https:\/\/www.colegionahuelcura.cl\/wp-content\/gallery\/3er-lugar-cueca-comunal-2016\/thumbs\/thumbs_IMG_3228.JPG\"\n\t\t\tdata-image-id=\"449\"\n\t\t\tdata-title=\"IMG_3228\"\n\t\t\tdata-description=\"\"\n\t\t\tclass=\"ngg-fancybox\" rel=\"a937b62b879f2def2d447b931c4f67cf\">\n\n\t\t\t<img data-image-id='449'\n\t\t\t\ttitle=\"\"\n\t\t\t\talt=\"IMG_3228\"\n\t\t\t\tsrc=\"https:\/\/www.colegionahuelcura.cl\/wp-content\/gallery\/3er-lugar-cueca-comunal-2016\/IMG_3228.JPG\"\n\t\t\t\tstyle=\"max-height: 380px;\"\/>\n\t\t<\/a>\n\n\t\t\n\t\t<a href=\"https:\/\/www.colegionahuelcura.cl\/wp-content\/gallery\/3er-lugar-cueca-comunal-2016\/IMG_3229.JPG\"\n\t\t\ttitle=\"\"\n\t\t\tdata-src=\"https:\/\/www.colegionahuelcura.cl\/wp-content\/gallery\/3er-lugar-cueca-comunal-2016\/IMG_3229.JPG\"\n\t\t\tdata-thumbnail=\"https:\/\/www.colegionahuelcura.cl\/wp-content\/gallery\/3er-lugar-cueca-comunal-2016\/thumbs\/thumbs_IMG_3229.JPG\"\n\t\t\tdata-image-id=\"450\"\n\t\t\tdata-title=\"IMG_3229\"\n\t\t\tdata-description=\"\"\n\t\t\tclass=\"ngg-fancybox\" rel=\"a937b62b879f2def2d447b931c4f67cf\">\n\n\t\t\t<img data-image-id='450'\n\t\t\t\ttitle=\"\"\n\t\t\t\talt=\"IMG_3229\"\n\t\t\t\tsrc=\"https:\/\/www.colegionahuelcura.cl\/wp-content\/gallery\/3er-lugar-cueca-comunal-2016\/IMG_3229.JPG\"\n\t\t\t\tstyle=\"max-height: 380px;\"\/>\n\t\t<\/a>\n\n\t\t\n\t\t<a href=\"https:\/\/www.colegionahuelcura.cl\/wp-content\/gallery\/3er-lugar-cueca-comunal-2016\/IMG_3233.JPG\"\n\t\t\ttitle=\"\"\n\t\t\tdata-src=\"https:\/\/www.colegionahuelcura.cl\/wp-content\/gallery\/3er-lugar-cueca-comunal-2016\/IMG_3233.JPG\"\n\t\t\tdata-thumbnail=\"https:\/\/www.colegionahuelcura.cl\/wp-content\/gallery\/3er-lugar-cueca-comunal-2016\/thumbs\/thumbs_IMG_3233.JPG\"\n\t\t\tdata-image-id=\"451\"\n\t\t\tdata-title=\"IMG_3233\"\n\t\t\tdata-description=\"\"\n\t\t\tclass=\"ngg-fancybox\" rel=\"a937b62b879f2def2d447b931c4f67cf\">\n\n\t\t\t<img data-image-id='451'\n\t\t\t\ttitle=\"\"\n\t\t\t\talt=\"IMG_3233\"\n\t\t\t\tsrc=\"https:\/\/www.colegionahuelcura.cl\/wp-content\/gallery\/3er-lugar-cueca-comunal-2016\/IMG_3233.JPG\"\n\t\t\t\tstyle=\"max-height: 380px;\"\/>\n\t\t<\/a>\n\n\t\t\n\t\t<a href=\"https:\/\/www.colegionahuelcura.cl\/wp-content\/gallery\/3er-lugar-cueca-comunal-2016\/IMG_3234.jpg\"\n\t\t\ttitle=\"\"\n\t\t\tdata-src=\"https:\/\/www.colegionahuelcura.cl\/wp-content\/gallery\/3er-lugar-cueca-comunal-2016\/IMG_3234.jpg\"\n\t\t\tdata-thumbnail=\"https:\/\/www.colegionahuelcura.cl\/wp-content\/gallery\/3er-lugar-cueca-comunal-2016\/thumbs\/thumbs_IMG_3234.jpg\"\n\t\t\tdata-image-id=\"452\"\n\t\t\tdata-title=\"IMG_3234\"\n\t\t\tdata-description=\"\"\n\t\t\tclass=\"ngg-fancybox\" rel=\"a937b62b879f2def2d447b931c4f67cf\">\n\n\t\t\t<img data-image-id='452'\n\t\t\t\ttitle=\"\"\n\t\t\t\talt=\"IMG_3234\"\n\t\t\t\tsrc=\"https:\/\/www.colegionahuelcura.cl\/wp-content\/gallery\/3er-lugar-cueca-comunal-2016\/IMG_3234.jpg\"\n\t\t\t\tstyle=\"max-height: 380px;\"\/>\n\t\t<\/a>\n\n\t\t\n\t\t<a href=\"https:\/\/www.colegionahuelcura.cl\/wp-content\/gallery\/3er-lugar-cueca-comunal-2016\/IMG_3241.JPG\"\n\t\t\ttitle=\"\"\n\t\t\tdata-src=\"https:\/\/www.colegionahuelcura.cl\/wp-content\/gallery\/3er-lugar-cueca-comunal-2016\/IMG_3241.JPG\"\n\t\t\tdata-thumbnail=\"https:\/\/www.colegionahuelcura.cl\/wp-content\/gallery\/3er-lugar-cueca-comunal-2016\/thumbs\/thumbs_IMG_3241.JPG\"\n\t\t\tdata-image-id=\"453\"\n\t\t\tdata-title=\"IMG_3241\"\n\t\t\tdata-description=\"\"\n\t\t\tclass=\"ngg-fancybox\" rel=\"a937b62b879f2def2d447b931c4f67cf\">\n\n\t\t\t<img data-image-id='453'\n\t\t\t\ttitle=\"\"\n\t\t\t\talt=\"IMG_3241\"\n\t\t\t\tsrc=\"https:\/\/www.colegionahuelcura.cl\/wp-content\/gallery\/3er-lugar-cueca-comunal-2016\/IMG_3241.JPG\"\n\t\t\t\tstyle=\"max-height: 380px;\"\/>\n\t\t<\/a>\n\n\t\t<\/div>\n\n\n<\/p>\n","protected":false},"excerpt":{"rendered":"<p>Durante la tarde del d\u00eda jueves 1 de septiembre y como excelente manera de comenzar el Mes de la Patria, de nuestras tradiciones y costumbres, nuestros alumnos: Manuel Ortega Z\u00fa\u00f1iga y Camila Carre\u00f1o Valenzuela del [&hellip;]<\/p>\n","protected":false},"author":2,"featured_media":2214,"comment_status":"closed","ping_status":"closed","sticky":false,"template":"","format":"standard","meta":{"ngg_post_thumbnail":0},"categories":[1],"tags":[],"jetpack_featured_media_url":"https:\/\/i0.wp.com\/www.colegionahuelcura.cl\/wp-content\/uploads\/2016\/09\/IMG_3221.jpg?fit=3264%2C2448&ssl=1","jetpack_sharing_enabled":true,"jetpack_shortlink":"https:\/\/wp.me\/p73X2C-zH","_links":{"self":[{"href":"https:\/\/www.colegionahuelcura.cl\/index.php?rest_route=\/wp\/v2\/posts\/2213"}],"collection":[{"href":"https:\/\/www.colegionahuelcura.cl\/index.php?rest_route=\/wp\/v2\/posts"}],"about":[{"href":"https:\/\/www.colegionahuelcura.cl\/index.php?rest_route=\/wp\/v2\/types\/post"}],"author":[{"embeddable":true,"href":"https:\/\/www.colegionahuelcura.cl\/index.php?rest_route=\/wp\/v2\/users\/2"}],"replies":[{"embeddable":true,"href":"https:\/\/www.colegionahuelcura.cl\/index.php?rest_route=%2Fwp%2Fv2%2Fcomments&post=2213"}],"version-history":[{"count":2,"href":"https:\/\/www.colegionahuelcura.cl\/index.php?rest_route=\/wp\/v2\/posts\/2213\/revisions"}],"predecessor-version":[{"id":2237,"href":"https:\/\/www.colegionahuelcura.cl\/index.php?rest_route=\/wp\/v2\/posts\/2213\/revisions\/2237"}],"wp:featuredmedia":[{"embeddable":true,"href":"https:\/\/www.colegionahuelcura.cl\/index.php?rest_route=\/wp\/v2\/media\/2214"}],"wp:attachment":[{"href":"https:\/\/www.colegionahuelcura.cl\/index.php?rest_route=%2Fwp%2Fv2%2Fmedia&parent=2213"}],"wp:term":[{"taxonomy":"category","embeddable":true,"href":"https:\/\/www.colegionahuelcura.cl\/index.php?rest_route=%2Fwp%2Fv2%2Fcategories&post=2213"},{"taxonomy":"post_tag","embeddable":true,"href":"https:\/\/www.colegionahuelcura.cl\/index.php?rest_route=%2Fwp%2Fv2%2Ftags&post=2213"}],"curies":[{"name":"wp","href":"https:\/\/api.w.org\/{rel}","templated":true}]}}