{"id":2412,"date":"2016-10-11T08:17:42","date_gmt":"2016-10-11T12:17:42","guid":{"rendered":"http:\/\/www.nahuelcura.cl\/?p=2412"},"modified":"2016-10-11T10:29:22","modified_gmt":"2016-10-11T14:29:22","slug":"sensible-fallecimiento","status":"publish","type":"post","link":"https:\/\/www.colegionahuelcura.cl\/?p=2412","title":{"rendered":"Sensible Fallecimiento"},"content":{"rendered":"<p style=\"text-align: justify;\">Se comunica a nuestra Comunidad Nahuelcura, el sensible fallecimiento del Sr. \u00d3scar Or\u00f3stica Madrid, padre de nuestra Directora de Estudios de Ense\u00f1anza B\u00e1sica, Sra. Claudia Or\u00f3stica Arriagada.<br \/>\nSus restos est\u00e1n siendo velados en la Funeraria Rodr\u00edguez, ubicada en Calle Pedro Emilio Cuadra 120, Rancagua.<br \/>\nLa Misa por su eterno descanso se realizar\u00e1 ma\u00f1ana mi\u00e9rcoles 12 de Octubre a las 15:00hrs. en la Iglesia Catedral de Rancagua, ubicada en Plaza de Los H\u00e9roes.<\/p>\n","protected":false},"excerpt":{"rendered":"<p>Se comunica a nuestra Comunidad Nahuelcura, el sensible fallecimiento del Sr. \u00d3scar Or\u00f3stica Madrid, padre de nuestra Directora de Estudios de Ense\u00f1anza B\u00e1sica, Sra. Claudia Or\u00f3stica Arriagada. Sus restos est\u00e1n siendo velados en la Funeraria [&hellip;]<\/p>\n","protected":false},"author":2,"featured_media":2413,"comment_status":"closed","ping_status":"closed","sticky":false,"template":"","format":"standard","meta":{"ngg_post_thumbnail":0},"categories":[1],"tags":[],"jetpack_featured_media_url":"https:\/\/i0.wp.com\/www.colegionahuelcura.cl\/wp-content\/uploads\/2016\/10\/Luto.png?fit=560%2C323&ssl=1","jetpack_sharing_enabled":true,"jetpack_shortlink":"https:\/\/wp.me\/p73X2C-CU","_links":{"self":[{"href":"https:\/\/www.colegionahuelcura.cl\/index.php?rest_route=\/wp\/v2\/posts\/2412"}],"collection":[{"href":"https:\/\/www.colegionahuelcura.cl\/index.php?rest_route=\/wp\/v2\/posts"}],"about":[{"href":"https:\/\/www.colegionahuelcura.cl\/index.php?rest_route=\/wp\/v2\/types\/post"}],"author":[{"embeddable":true,"href":"https:\/\/www.colegionahuelcura.cl\/index.php?rest_route=\/wp\/v2\/users\/2"}],"replies":[{"embeddable":true,"href":"https:\/\/www.colegionahuelcura.cl\/index.php?rest_route=%2Fwp%2Fv2%2Fcomments&post=2412"}],"version-history":[{"count":4,"href":"https:\/\/www.colegionahuelcura.cl\/index.php?rest_route=\/wp\/v2\/posts\/2412\/revisions"}],"predecessor-version":[{"id":2453,"href":"https:\/\/www.colegionahuelcura.cl\/index.php?rest_route=\/wp\/v2\/posts\/2412\/revisions\/2453"}],"wp:featuredmedia":[{"embeddable":true,"href":"https:\/\/www.colegionahuelcura.cl\/index.php?rest_route=\/wp\/v2\/media\/2413"}],"wp:attachment":[{"href":"https:\/\/www.colegionahuelcura.cl\/index.php?rest_route=%2Fwp%2Fv2%2Fmedia&parent=2412"}],"wp:term":[{"taxonomy":"category","embeddable":true,"href":"https:\/\/www.colegionahuelcura.cl\/index.php?rest_route=%2Fwp%2Fv2%2Fcategories&post=2412"},{"taxonomy":"post_tag","embeddable":true,"href":"https:\/\/www.colegionahuelcura.cl\/index.php?rest_route=%2Fwp%2Fv2%2Ftags&post=2412"}],"curies":[{"name":"wp","href":"https:\/\/api.w.org\/{rel}","templated":true}]}}