{"id":2474,"date":"2016-10-17T09:06:18","date_gmt":"2016-10-17T13:06:18","guid":{"rendered":"http:\/\/www.nahuelcura.cl\/?p=2474"},"modified":"2016-10-17T09:06:18","modified_gmt":"2016-10-17T13:06:18","slug":"bautismos-de-nahuelcura","status":"publish","type":"post","link":"https:\/\/www.colegionahuelcura.cl\/?p=2474","title":{"rendered":"Bautismos de Nahuelcura"},"content":{"rendered":"<p style=\"text-align: justify;\">El d\u00eda de ayer domingo 16 de octubre, tuvimos el Bautismo de 5 ni\u00f1os, hijos de 2 familias de nuestro Colegio Nahuelcura en la Capilla del Peque\u00f1o Cottolengo de Rancagua, con nuestro capell\u00e1n Padre \u00c1lvaro Olivares.<br \/>\nDos de las ni\u00f1as que se bautizaron har\u00e1n la primera comuni\u00f3n este a\u00f1o.<br \/>\nMuchas felicidades para los nuevos miembros de la Iglesia Cat\u00f3lica.<\/p>\n<p style=\"text-align: justify;\">\n<div class=\"ngg-galleryoverview ngg-slideshow\"\n\tid=\"ngg-slideshow-1d34f2b006014499fd817cbc6660d89c-8396027220\"\n\tdata-gallery-id=\"1d34f2b006014499fd817cbc6660d89c\"\n\tstyle=\"max-width: 600px;\n\t\t\tmax-height: 400px;\n\t\t\tdisplay: none;\">\n\n\t\n\t\t<a href=\"https:\/\/www.colegionahuelcura.cl\/wp-content\/gallery\/bautismos-2016\/IMG_20161016_115950750.png\"\n\t\t\ttitle=\"\"\n\t\t\tdata-src=\"https:\/\/www.colegionahuelcura.cl\/wp-content\/gallery\/bautismos-2016\/IMG_20161016_115950750.png\"\n\t\t\tdata-thumbnail=\"https:\/\/www.colegionahuelcura.cl\/wp-content\/gallery\/bautismos-2016\/thumbs\/thumbs_IMG_20161016_115950750.png\"\n\t\t\tdata-image-id=\"491\"\n\t\t\tdata-title=\"IMG_20161016_115950750\"\n\t\t\tdata-description=\"\"\n\t\t\tclass=\"ngg-fancybox\" rel=\"1d34f2b006014499fd817cbc6660d89c\">\n\n\t\t\t<img data-image-id='491'\n\t\t\t\ttitle=\"\"\n\t\t\t\talt=\"IMG_20161016_115950750\"\n\t\t\t\tsrc=\"https:\/\/www.colegionahuelcura.cl\/wp-content\/gallery\/bautismos-2016\/IMG_20161016_115950750.png\"\n\t\t\t\tstyle=\"max-height: 380px;\"\/>\n\t\t<\/a>\n\n\t\t\n\t\t<a href=\"https:\/\/www.colegionahuelcura.cl\/wp-content\/gallery\/bautismos-2016\/IMG_20161016_120004963.png\"\n\t\t\ttitle=\"\"\n\t\t\tdata-src=\"https:\/\/www.colegionahuelcura.cl\/wp-content\/gallery\/bautismos-2016\/IMG_20161016_120004963.png\"\n\t\t\tdata-thumbnail=\"https:\/\/www.colegionahuelcura.cl\/wp-content\/gallery\/bautismos-2016\/thumbs\/thumbs_IMG_20161016_120004963.png\"\n\t\t\tdata-image-id=\"492\"\n\t\t\tdata-title=\"IMG_20161016_120004963\"\n\t\t\tdata-description=\"\"\n\t\t\tclass=\"ngg-fancybox\" rel=\"1d34f2b006014499fd817cbc6660d89c\">\n\n\t\t\t<img data-image-id='492'\n\t\t\t\ttitle=\"\"\n\t\t\t\talt=\"IMG_20161016_120004963\"\n\t\t\t\tsrc=\"https:\/\/www.colegionahuelcura.cl\/wp-content\/gallery\/bautismos-2016\/IMG_20161016_120004963.png\"\n\t\t\t\tstyle=\"max-height: 380px;\"\/>\n\t\t<\/a>\n\n\t\t\n\t\t<a href=\"https:\/\/www.colegionahuelcura.cl\/wp-content\/gallery\/bautismos-2016\/IMG_20161016_120523144.png\"\n\t\t\ttitle=\"\"\n\t\t\tdata-src=\"https:\/\/www.colegionahuelcura.cl\/wp-content\/gallery\/bautismos-2016\/IMG_20161016_120523144.png\"\n\t\t\tdata-thumbnail=\"https:\/\/www.colegionahuelcura.cl\/wp-content\/gallery\/bautismos-2016\/thumbs\/thumbs_IMG_20161016_120523144.png\"\n\t\t\tdata-image-id=\"493\"\n\t\t\tdata-title=\"IMG_20161016_120523144\"\n\t\t\tdata-description=\"\"\n\t\t\tclass=\"ngg-fancybox\" rel=\"1d34f2b006014499fd817cbc6660d89c\">\n\n\t\t\t<img data-image-id='493'\n\t\t\t\ttitle=\"\"\n\t\t\t\talt=\"IMG_20161016_120523144\"\n\t\t\t\tsrc=\"https:\/\/www.colegionahuelcura.cl\/wp-content\/gallery\/bautismos-2016\/IMG_20161016_120523144.png\"\n\t\t\t\tstyle=\"max-height: 380px;\"\/>\n\t\t<\/a>\n\n\t\t\n\t\t<a href=\"https:\/\/www.colegionahuelcura.cl\/wp-content\/gallery\/bautismos-2016\/IMG_20161016_120533121.png\"\n\t\t\ttitle=\"\"\n\t\t\tdata-src=\"https:\/\/www.colegionahuelcura.cl\/wp-content\/gallery\/bautismos-2016\/IMG_20161016_120533121.png\"\n\t\t\tdata-thumbnail=\"https:\/\/www.colegionahuelcura.cl\/wp-content\/gallery\/bautismos-2016\/thumbs\/thumbs_IMG_20161016_120533121.png\"\n\t\t\tdata-image-id=\"494\"\n\t\t\tdata-title=\"IMG_20161016_120533121\"\n\t\t\tdata-description=\"\"\n\t\t\tclass=\"ngg-fancybox\" rel=\"1d34f2b006014499fd817cbc6660d89c\">\n\n\t\t\t<img data-image-id='494'\n\t\t\t\ttitle=\"\"\n\t\t\t\talt=\"IMG_20161016_120533121\"\n\t\t\t\tsrc=\"https:\/\/www.colegionahuelcura.cl\/wp-content\/gallery\/bautismos-2016\/IMG_20161016_120533121.png\"\n\t\t\t\tstyle=\"max-height: 380px;\"\/>\n\t\t<\/a>\n\n\t\t\n\t\t<a href=\"https:\/\/www.colegionahuelcura.cl\/wp-content\/gallery\/bautismos-2016\/IMG_20161016_120628848.png\"\n\t\t\ttitle=\"\"\n\t\t\tdata-src=\"https:\/\/www.colegionahuelcura.cl\/wp-content\/gallery\/bautismos-2016\/IMG_20161016_120628848.png\"\n\t\t\tdata-thumbnail=\"https:\/\/www.colegionahuelcura.cl\/wp-content\/gallery\/bautismos-2016\/thumbs\/thumbs_IMG_20161016_120628848.png\"\n\t\t\tdata-image-id=\"495\"\n\t\t\tdata-title=\"IMG_20161016_120628848\"\n\t\t\tdata-description=\"\"\n\t\t\tclass=\"ngg-fancybox\" rel=\"1d34f2b006014499fd817cbc6660d89c\">\n\n\t\t\t<img data-image-id='495'\n\t\t\t\ttitle=\"\"\n\t\t\t\talt=\"IMG_20161016_120628848\"\n\t\t\t\tsrc=\"https:\/\/www.colegionahuelcura.cl\/wp-content\/gallery\/bautismos-2016\/IMG_20161016_120628848.png\"\n\t\t\t\tstyle=\"max-height: 380px;\"\/>\n\t\t<\/a>\n\n\t\t\n\t\t<a href=\"https:\/\/www.colegionahuelcura.cl\/wp-content\/gallery\/bautismos-2016\/IMG_20161016_122730306.png\"\n\t\t\ttitle=\"\"\n\t\t\tdata-src=\"https:\/\/www.colegionahuelcura.cl\/wp-content\/gallery\/bautismos-2016\/IMG_20161016_122730306.png\"\n\t\t\tdata-thumbnail=\"https:\/\/www.colegionahuelcura.cl\/wp-content\/gallery\/bautismos-2016\/thumbs\/thumbs_IMG_20161016_122730306.png\"\n\t\t\tdata-image-id=\"496\"\n\t\t\tdata-title=\"IMG_20161016_122730306\"\n\t\t\tdata-description=\"\"\n\t\t\tclass=\"ngg-fancybox\" rel=\"1d34f2b006014499fd817cbc6660d89c\">\n\n\t\t\t<img data-image-id='496'\n\t\t\t\ttitle=\"\"\n\t\t\t\talt=\"IMG_20161016_122730306\"\n\t\t\t\tsrc=\"https:\/\/www.colegionahuelcura.cl\/wp-content\/gallery\/bautismos-2016\/IMG_20161016_122730306.png\"\n\t\t\t\tstyle=\"max-height: 380px;\"\/>\n\t\t<\/a>\n\n\t\t<\/div>\n\n\n<\/p>\n","protected":false},"excerpt":{"rendered":"<p>El d\u00eda de ayer domingo 16 de octubre, tuvimos el Bautismo de 5 ni\u00f1os, hijos de 2 familias de nuestro Colegio Nahuelcura en la Capilla del Peque\u00f1o Cottolengo de Rancagua, con nuestro capell\u00e1n Padre \u00c1lvaro [&hellip;]<\/p>\n","protected":false},"author":2,"featured_media":2476,"comment_status":"closed","ping_status":"closed","sticky":false,"template":"","format":"standard","meta":{"ngg_post_thumbnail":0},"categories":[1],"tags":[],"jetpack_featured_media_url":"https:\/\/i0.wp.com\/www.colegionahuelcura.cl\/wp-content\/uploads\/2016\/10\/1era-comunion.png?fit=640%2C404&ssl=1","jetpack_sharing_enabled":true,"jetpack_shortlink":"https:\/\/wp.me\/p73X2C-DU","_links":{"self":[{"href":"https:\/\/www.colegionahuelcura.cl\/index.php?rest_route=\/wp\/v2\/posts\/2474"}],"collection":[{"href":"https:\/\/www.colegionahuelcura.cl\/index.php?rest_route=\/wp\/v2\/posts"}],"about":[{"href":"https:\/\/www.colegionahuelcura.cl\/index.php?rest_route=\/wp\/v2\/types\/post"}],"author":[{"embeddable":true,"href":"https:\/\/www.colegionahuelcura.cl\/index.php?rest_route=\/wp\/v2\/users\/2"}],"replies":[{"embeddable":true,"href":"https:\/\/www.colegionahuelcura.cl\/index.php?rest_route=%2Fwp%2Fv2%2Fcomments&post=2474"}],"version-history":[{"count":1,"href":"https:\/\/www.colegionahuelcura.cl\/index.php?rest_route=\/wp\/v2\/posts\/2474\/revisions"}],"predecessor-version":[{"id":2492,"href":"https:\/\/www.colegionahuelcura.cl\/index.php?rest_route=\/wp\/v2\/posts\/2474\/revisions\/2492"}],"wp:featuredmedia":[{"embeddable":true,"href":"https:\/\/www.colegionahuelcura.cl\/index.php?rest_route=\/wp\/v2\/media\/2476"}],"wp:attachment":[{"href":"https:\/\/www.colegionahuelcura.cl\/index.php?rest_route=%2Fwp%2Fv2%2Fmedia&parent=2474"}],"wp:term":[{"taxonomy":"category","embeddable":true,"href":"https:\/\/www.colegionahuelcura.cl\/index.php?rest_route=%2Fwp%2Fv2%2Fcategories&post=2474"},{"taxonomy":"post_tag","embeddable":true,"href":"https:\/\/www.colegionahuelcura.cl\/index.php?rest_route=%2Fwp%2Fv2%2Ftags&post=2474"}],"curies":[{"name":"wp","href":"https:\/\/api.w.org\/{rel}","templated":true}]}}