{"id":2542,"date":"2016-10-27T15:40:42","date_gmt":"2016-10-27T19:40:42","guid":{"rendered":"http:\/\/www.nahuelcura.cl\/?p=2542"},"modified":"2016-10-27T15:59:35","modified_gmt":"2016-10-27T19:59:35","slug":"comunicacion-semana-24-al-28-de-octubre","status":"publish","type":"post","link":"https:\/\/www.colegionahuelcura.cl\/?p=2542","title":{"rendered":"COMUNICACI\u00d3N Semana 24 al 28 de Octubre"},"content":{"rendered":"<p style=\"text-align: justify;\">Estimados Padres y Apoderados:<\/p>\n<p style=\"text-align: justify;\">A trav\u00e9s de la presente quisi\u00e9ramos comunicar e informar a Ustedes, actividades de las siguientes semanas:<\/p>\n<p style=\"text-align: justify;\">1.- <span style=\"text-decoration: underline;\">Proceso de Becas 2017:<\/span> A partir del 01 de Octubre, se encuentra abierto el proceso de <strong>Postulaci\u00f3n a Becas 2017<\/strong>. Consultas en <em>Admisi\u00f3n Colegio<\/em> y en nuestra web: <a href=\"http:\/\/www.nahuelcura.cl\/?page_id=283\">www.nahuelcura.cl<\/a> &gt; Admisi\u00f3n &gt; Becas &gt; Reglamento de Becas (<a href=\"http:\/\/www.nahuelcura.cl\/wp-content\/uploads\/2016\/09\/Reglamento-de-Becas.pdf\" target=\"_blank\">Descargable PDF<\/a>).<\/p>\n<p style=\"text-align: justify;\">2.- <strong>Aniversario Colegio<\/strong> <strong>Alumnos<\/strong><\/p>\n<p style=\"text-align: justify;\"><span style=\"text-decoration: underline;\">Jueves 27:<\/span>&nbsp;Caracterizaciones seg\u00fan Alianzas:<\/p>\n<ul style=\"text-align: justify;\">\n<li><span style=\"text-decoration: underline;\">Alianza Cursos A:<\/span> <strong>Universal Studios<\/strong><\/li>\n<li><span style=\"text-decoration: underline;\">Alianza Cursos B:<\/span> <strong>Dreamworks Animation<\/strong><\/li>\n<li><span style=\"text-decoration: underline;\">Alianza Cursos C:<\/span> <strong>Pixar Animation Studios<\/strong><\/li>\n<\/ul>\n<p style=\"text-align: justify;\">Salida 15:00 hrs. <em>(Tarde Talleres Normales)<\/em><\/p>\n<p style=\"text-align: justify;\"><img decoding=\"async\" loading=\"lazy\" class=\"aligncenter size-full wp-image-2545\" src=\"https:\/\/i0.wp.com\/www.nahuelcura.cl\/wp-content\/uploads\/2016\/10\/TematicasAniv216.png?resize=630%2C72\" alt=\"tematicasaniv216\" width=\"630\" height=\"72\" srcset=\"https:\/\/i0.wp.com\/www.colegionahuelcura.cl\/wp-content\/uploads\/2016\/10\/TematicasAniv216.png?w=1044&amp;ssl=1 1044w, https:\/\/i0.wp.com\/www.colegionahuelcura.cl\/wp-content\/uploads\/2016\/10\/TematicasAniv216.png?resize=300%2C34&amp;ssl=1 300w, https:\/\/i0.wp.com\/www.colegionahuelcura.cl\/wp-content\/uploads\/2016\/10\/TematicasAniv216.png?resize=1024%2C117&amp;ssl=1 1024w\" sizes=\"(max-width: 630px) 100vw, 630px\" data-recalc-dims=\"1\" \/><\/p>\n<ul style=\"text-align: justify;\">\n<li style=\"text-align: justify;\">Los alumnos almorzar\u00e1n de 12:45 a 13:30 en cada sala con su Profesor Tutor. Se solicita traer una colaci\u00f3n fr\u00eda.<\/li>\n<li style=\"text-align: justify;\">Horario de salida Educaci\u00f3n B\u00e1sica y Educaci\u00f3n Media: a las 15:00 hrs.<\/li>\n<li style=\"text-align: justify;\">Horario de salida Educaci\u00f3n Parvularia: salida Normal.<\/li>\n<\/ul>\n<p style=\"text-align: justify;\"><span style=\"text-decoration: underline;\">Viernes 28 de Octubre<\/span><\/p>\n<ul style=\"text-align: justify;\">\n<li>Alumnos asisten con su vestimenta alusiva a la tem\u00e1tica.<\/li>\n<li>Se sugiere a los alumnos de Educaci\u00f3n B\u00e1sica traer m\u00e1s de una colaci\u00f3n, ya que ese d\u00eda no almorzar\u00e1n en el Colegio.<\/li>\n<li>La salida es anticipada: Educaci\u00f3n Media: 13:15, Educaci\u00f3n B\u00e1sica: 13:00, Educaci\u00f3n Parvularia: 12:45<\/li>\n<\/ul>\n<p style=\"text-align: justify;\">Les Saluda Cordialmente,<\/p>\n<p style=\"text-align: justify;\"><strong>Direcci\u00f3n del Colegio Nahuelcura de Machal\u00ed<\/strong><\/p>\n<p style=\"text-align: justify;\"><img decoding=\"async\" loading=\"lazy\" class=\"size-full wp-image-2508\" src=\"https:\/\/i0.wp.com\/www.nahuelcura.cl\/wp-content\/uploads\/2016\/10\/Logo-6A.png?resize=630%2C394\" alt=\"logo-6a\" width=\"630\" height=\"394\" srcset=\"https:\/\/i0.wp.com\/www.colegionahuelcura.cl\/wp-content\/uploads\/2016\/10\/Logo-6A.png?w=640&amp;ssl=1 640w, https:\/\/i0.wp.com\/www.colegionahuelcura.cl\/wp-content\/uploads\/2016\/10\/Logo-6A.png?resize=300%2C188&amp;ssl=1 300w, https:\/\/i0.wp.com\/www.colegionahuelcura.cl\/wp-content\/uploads\/2016\/10\/Logo-6A.png?resize=160%2C100&amp;ssl=1 160w\" sizes=\"(max-width: 630px) 100vw, 630px\" data-recalc-dims=\"1\" \/><\/p>\n","protected":false},"excerpt":{"rendered":"<p>Estimados Padres y Apoderados: A trav\u00e9s de la presente quisi\u00e9ramos comunicar e informar a Ustedes, actividades de las siguientes semanas: 1.- Proceso de Becas 2017: A partir del 01 de Octubre, se encuentra abierto el [&hellip;]<\/p>\n","protected":false},"author":2,"featured_media":203,"comment_status":"closed","ping_status":"closed","sticky":false,"template":"","format":"standard","meta":{"ngg_post_thumbnail":0},"categories":[1],"tags":[],"jetpack_featured_media_url":"https:\/\/i0.wp.com\/www.colegionahuelcura.cl\/wp-content\/uploads\/2016\/01\/LogoGmail.png?fit=320%2C132&ssl=1","jetpack_sharing_enabled":true,"jetpack_shortlink":"https:\/\/wp.me\/p73X2C-F0","_links":{"self":[{"href":"https:\/\/www.colegionahuelcura.cl\/index.php?rest_route=\/wp\/v2\/posts\/2542"}],"collection":[{"href":"https:\/\/www.colegionahuelcura.cl\/index.php?rest_route=\/wp\/v2\/posts"}],"about":[{"href":"https:\/\/www.colegionahuelcura.cl\/index.php?rest_route=\/wp\/v2\/types\/post"}],"author":[{"embeddable":true,"href":"https:\/\/www.colegionahuelcura.cl\/index.php?rest_route=\/wp\/v2\/users\/2"}],"replies":[{"embeddable":true,"href":"https:\/\/www.colegionahuelcura.cl\/index.php?rest_route=%2Fwp%2Fv2%2Fcomments&post=2542"}],"version-history":[{"count":9,"href":"https:\/\/www.colegionahuelcura.cl\/index.php?rest_route=\/wp\/v2\/posts\/2542\/revisions"}],"predecessor-version":[{"id":2552,"href":"https:\/\/www.colegionahuelcura.cl\/index.php?rest_route=\/wp\/v2\/posts\/2542\/revisions\/2552"}],"wp:featuredmedia":[{"embeddable":true,"href":"https:\/\/www.colegionahuelcura.cl\/index.php?rest_route=\/wp\/v2\/media\/203"}],"wp:attachment":[{"href":"https:\/\/www.colegionahuelcura.cl\/index.php?rest_route=%2Fwp%2Fv2%2Fmedia&parent=2542"}],"wp:term":[{"taxonomy":"category","embeddable":true,"href":"https:\/\/www.colegionahuelcura.cl\/index.php?rest_route=%2Fwp%2Fv2%2Fcategories&post=2542"},{"taxonomy":"post_tag","embeddable":true,"href":"https:\/\/www.colegionahuelcura.cl\/index.php?rest_route=%2Fwp%2Fv2%2Ftags&post=2542"}],"curies":[{"name":"wp","href":"https:\/\/api.w.org\/{rel}","templated":true}]}}