{"id":2706,"date":"2016-11-24T13:16:50","date_gmt":"2016-11-24T17:16:50","guid":{"rendered":"http:\/\/www.nahuelcura.cl\/?p=2706"},"modified":"2016-12-02T08:09:03","modified_gmt":"2016-12-02T12:09:03","slug":"ceremonia-de-confirmacion-2016","status":"publish","type":"post","link":"https:\/\/www.colegionahuelcura.cl\/?p=2706","title":{"rendered":"Ceremonia de Confirmaci\u00f3n 2016"},"content":{"rendered":"<p style=\"text-align: justify;\">Con la presencia del <span style=\"text-decoration: underline;\">Obispo de Rancagua<\/span>, <strong>Monse\u00f1or Alejandro Goic Karmelic<\/strong> y el <span style=\"text-decoration: underline;\">Reverendo<\/span> <strong>Padre Patricio Cavour Calder\u00f3n<\/strong>, se celebr\u00f3 el d\u00eda Mi\u00e9rcoles 23 de Noviembre a las 19:00 hrs., en dependencias de nuestro Colegio, la <strong>Primera Ceremonia de Confirmaci\u00f3n Cat\u00f3lica<\/strong> para los j\u00f3venes que ya por dos a\u00f1os se han preparado para recibir este sacramento.<br \/>\nCatorce estudiantes de ense\u00f1anza media y la Profesora Valeria Rojas del Ciclo de Educaci\u00f3n B\u00e1sica, aceptaron este sacramento.<br \/>\nUn llamado a los j\u00f3venes y en general a la audiencia a ser <em>\u201ctestigos de su f\u00e9\u201d<\/em>,<em> \u201ca tener valent\u00eda y entereza para enfrentar los cambios del mundo sin perder el mensaje cristiano\u201d<\/em>, fueron palabras del Obispo, que calaron muy hondo en los confirmandos y sus familias.<br \/>\nCabe se\u00f1alar que la ceremonia result\u00f3 impecable por su organizaci\u00f3n y emotividad, tanto por el significado de la misma, como por la participaci\u00f3n de las distintas familias del Colegio, adem\u00e1s especial, fue el marco musical que puso el coro, que deleit\u00f3 con sus interpretaciones a la audiencia.<br \/>\nMenci\u00f3n especial, hacen las familias participantes, quienes se sintieron muy satisfechas de participar en este evento y valoraron mucho el compromiso del Colegio con esta actividad.<br \/>\nEl <span style=\"text-decoration: underline;\">Rector del Colegio<\/span>, <strong>Sr. Cristian Toledo S\u00e1ez<\/strong>, se manifest\u00f3 muy complacido por la recepci\u00f3n de las familias, <em>\u201cen el entendido que no siendo Nahuelcura un colegio confesional, se aprecie tanto inter\u00e9s de los j\u00f3venes en participar de sacramentos cat\u00f3licos, lo que demuestra un sentir importante de la comunidad, al que el Colegio ha dado cuenta&#8221;<\/em>. Asimismo, manifest\u00f3 su alegr\u00eda por la visita del Monse\u00f1or Goic y el Padre Patricio, quien ya es parte del Colegio.<br \/>\nFinalmente recalc\u00f3 el trabajo de <strong>miss Alejandra Sald\u00edas<\/strong>, como <span style=\"text-decoration: underline;\">monitora de Confirmaci\u00f3n y Docente de Educaci\u00f3n Parvularia<\/span>, quien impuls\u00f3 este proyecto desde 2015, as\u00ed como el trabajo comprometido y responsable de <strong>miss Lorena Montecino<\/strong>, <span style=\"text-decoration: underline;\">Docente&nbsp;de Religi\u00f3n del Colegio y encargada de la Pastoral<\/span> del mismo. Manifest\u00f3 su agradecimiento adem\u00e1s, a todos los funcionarios y colaboradores que hicieron posible el \u00e9xito de esta fiesta, pues lo que se ve siempre es la punta del t\u00e9mpano, pues muchas personas y colaboradores trabajan para que todo salga bien.<\/p>\n<p><img decoding=\"async\" loading=\"lazy\" class=\"size-full wp-image-2711 alignnone\" src=\"https:\/\/i0.wp.com\/www.nahuelcura.cl\/wp-content\/uploads\/2016\/11\/images.png?resize=16%2C16\" alt=\"images\" width=\"16\" height=\"16\"  data-recalc-dims=\"1\">&nbsp;<a href=\"https:\/\/goo.gl\/photos\/qXU9ptZ39DFg2Pq78\" target=\"_blank\">Galer\u00eda de Im\u00e1genes<\/a><\/p>\n","protected":false},"excerpt":{"rendered":"<p>Con la presencia del Obispo de Rancagua, Monse\u00f1or Alejandro Goic Karmelic y el Reverendo Padre Patricio Cavour Calder\u00f3n, se celebr\u00f3 el d\u00eda Mi\u00e9rcoles 23 de Noviembre a las 19:00 hrs., en dependencias de nuestro Colegio, [&hellip;]<\/p>\n","protected":false},"author":2,"featured_media":2708,"comment_status":"closed","ping_status":"closed","sticky":false,"template":"","format":"standard","meta":{"ngg_post_thumbnail":0},"categories":[1],"tags":[],"jetpack_featured_media_url":"https:\/\/i0.wp.com\/www.colegionahuelcura.cl\/wp-content\/uploads\/2016\/11\/Confirmaci\u00f3n.jpg?fit=640%2C360&ssl=1","jetpack_sharing_enabled":true,"jetpack_shortlink":"https:\/\/wp.me\/p73X2C-HE","_links":{"self":[{"href":"https:\/\/www.colegionahuelcura.cl\/index.php?rest_route=\/wp\/v2\/posts\/2706"}],"collection":[{"href":"https:\/\/www.colegionahuelcura.cl\/index.php?rest_route=\/wp\/v2\/posts"}],"about":[{"href":"https:\/\/www.colegionahuelcura.cl\/index.php?rest_route=\/wp\/v2\/types\/post"}],"author":[{"embeddable":true,"href":"https:\/\/www.colegionahuelcura.cl\/index.php?rest_route=\/wp\/v2\/users\/2"}],"replies":[{"embeddable":true,"href":"https:\/\/www.colegionahuelcura.cl\/index.php?rest_route=%2Fwp%2Fv2%2Fcomments&post=2706"}],"version-history":[{"count":4,"href":"https:\/\/www.colegionahuelcura.cl\/index.php?rest_route=\/wp\/v2\/posts\/2706\/revisions"}],"predecessor-version":[{"id":2712,"href":"https:\/\/www.colegionahuelcura.cl\/index.php?rest_route=\/wp\/v2\/posts\/2706\/revisions\/2712"}],"wp:featuredmedia":[{"embeddable":true,"href":"https:\/\/www.colegionahuelcura.cl\/index.php?rest_route=\/wp\/v2\/media\/2708"}],"wp:attachment":[{"href":"https:\/\/www.colegionahuelcura.cl\/index.php?rest_route=%2Fwp%2Fv2%2Fmedia&parent=2706"}],"wp:term":[{"taxonomy":"category","embeddable":true,"href":"https:\/\/www.colegionahuelcura.cl\/index.php?rest_route=%2Fwp%2Fv2%2Fcategories&post=2706"},{"taxonomy":"post_tag","embeddable":true,"href":"https:\/\/www.colegionahuelcura.cl\/index.php?rest_route=%2Fwp%2Fv2%2Ftags&post=2706"}],"curies":[{"name":"wp","href":"https:\/\/api.w.org\/{rel}","templated":true}]}}