{"id":2714,"date":"2016-11-30T07:27:39","date_gmt":"2016-11-30T11:27:39","guid":{"rendered":"http:\/\/www.nahuelcura.cl\/?p=2714"},"modified":"2016-12-02T08:07:11","modified_gmt":"2016-12-02T12:07:11","slug":"licenciatura-iv-medios-2016","status":"publish","type":"post","link":"https:\/\/www.colegionahuelcura.cl\/?p=2714","title":{"rendered":"Licenciatura IV\u00b0 Medios 2016"},"content":{"rendered":"<p style=\"text-align: justify;\">El pasado Viernes 25 de Noviembre, nuestro Colegio Nahuelcura de Machal\u00ed, celebr\u00f3 la <strong>Ceremonia de Licenciatura<\/strong> de la <strong>Cuarta Generaci\u00f3n de Alumnos de Cuartos Medios<\/strong> que egresan de sus aulas.<br \/>\nEsta evento result\u00f3 impecable por su organizaci\u00f3n y formalidad, que brindaron el marco preciso para despedir a estos j\u00f3venes.<\/p>\n<p style=\"text-align: justify;\"><img decoding=\"async\" loading=\"lazy\" class=\"size-full wp-image-2711 alignnone\" src=\"https:\/\/i0.wp.com\/www.nahuelcura.cl\/wp-content\/uploads\/2016\/11\/images.png?resize=16%2C16\" alt=\"images\" width=\"16\" height=\"16\"  data-recalc-dims=\"1\">&nbsp;<a href=\"https:\/\/goo.gl\/photos\/epNS9K38k7qwqCV2A\" target=\"_blank\">Galer\u00eda de Im\u00e1genes<\/a><\/p>\n<p><iframe loading=\"lazy\" src=\"https:\/\/www.youtube.com\/embed\/-lnbcQSfads\" width=\"560\" height=\"315\" frameborder=\"0\" allowfullscreen=\"allowfullscreen\"><\/iframe><\/p>\n<p><iframe loading=\"lazy\" src=\"https:\/\/www.youtube.com\/embed\/VyYgudECbI0\" width=\"560\" height=\"315\" frameborder=\"0\" allowfullscreen=\"allowfullscreen\"><\/iframe><\/p>\n","protected":false},"excerpt":{"rendered":"<p>El pasado Viernes 25 de Noviembre, nuestro Colegio Nahuelcura de Machal\u00ed, celebr\u00f3 la Ceremonia de Licenciatura de la Cuarta Generaci\u00f3n de Alumnos de Cuartos Medios que egresan de sus aulas. Esta evento result\u00f3 impecable por [&hellip;]<\/p>\n","protected":false},"author":2,"featured_media":2715,"comment_status":"closed","ping_status":"closed","sticky":false,"template":"","format":"standard","meta":{"ngg_post_thumbnail":0},"categories":[1],"tags":[],"jetpack_featured_media_url":"https:\/\/i0.wp.com\/www.colegionahuelcura.cl\/wp-content\/uploads\/2016\/11\/Portada-IVs.png?fit=640%2C360&ssl=1","jetpack_sharing_enabled":true,"jetpack_shortlink":"https:\/\/wp.me\/p73X2C-HM","_links":{"self":[{"href":"https:\/\/www.colegionahuelcura.cl\/index.php?rest_route=\/wp\/v2\/posts\/2714"}],"collection":[{"href":"https:\/\/www.colegionahuelcura.cl\/index.php?rest_route=\/wp\/v2\/posts"}],"about":[{"href":"https:\/\/www.colegionahuelcura.cl\/index.php?rest_route=\/wp\/v2\/types\/post"}],"author":[{"embeddable":true,"href":"https:\/\/www.colegionahuelcura.cl\/index.php?rest_route=\/wp\/v2\/users\/2"}],"replies":[{"embeddable":true,"href":"https:\/\/www.colegionahuelcura.cl\/index.php?rest_route=%2Fwp%2Fv2%2Fcomments&post=2714"}],"version-history":[{"count":7,"href":"https:\/\/www.colegionahuelcura.cl\/index.php?rest_route=\/wp\/v2\/posts\/2714\/revisions"}],"predecessor-version":[{"id":2735,"href":"https:\/\/www.colegionahuelcura.cl\/index.php?rest_route=\/wp\/v2\/posts\/2714\/revisions\/2735"}],"wp:featuredmedia":[{"embeddable":true,"href":"https:\/\/www.colegionahuelcura.cl\/index.php?rest_route=\/wp\/v2\/media\/2715"}],"wp:attachment":[{"href":"https:\/\/www.colegionahuelcura.cl\/index.php?rest_route=%2Fwp%2Fv2%2Fmedia&parent=2714"}],"wp:term":[{"taxonomy":"category","embeddable":true,"href":"https:\/\/www.colegionahuelcura.cl\/index.php?rest_route=%2Fwp%2Fv2%2Fcategories&post=2714"},{"taxonomy":"post_tag","embeddable":true,"href":"https:\/\/www.colegionahuelcura.cl\/index.php?rest_route=%2Fwp%2Fv2%2Ftags&post=2714"}],"curies":[{"name":"wp","href":"https:\/\/api.w.org\/{rel}","templated":true}]}}