{"id":2717,"date":"2016-11-30T07:33:40","date_gmt":"2016-11-30T11:33:40","guid":{"rendered":"http:\/\/www.nahuelcura.cl\/?p=2717"},"modified":"2016-12-02T08:32:00","modified_gmt":"2016-12-02T12:32:00","slug":"primeras-comuniones","status":"publish","type":"post","link":"https:\/\/www.colegionahuelcura.cl\/?p=2717","title":{"rendered":"Primeras Comuniones"},"content":{"rendered":"<p style=\"text-align: justify;\">El S\u00e1bado 26 de Noviembre, se realizaron la <strong>Primeras Comuniones<\/strong> de los estudiantes del Colegio, que se han preparado para recibir el Sacramento.<br \/>\nEsta ceremonia cont\u00f3 con la participaci\u00f3n de invitados y familiares de los 40 j\u00f3venes que recib\u00edan el sacramento, las autoridades del Colegio, encabezadas por su rector, el Sr. Cristian Toledo S\u00e1ez.<br \/>\nOfici\u00f3 la Ceremonia religiosa el R.P. Alvaro Olivares.<\/p>\n<p style=\"text-align: justify;\"><img decoding=\"async\" loading=\"lazy\" class=\"size-full wp-image-2711 alignnone\" src=\"https:\/\/i0.wp.com\/www.nahuelcura.cl\/wp-content\/uploads\/2016\/11\/images.png?resize=16%2C16\" alt=\"images\" width=\"16\" height=\"16\"  data-recalc-dims=\"1\">&nbsp;<a href=\"https:\/\/goo.gl\/photos\/kYNBKS2wuwE3Hnu78\" target=\"_blank\">Galer\u00eda de Im\u00e1genes<\/a>&nbsp;<\/p>\n","protected":false},"excerpt":{"rendered":"<p>El S\u00e1bado 26 de Noviembre, se realizaron la Primeras Comuniones de los estudiantes del Colegio, que se han preparado para recibir el Sacramento. Esta ceremonia cont\u00f3 con la participaci\u00f3n de invitados y familiares de los [&hellip;]<\/p>\n","protected":false},"author":2,"featured_media":2718,"comment_status":"closed","ping_status":"closed","sticky":false,"template":"","format":"standard","meta":{"ngg_post_thumbnail":0},"categories":[1],"tags":[],"jetpack_featured_media_url":"https:\/\/i0.wp.com\/www.colegionahuelcura.cl\/wp-content\/uploads\/2016\/11\/cura.png?fit=640%2C360&ssl=1","jetpack_sharing_enabled":true,"jetpack_shortlink":"https:\/\/wp.me\/p73X2C-HP","_links":{"self":[{"href":"https:\/\/www.colegionahuelcura.cl\/index.php?rest_route=\/wp\/v2\/posts\/2717"}],"collection":[{"href":"https:\/\/www.colegionahuelcura.cl\/index.php?rest_route=\/wp\/v2\/posts"}],"about":[{"href":"https:\/\/www.colegionahuelcura.cl\/index.php?rest_route=\/wp\/v2\/types\/post"}],"author":[{"embeddable":true,"href":"https:\/\/www.colegionahuelcura.cl\/index.php?rest_route=\/wp\/v2\/users\/2"}],"replies":[{"embeddable":true,"href":"https:\/\/www.colegionahuelcura.cl\/index.php?rest_route=%2Fwp%2Fv2%2Fcomments&post=2717"}],"version-history":[{"count":3,"href":"https:\/\/www.colegionahuelcura.cl\/index.php?rest_route=\/wp\/v2\/posts\/2717\/revisions"}],"predecessor-version":[{"id":2769,"href":"https:\/\/www.colegionahuelcura.cl\/index.php?rest_route=\/wp\/v2\/posts\/2717\/revisions\/2769"}],"wp:featuredmedia":[{"embeddable":true,"href":"https:\/\/www.colegionahuelcura.cl\/index.php?rest_route=\/wp\/v2\/media\/2718"}],"wp:attachment":[{"href":"https:\/\/www.colegionahuelcura.cl\/index.php?rest_route=%2Fwp%2Fv2%2Fmedia&parent=2717"}],"wp:term":[{"taxonomy":"category","embeddable":true,"href":"https:\/\/www.colegionahuelcura.cl\/index.php?rest_route=%2Fwp%2Fv2%2Fcategories&post=2717"},{"taxonomy":"post_tag","embeddable":true,"href":"https:\/\/www.colegionahuelcura.cl\/index.php?rest_route=%2Fwp%2Fv2%2Ftags&post=2717"}],"curies":[{"name":"wp","href":"https:\/\/api.w.org\/{rel}","templated":true}]}}