{"id":2770,"date":"2016-12-02T11:06:16","date_gmt":"2016-12-02T15:06:16","guid":{"rendered":"http:\/\/www.nahuelcura.cl\/?p=2770"},"modified":"2016-12-02T11:17:49","modified_gmt":"2016-12-02T15:17:49","slug":"certificacion-de-alumnos-programa-de-prevencion-de-riesgos-para-5-basicos","status":"publish","type":"post","link":"https:\/\/www.colegionahuelcura.cl\/?p=2770","title":{"rendered":"Certificaci\u00f3n de Alumnos &#8220;Programa de Prevenci\u00f3n de Riesgos&#8221; para 5\u00b0 B\u00e1sicos"},"content":{"rendered":"<p style=\"text-align: justify;\">Con fecha 1 de Diciembre de 2016, se llev\u00f3 a cabo en el Colegio la <strong>Ceremonia de Certificaci\u00f3n<\/strong> de todos los alumnos <span style=\"text-decoration: underline;\">Quintos B\u00e1sicos<\/span> que trabajaron durante el a\u00f1o en el <strong>Programa de Prevenci\u00f3n de Riesgos<\/strong>.<br \/>\nLa Ceremonia estuvo encabezada por el Rector del Colegio Sr. Cristian Toledo S\u00e1ez y participaron: el Sr. Santiago Filgueira, Jefe de Cartera de Mutual de Seguridad, el Sr. Mario Catal\u00e1n, Prevencionista de Riesgos de Mutual de Seguridad, las Direcciones de Estudios, los Profesores Tutores de 5\u00b0 A, B y C, as\u00ed como familiares de los estudiantes.<\/p>\n<p style=\"text-align: center;\"><strong>\u00bfEn qu\u00e9 consiste este Plan de Prevenci\u00f3n en Seguridad?<\/strong><\/p>\n<p style=\"text-align: justify;\"><span style=\"text-decoration: underline;\">Objetivos:<\/span><\/p>\n<p style=\"text-align: justify;\">Buscando crear una cultura de innovaci\u00f3n de Prevenci\u00f3n de Riesgos Escolar en los alumnos de Educaci\u00f3n B\u00e1sica y generar un cambio conductual en materia de prevenci\u00f3n, para ello hemos creado objetivos que a continuaci\u00f3n se especifican:<\/p>\n<ul style=\"text-align: justify;\">\n<li>Que el ni\u00f1o sea capaz de identificar situaciones de riesgo en su entorno m\u00e1s cercano.<\/li>\n<li>Crear h\u00e1bitos que se reflejen en conductas preventivas al enfrentarse a acciones de terceros y condiciones de riesgos.<\/li>\n<\/ul>\n<p style=\"text-align: justify;\"><span style=\"text-decoration: underline;\">Implementaci\u00f3n:<\/span><\/p>\n<ul style=\"text-align: justify;\">\n<li>Constituci\u00f3n de un Equipo de Trabajo.<\/li>\n<li>Establecer los Objetivos M\u00ednimos Obligatorios, Aprendizaje esperado e Indicadores de logro.<\/li>\n<li>Selecci\u00f3n de Objetivos Fundamentales Transversales.<\/li>\n<li>Definici\u00f3n de UNIDADES y elaboraci\u00f3n de contenidos m\u00ednimos obligatorios.<\/li>\n<\/ul>\n<p style=\"text-align: justify;\"><span style=\"text-decoration: underline;\">Unidades de Contenidos:<\/span><\/p>\n<ol style=\"text-align: justify;\">\n<li>Inducci\u00f3n a la Prevenci\u00f3n de Riesgos.<\/li>\n<li>Autocuidado.<\/li>\n<li>Prevenci\u00f3n de Riesgos en el hogar.<\/li>\n<li>Riesgos El\u00e9ctricos.<\/li>\n<li>Prevenci\u00f3n de Riesgos en el colegio.<\/li>\n<li>Prevenci\u00f3n de Incendios.<\/li>\n<li>Uso y manejo de extintores.<\/li>\n<li>Primeros auxilios.<\/li>\n<li>Educaci\u00f3n vial.<\/li>\n<li>Plan de Emergencia y Evacuaci\u00f3n.<\/li>\n<li>Prevenci\u00f3n de Riesgos en vacaciones.<\/li>\n<li>Prevenci\u00f3n de Riesgos en Fiestas Patrias.<\/li>\n<li>Prevenci\u00f3n de Riesgos en fiestas de fin de a\u00f1o.<\/li>\n<\/ol>\n<p style=\"text-align: justify;\"><span style=\"text-decoration: underline;\">Contenidos del Taller:<\/span><\/p>\n<ul>\n<li style=\"text-align: justify;\">13 Unidades.<\/li>\n<li style=\"text-align: justify;\">38 clases efectivas de 45 minutos cada una.<\/li>\n<li style=\"text-align: justify;\">Participaci\u00f3n de profesionales de distintas \u00e1reas.<\/li>\n<li style=\"text-align: justify;\">Se eval\u00faa con calificaci\u00f3n curricular.<\/li>\n<li style=\"text-align: justify;\">Clases Te\u00f3rico \u2013 Pr\u00e1cticas.<\/li>\n<li style=\"text-align: justify;\">Evaluaciones te\u00f3ricas y pr\u00e1cticas (grupales e individuales).<\/li>\n<li style=\"text-align: justify;\">Entrega de cuaderno de actividades para cada alumno.<\/li>\n<li style=\"text-align: justify;\">Desarrollo de visita a Centro Cl\u00ednico de Mutual de Seguridad, secci\u00f3n de laboratorio y rehabilitaci\u00f3n.<\/li>\n<li style=\"text-align: justify;\">Cierre de Jornada en instalaciones a convenir (entrega de certificaci\u00f3n).<\/li>\n<li style=\"text-align: justify;\">Capacitaci\u00f3n a profesores que asumir\u00e1n la futura implementaci\u00f3n del proyecto.<\/li>\n<\/ul>\n<p><img decoding=\"async\" loading=\"lazy\" class=\"size-full wp-image-2711 alignnone\" src=\"https:\/\/i0.wp.com\/www.nahuelcura.cl\/wp-content\/uploads\/2016\/11\/images.png?resize=16%2C16\" alt=\"images\" width=\"16\" height=\"16\"  data-recalc-dims=\"1\">&nbsp;<a href=\"https:\/\/goo.gl\/photos\/wSzXvw7dDYFEMsiA9\" target=\"_blank\">Galer\u00eda de Im\u00e1genes<\/a><\/p>\n","protected":false},"excerpt":{"rendered":"<p>Con fecha 1 de Diciembre de 2016, se llev\u00f3 a cabo en el Colegio la Ceremonia de Certificaci\u00f3n de todos los alumnos Quintos B\u00e1sicos que trabajaron durante el a\u00f1o en el Programa de Prevenci\u00f3n de [&hellip;]<\/p>\n","protected":false},"author":2,"featured_media":2773,"comment_status":"closed","ping_status":"closed","sticky":false,"template":"","format":"standard","meta":{"ngg_post_thumbnail":0},"categories":[1],"tags":[],"jetpack_featured_media_url":"https:\/\/i0.wp.com\/www.colegionahuelcura.cl\/wp-content\/uploads\/2016\/12\/JEC.jpg?fit=640%2C360&ssl=1","jetpack_sharing_enabled":true,"jetpack_shortlink":"https:\/\/wp.me\/p73X2C-IG","_links":{"self":[{"href":"https:\/\/www.colegionahuelcura.cl\/index.php?rest_route=\/wp\/v2\/posts\/2770"}],"collection":[{"href":"https:\/\/www.colegionahuelcura.cl\/index.php?rest_route=\/wp\/v2\/posts"}],"about":[{"href":"https:\/\/www.colegionahuelcura.cl\/index.php?rest_route=\/wp\/v2\/types\/post"}],"author":[{"embeddable":true,"href":"https:\/\/www.colegionahuelcura.cl\/index.php?rest_route=\/wp\/v2\/users\/2"}],"replies":[{"embeddable":true,"href":"https:\/\/www.colegionahuelcura.cl\/index.php?rest_route=%2Fwp%2Fv2%2Fcomments&post=2770"}],"version-history":[{"count":5,"href":"https:\/\/www.colegionahuelcura.cl\/index.php?rest_route=\/wp\/v2\/posts\/2770\/revisions"}],"predecessor-version":[{"id":2776,"href":"https:\/\/www.colegionahuelcura.cl\/index.php?rest_route=\/wp\/v2\/posts\/2770\/revisions\/2776"}],"wp:featuredmedia":[{"embeddable":true,"href":"https:\/\/www.colegionahuelcura.cl\/index.php?rest_route=\/wp\/v2\/media\/2773"}],"wp:attachment":[{"href":"https:\/\/www.colegionahuelcura.cl\/index.php?rest_route=%2Fwp%2Fv2%2Fmedia&parent=2770"}],"wp:term":[{"taxonomy":"category","embeddable":true,"href":"https:\/\/www.colegionahuelcura.cl\/index.php?rest_route=%2Fwp%2Fv2%2Fcategories&post=2770"},{"taxonomy":"post_tag","embeddable":true,"href":"https:\/\/www.colegionahuelcura.cl\/index.php?rest_route=%2Fwp%2Fv2%2Ftags&post=2770"}],"curies":[{"name":"wp","href":"https:\/\/api.w.org\/{rel}","templated":true}]}}