{"id":2788,"date":"2016-12-05T11:00:32","date_gmt":"2016-12-05T15:00:32","guid":{"rendered":"http:\/\/www.nahuelcura.cl\/?p=2788"},"modified":"2016-12-05T11:05:05","modified_gmt":"2016-12-05T15:05:05","slug":"banda-sin-salida-rock-solidario-talento-100-nahuelcura","status":"publish","type":"post","link":"https:\/\/www.colegionahuelcura.cl\/?p=2788","title":{"rendered":"Banda Sin Salida: Rock Solidario, Talento 100% Nahuelcura"},"content":{"rendered":"<p style=\"text-align: justify;\">El pasado 03 de diciembre en el <span style=\"text-decoration: underline;\">show oficial de la Telet\u00f3n 2016<\/span> en nuestra comuna de <span style=\"text-decoration: underline;\">Machal\u00ed<\/span>, se present\u00f3 <strong>Sin Salida<\/strong>, <span style=\"text-decoration: underline;\">Banda de Rock<\/span> que est\u00e1 compuesta por un grupo de m\u00fasicos j\u00f3venes y talentosos, todos alumnos de 7\u00ba B\u00e1sico de nuestro Colegio Nahuelcura.<br \/>\nEllos fueron el <span style=\"text-decoration: underline;\">grupo revelaci\u00f3n<\/span> de esta jornada solidaria, <strong>destacados por la Municipalidad de Machal\u00ed<\/strong> y especialmente por la m\u00e1xima autoridad comunal, el <strong>Alcalde sr. Jos\u00e9 Miguel Urrutia<\/strong>.<\/p>\n<p style=\"text-align: justify;\"><span style=\"text-decoration: underline;\">Integrantes:<\/span><\/p>\n<ul>\n<li style=\"text-align: justify;\">Voz: <strong>JUAN PABLO SOTO<\/strong><\/li>\n<li style=\"text-align: justify;\">Guitarra: <strong>BENJAM\u00cdN FUENZALIDA<\/strong><\/li>\n<li style=\"text-align: justify;\">Bajo: <strong>PABLO MORIS<\/strong><\/li>\n<li style=\"text-align: justify;\">Bater\u00eda: <strong>YANKO BRAVO<\/strong><\/li>\n<\/ul>\n<p><img decoding=\"async\" loading=\"lazy\" class=\"aligncenter size-full wp-image-2789\" src=\"https:\/\/i0.wp.com\/www.nahuelcura.cl\/wp-content\/uploads\/2016\/12\/15317729_1681935935430696_8424776142231324930_n.jpg?resize=630%2C803\" alt=\"15317729_1681935935430696_8424776142231324930_n\" width=\"630\" height=\"803\" srcset=\"https:\/\/i0.wp.com\/www.colegionahuelcura.cl\/wp-content\/uploads\/2016\/12\/15317729_1681935935430696_8424776142231324930_n.jpg?w=720&amp;ssl=1 720w, https:\/\/i0.wp.com\/www.colegionahuelcura.cl\/wp-content\/uploads\/2016\/12\/15317729_1681935935430696_8424776142231324930_n.jpg?resize=235%2C300&amp;ssl=1 235w\" sizes=\"(max-width: 630px) 100vw, 630px\" data-recalc-dims=\"1\" \/><br \/>\n<img decoding=\"async\" loading=\"lazy\" class=\"aligncenter size-full wp-image-2790\" src=\"https:\/\/i0.wp.com\/www.nahuelcura.cl\/wp-content\/uploads\/2016\/12\/BSS.png?resize=494%2C482\" alt=\"bss\" width=\"494\" height=\"482\" srcset=\"https:\/\/i0.wp.com\/www.colegionahuelcura.cl\/wp-content\/uploads\/2016\/12\/BSS.png?w=494&amp;ssl=1 494w, https:\/\/i0.wp.com\/www.colegionahuelcura.cl\/wp-content\/uploads\/2016\/12\/BSS.png?resize=300%2C293&amp;ssl=1 300w\" sizes=\"(max-width: 494px) 100vw, 494px\" data-recalc-dims=\"1\" \/><\/p>\n<p>ngg_shortcode_0_placeholder<br \/>\n<script>window.fbAsyncInit = function() {\n    FB.init({\n        xfbml      : true,\n        version    : 'v2.3'\n    });\n    }; (function(d, s, id){\n        var js, fjs = d.getElementsByTagName(s)[0];\n        if (d.getElementById(id)) {return;}\n        js = d.createElement(s); js.id = id;\n        js.src = \"\/\/connect.facebook.net\/en_US\/sdk.js\";\n        fjs.parentNode.insertBefore(js, fjs);\n    }(document, 'script', 'facebook-jssdk'));<\/script><br \/>\n<strong>Nunca quedas mal con nadie<\/strong><\/p>\n<div class=\"fb-video\" data-href=\"https:\/\/www.facebook.com\/1681750745449215\/videos\/1681873948770228\/\" data-width=\"500\" data-allowfullscreen=\"true\">&nbsp;<\/div>\n<p>&nbsp;<\/p>\n<p><strong>Boys Don&#8217;t Cry<\/strong><\/p>\n<div class=\"fb-video\" data-href=\"https:\/\/www.facebook.com\/1681750745449215\/videos\/1681949855429304\/\" data-width=\"500\" data-allowfullscreen=\"true\">&nbsp;<\/div>\n","protected":false},"excerpt":{"rendered":"<p>El pasado 03 de diciembre en el show oficial de la Telet\u00f3n 2016 en nuestra comuna de Machal\u00ed, se present\u00f3 Sin Salida, Banda de Rock que est\u00e1 compuesta por un grupo de m\u00fasicos j\u00f3venes y [&hellip;]<\/p>\n","protected":false},"author":2,"featured_media":2791,"comment_status":"closed","ping_status":"closed","sticky":false,"template":"","format":"standard","meta":{"ngg_post_thumbnail":0},"categories":[1],"tags":[],"jetpack_featured_media_url":"https:\/\/i0.wp.com\/www.colegionahuelcura.cl\/wp-content\/uploads\/2016\/12\/15241228_1681858738771749_2510168111381050812_n.jpg?fit=720%2C479&ssl=1","jetpack_sharing_enabled":true,"jetpack_shortlink":"https:\/\/wp.me\/p73X2C-IY","_links":{"self":[{"href":"https:\/\/www.colegionahuelcura.cl\/index.php?rest_route=\/wp\/v2\/posts\/2788"}],"collection":[{"href":"https:\/\/www.colegionahuelcura.cl\/index.php?rest_route=\/wp\/v2\/posts"}],"about":[{"href":"https:\/\/www.colegionahuelcura.cl\/index.php?rest_route=\/wp\/v2\/types\/post"}],"author":[{"embeddable":true,"href":"https:\/\/www.colegionahuelcura.cl\/index.php?rest_route=\/wp\/v2\/users\/2"}],"replies":[{"embeddable":true,"href":"https:\/\/www.colegionahuelcura.cl\/index.php?rest_route=%2Fwp%2Fv2%2Fcomments&post=2788"}],"version-history":[{"count":10,"href":"https:\/\/www.colegionahuelcura.cl\/index.php?rest_route=\/wp\/v2\/posts\/2788\/revisions"}],"predecessor-version":[{"id":2829,"href":"https:\/\/www.colegionahuelcura.cl\/index.php?rest_route=\/wp\/v2\/posts\/2788\/revisions\/2829"}],"wp:featuredmedia":[{"embeddable":true,"href":"https:\/\/www.colegionahuelcura.cl\/index.php?rest_route=\/wp\/v2\/media\/2791"}],"wp:attachment":[{"href":"https:\/\/www.colegionahuelcura.cl\/index.php?rest_route=%2Fwp%2Fv2%2Fmedia&parent=2788"}],"wp:term":[{"taxonomy":"category","embeddable":true,"href":"https:\/\/www.colegionahuelcura.cl\/index.php?rest_route=%2Fwp%2Fv2%2Fcategories&post=2788"},{"taxonomy":"post_tag","embeddable":true,"href":"https:\/\/www.colegionahuelcura.cl\/index.php?rest_route=%2Fwp%2Fv2%2Ftags&post=2788"}],"curies":[{"name":"wp","href":"https:\/\/api.w.org\/{rel}","templated":true}]}}