{"id":481,"date":"2016-03-01T11:27:08","date_gmt":"2016-03-01T14:27:08","guid":{"rendered":"http:\/\/www.nahuelcura.cl\/?p=481"},"modified":"2016-03-01T11:57:23","modified_gmt":"2016-03-01T14:57:23","slug":"info-nahuelcura-consideraciones-de-transito","status":"publish","type":"post","link":"https:\/\/www.colegionahuelcura.cl\/?p=481","title":{"rendered":"Info Nahuelcura: CONSIDERACIONES DE TR\u00c1NSITO"},"content":{"rendered":"<p style=\"text-align: justify;\"><strong>Estimados Padres y Apoderados:<\/strong><\/p>\n<p style=\"text-align: right;\"><strong>Machal\u00ed, 29 de Febrero de 2016<\/strong><\/p>\n<p style=\"text-align: justify;\">Junto con comenzar un nuevo a\u00f1o escolar, quisi\u00e9ramos expresar a Usted los mejores deseos para este ingreso 2016, confiando en que ser\u00e1 un muy buen a\u00f1o para todos. Sin embargo, si bien lo acad\u00e9mico y lo formativo val\u00f3rico es nuestro centro, no es menos cierto, que existen preocupaciones estructurales a nivel de Comuna. Junto con el a\u00f1o de trabajo, tambi\u00e9n se inician los \u201cTacos\u201d en Avda. San Juan. Para este a\u00f1o, el Colegio quisiera solicitar encarecidamente a Usted, el m\u00e1ximo de colaboraci\u00f3n en la mantenci\u00f3n de un tr\u00e1nsito expedito.<\/p>\n<p style=\"text-align: justify;\">Con fecha 26 de Febrero, se estableci\u00f3 una reuni\u00f3n de Trabajo entre el Alcalde de Machal\u00ed, el Capit\u00e1n de Carabineros, Encargada de la Unidad de Control de Tr\u00e1nsito; Director del Tr\u00e1nsito de la Municipalidad de Machal\u00ed y el Rector del Colegio Sr. Cristian Toledo S\u00e1ez.<\/p>\n<p style=\"text-align: justify;\">Es esta reuni\u00f3n el rector inform\u00f3 las medidas que considera el Colegio para mitigar el impacto al tr\u00e1nsito que se genera en Avda. San Juan, los d\u00edas de clases y el Municipio, Carabineros y la UOCT, informaron medidas para el mejoramiento.<br \/>\nCabe se\u00f1alar que nuevamente, el rector del Colegio, plante\u00f3 la necesidad de que el Municipio \u201csolucione el problema de inundaci\u00f3n que tiene Avda. San Juan Sur frente al Colegio, por los inconvenientes que genera al peat\u00f3n que viene desde el Poniente\u201d.<\/p>\n<p style=\"text-align: justify;\">Cabe se\u00f1alar que la autoridad tiene la mejor voluntad de mejorar la situaci\u00f3n del tr\u00e1nsito, especialmente en la ma\u00f1ana y que dice relaci\u00f3n con los tacos, sin embargo, independiente de la colaboraci\u00f3n, tiene la firme voluntad de hacer cumplir la Ley, por lo que bajo esa l\u00f3gica, Carabineros de Chile har\u00e1 cumplir la norma e infraccionar\u00e1 a quienes afecten la fluidez del tr\u00e1nsito.<\/p>\n<p style=\"text-align: justify;\">Creemos que no es necesario llegar a sanciones, y confiamos en la comprensi\u00f3n de nuestros apoderados, para afectar lo menos posible el tr\u00e1nsito de la comunidad.<\/p>\n<p style=\"text-align: justify;\"><strong>Para este 2016, el Colegio busca implementar las siguientes acciones:<\/strong><\/p>\n<ol style=\"text-align: justify;\">\n<ol style=\"text-align: justify;\">\n<li>Se realiz\u00f3 un repintado de las se\u00f1ales de tr\u00e1nsito interno, como tradicionalmente ha existido, seg\u00fan el modelo y se han instalado se\u00f1al\u00e9ticas m\u00f3viles que indican a Usted, que debe hacer.<\/li>\n<li>El Colegio ha dispuesto para 2016, personal (inspectores) desde las 07:30 hrs., en adelante a fin de que Usted pueda dejar tempranamente a sus hijos(as) en el Colegio de forma segura. Para los ni\u00f1os m\u00e1s peque\u00f1os se disponen videos y animaciones en hall de administraci\u00f3n, para seguridad y tranquilidad de usted y sus hijos (Acceso Principal).<\/li>\n<\/ol>\n<\/ol>\n<p><img decoding=\"async\" loading=\"lazy\" class=\"aligncenter size-full wp-image-484\" src=\"https:\/\/i0.wp.com\/www.nahuelcura.cl\/wp-content\/uploads\/2016\/03\/estacionamientos.png?resize=630%2C401\" alt=\"estacionamientos\" width=\"630\" height=\"401\" srcset=\"https:\/\/i0.wp.com\/www.colegionahuelcura.cl\/wp-content\/uploads\/2016\/03\/estacionamientos.png?w=668&amp;ssl=1 668w, https:\/\/i0.wp.com\/www.colegionahuelcura.cl\/wp-content\/uploads\/2016\/03\/estacionamientos.png?resize=300%2C191&amp;ssl=1 300w\" sizes=\"(max-width: 630px) 100vw, 630px\" data-recalc-dims=\"1\" \/><\/p>\n<ol style=\"text-align: justify;\">\n<li>El estacionamiento del Colegio, requiere por seguridad de nuestros ni\u00f1os y orden interno, que se privilegie el estacionamiento de furgones escolares, los cuales tienen asignado los estacionamientos del costado de la sala multiuso (<strong>marcado en verde<\/strong> en el plano). NO ESTACIONE EN ESE LUGAR RESERVADO.<\/li>\n<li>La recomendaci\u00f3n que se hace a los apoderados es <strong>DETENERSE Y DEJAR A SUS HIJOS<\/strong> en los lugares se\u00f1alados y <strong>NO INTERRUMPIR EL TR\u00c1NSITO DE LAS CALLES<\/strong> de estacionamiento interno, <strong>BAJ\u00c1NDOSE Y\/O ESTACION\u00c1NDOSE<\/strong>. Cualquier tr\u00e1mite que desee hacer, idealmente h\u00e1galo en horas no puntas a efectos de descongestionar.<br \/>\nLa recomendaci\u00f3n es que <strong>NO SE ESTACIONE DURANTE HORARIOS PUNTAS<\/strong>.<br \/>\n<strong>PROCURE NO HACER TACO EN LA CALLE A LA ESPERA DE INGRESAR AL COLEGIO. BUSQUE ESTACIONAR EN LAS CALLES Y PASAJES UBICADOS FRENTE AL COLEGIO<\/strong> (Poblaci\u00f3n Santa Teresa).<\/li>\n<li>El Colegio ha tomado la medida de solicitar a todo el personal que estacione al interior del Colegio, a efectos de <strong>DESPEJAR<\/strong> el estacionamiento delantero para los apoderados, condicionando s\u00f3lo <strong>2 ESPACIOS RESERVADOS<\/strong> (MARCADOS EN GRIS en plano) para casos de emergencia y\/o uso institucional.<\/li>\n<li>A los alumnos, especialmente los m\u00e1s grandes, se les recomienda que asistan en bicicleta y\/o patineta (traer cadena para su estacionamiento y utilizar medidas de seguridad). <strong>NO SE PERMITE PATINETA EN SALA DE CLASES<\/strong>.<\/li>\n<li>Si es posible asista caminando al Colegio. <strong>NO USE AUTOMOVIL, MENOS AUTOM\u00d3VILES ES MENOS STRESS<\/strong>.<\/li>\n<li><strong>SEA PRUDENTE CON LOS PEATONES\u2026 ELLOS TIENEN LA PREFERENCIA<\/strong>. Igualmente con la reja perimetral, pues no es contenci\u00f3n para los veh\u00edculos.<\/li>\n<li>Cabe se\u00f1alar que Carabineros de Chile a contar del Lunes 7 de Marzo, infraccionar\u00e1 a los apoderados en doble fila o que congestionen artificialmente el flujo (HACER COLA PARA ENTRAR AL COLEGIO). Para evitar este tipo de problemas, solicitamos a todos Ustedes, conciencia, voluntad y seguir las recomendaciones.<\/li>\n<li>Por ning\u00fan motivo obstruya el tr\u00e1nsito externo de Avda. San Juan. Actualmente la UOCT (Unidad Operativa de Control de Tr\u00e1nsito) funciona en Machal\u00ed, y posee c\u00e1maras que pueden hasta fotografiar patentes de veh\u00edculos que obstruyan el tr\u00e1nsito (demoren Avda. San Juan) y entregan esta informaci\u00f3n a Carabineros para cursar infracciones empadronadas.<\/li>\n<li>Recuerde que TODOS somos parte de una misma comunidad y el ser amables y respetuosos es el mejor ejemplo para nuestros hijos.<\/li>\n<li>Recuerde que el horario de ingreso al Colegio es a las 08:00 hrs., as\u00ed es que planifique adecuadamente su viaje para evitar atrasos.<\/li>\n<li>En conclusi\u00f3n, recordamos a Ustedes, que CARABINEROS de Chile, a partir del LUNES 7 DE MARZO, CURSAR\u00c1 INFRACCIONES POR INTERRUPCIONES Y\/O DEMORAS AL TR\u00c1NSITO DE AVDA. SAN JUAN.<br \/>\nPor esta raz\u00f3n solicitamos encarecidamente a Usted adoptar las siguientes medidas en funci\u00f3n de no lamentar \u201cPartes\u201d y\/o Accidentes:<\/li>\n<\/ol>\n<ul style=\"text-align: justify;\">\n<li>Lleve a su hijo(a) m\u00e1s temprano. (El Colegio dispone de personal desde las 07:30 hrs. y se abre a las 07:00 hrs.).<\/li>\n<li>No estacione en el Colegio. S\u00f3lo det\u00e9ngase y haga que sus hijos(as) bajen r\u00e1pidamente.<\/li>\n<li>No genere taco para el ingreso al Colegio. Eso genera extensiones de taco hacia atr\u00e1s, que ser\u00e1n \u201csolucionados\u201d por Carabineros.<\/li>\n<li>Sea consciente que el estacionamiento del Colegio es esencialmente para detenci\u00f3n. NO para estacionar.<\/li>\n<li>Si requiere realizar tr\u00e1mites que impliquen tiempo excesivo, ingrese al estacionamiento interno (de Funcionarios) y evite congesti\u00f3n en el Estacionamiento delantero. Nunca obstruya salidas y\/o ingresos.<\/li>\n<li><strong>Estacione de frente. No realice maniobras para estacionar en retroceso, puesto que estas implican demoras excesivas en quienes ingresan al estacionamiento<\/strong>. (EN MUCHOS CASOS LOS AUTOS DE LA CALLE NO PUEDEN INGRESAR PORQUE HAY ALG\u00daN APODERADO RETROCEDIENDO Y HACIENDO MANIOBRAS COMPLEJAS).<\/li>\n<li>No obstruya los lugares internos prohibidos. Al estacionar ah\u00ed el \u00fanico que se beneficia es Usted, y el resto de la comunidad sufre por su falta de responsabilidad.<\/li>\n<li>No sea irrespetuoso con el personal del Colegio que le aconseja y\/o sugiere movimientos al interior del estacionamiento. Est\u00e1n para ayudarle. <strong>NO LOS INSULTE<\/strong>. Recuerde que el Colegio puede tomar medidas legales contra quien falte el respeto a sus funcionarios.<\/li>\n<li>En la Salida del Estacionamiento, sea oportuno. No espere a que la pista de retorno est\u00e9 despejada para salir. Esos minutos que Usted espera son preciosos para quien desea ingresar. Si en retorno est\u00e1 obstruido, salga a Avda. San Juan y 300 metros m\u00e1s adelante existe otro retorno.<\/li>\n<li>Considere que existen colegios que no tienen estacionamientos y han resuelto de buena forma la entrega de sus hijos con voluntad, respeto y solidaridad.<\/li>\n<li>Nuevamente hacemos \u00e9nfasis en que los ni\u00f1os, puedan venir en bicicletas al Colegio, a fin de optimizar espacios, descontaminar y mejorar la condici\u00f3n f\u00edsica, en las circunstancias que se permita, es decir, con la seguridad que ello implique.<\/li>\n<li>Respete al personal de CARABINEROS de Chile, ellos est\u00e1n a su servicio y de la Comunidad.<\/li>\n<\/ul>\n<p style=\"text-align: justify;\">Le saluda cordialmente,<\/p>\n<p style=\"text-align: center;\"><strong>Cristian Toledo S\u00e1ez<\/strong><br \/>\n<strong> Rector Colegio Nahuelcura de Machal\u00ed<\/strong><\/p>\n<p style=\"text-align: left;\"><img decoding=\"async\" loading=\"lazy\" class=\"size-full wp-image-263 alignnone\" src=\"https:\/\/i0.wp.com\/www.nahuelcura.cl\/wp-content\/uploads\/2016\/01\/pdf.png?resize=16%2C16\" alt=\"pdf\" width=\"16\" height=\"16\" data-recalc-dims=\"1\" \/>\u00a0<a href=\"http:\/\/www.nahuelcura.cl\/wp-content\/uploads\/2016\/03\/Info-Nahuelcura-N\u00ba-20.pdf\" target=\"_blank\">Info Nahuelcura N\u00ba 20<\/a><\/p>\n","protected":false},"excerpt":{"rendered":"<p>Estimados Padres y Apoderados: Machal\u00ed, 29 de Febrero de 2016 Junto con comenzar un nuevo a\u00f1o escolar, quisi\u00e9ramos expresar a Usted los mejores deseos para este ingreso 2016, confiando en que ser\u00e1 un muy buen [&hellip;]<\/p>\n","protected":false},"author":2,"featured_media":203,"comment_status":"closed","ping_status":"closed","sticky":false,"template":"","format":"standard","meta":{"ngg_post_thumbnail":0},"categories":[1],"tags":[],"jetpack_featured_media_url":"https:\/\/i0.wp.com\/www.colegionahuelcura.cl\/wp-content\/uploads\/2016\/01\/LogoGmail.png?fit=320%2C132&ssl=1","jetpack_sharing_enabled":true,"jetpack_shortlink":"https:\/\/wp.me\/p73X2C-7L","_links":{"self":[{"href":"https:\/\/www.colegionahuelcura.cl\/index.php?rest_route=\/wp\/v2\/posts\/481"}],"collection":[{"href":"https:\/\/www.colegionahuelcura.cl\/index.php?rest_route=\/wp\/v2\/posts"}],"about":[{"href":"https:\/\/www.colegionahuelcura.cl\/index.php?rest_route=\/wp\/v2\/types\/post"}],"author":[{"embeddable":true,"href":"https:\/\/www.colegionahuelcura.cl\/index.php?rest_route=\/wp\/v2\/users\/2"}],"replies":[{"embeddable":true,"href":"https:\/\/www.colegionahuelcura.cl\/index.php?rest_route=%2Fwp%2Fv2%2Fcomments&post=481"}],"version-history":[{"count":9,"href":"https:\/\/www.colegionahuelcura.cl\/index.php?rest_route=\/wp\/v2\/posts\/481\/revisions"}],"predecessor-version":[{"id":492,"href":"https:\/\/www.colegionahuelcura.cl\/index.php?rest_route=\/wp\/v2\/posts\/481\/revisions\/492"}],"wp:featuredmedia":[{"embeddable":true,"href":"https:\/\/www.colegionahuelcura.cl\/index.php?rest_route=\/wp\/v2\/media\/203"}],"wp:attachment":[{"href":"https:\/\/www.colegionahuelcura.cl\/index.php?rest_route=%2Fwp%2Fv2%2Fmedia&parent=481"}],"wp:term":[{"taxonomy":"category","embeddable":true,"href":"https:\/\/www.colegionahuelcura.cl\/index.php?rest_route=%2Fwp%2Fv2%2Fcategories&post=481"},{"taxonomy":"post_tag","embeddable":true,"href":"https:\/\/www.colegionahuelcura.cl\/index.php?rest_route=%2Fwp%2Fv2%2Ftags&post=481"}],"curies":[{"name":"wp","href":"https:\/\/api.w.org\/{rel}","templated":true}]}}