{"id":500,"date":"2016-03-03T13:01:47","date_gmt":"2016-03-03T16:01:47","guid":{"rendered":"http:\/\/www.nahuelcura.cl\/?p=500"},"modified":"2016-03-03T13:22:44","modified_gmt":"2016-03-03T16:22:44","slug":"carta-a-la-comunidad-del-colegio-nahuelcura","status":"publish","type":"post","link":"https:\/\/www.colegionahuelcura.cl\/?p=500","title":{"rendered":"Carta a la Comunidad"},"content":{"rendered":"<p style=\"text-align: left;\">Estimados Padres y Apoderados<br \/>\nComunidad Colegio Nahuelcura<br \/>\nPresente<\/p>\n<p style=\"text-align: right;\">Machal\u00ed, Marzo 2016.<\/p>\n<p style=\"text-align: left;\">De Nuestra Consideraci\u00f3n:<\/p>\n<p style=\"text-align: justify;\">A trav\u00e9s del presente quisi\u00e9ramos saludar a Usted y darle la m\u00e1s cordial bienvenida a este a\u00f1o lectivo 2016.<br \/>\nJunto con ello, queremos hacer part\u00edcipe a Usted de algunas novedades que presenta el Colegio en este per\u00edodo de ingreso que creemos ser\u00e1n grandes noticias para Usted.<\/p>\n<p><strong>EDUCACI\u00d3N PARVULARIA<\/strong><\/p>\n<p style=\"text-align: justify;\">Este ciclo es liderado por la Sra. Ingrid Ortega Medina, quien es la Directora de Estudios y encargada de llevar adelante el Plan Estrat\u00e9gico del Colegio en su \u00e1rea.<br \/>\nParvularia es un ciclo con 6 cursos y 12 educadoras que dan dinamismo al quehacer cotidiano del Colegio, desarrollando los Programas Sello y a los ejes curriculares del ciclo.<br \/>\nPara este 2016, el Colegio mantiene los siguientes programas, Campur, Dimensiones Formativas, Ingl\u00e9s Intensivo, Habilidades Ling\u00fc\u00edsticas, Filosof\u00eda para Ni\u00f1os, Yoga.<br \/>\nA nivel curricular los estudiantes del ciclo se encontrar\u00e1n sometidos a un programa de estudios que considera los siguientes ejes:<\/p>\n<p style=\"padding-left: 30px; text-align: justify;\">Lenguaje; Matem\u00e1ticas; Ciencias; Lenguaje Art\u00edstico; Educaci\u00f3n F\u00edsica, Ingl\u00e9s.<\/p>\n<p style=\"text-align: justify;\">A nivel de infraestructura, podemos informar con orgullo, que redise\u00f1amos todo el sector de patio de la Educaci\u00f3n Parvularia, teniendo a la fecha uno se los sectores m\u00e1s seguros para el juego y esparcimiento de los estudiantes, ya que el piso est\u00e1 construido en un material blando que asegura la integridad del ni\u00f1o(a) en una ca\u00edda.<br \/>\nRecordemos, que para muchos de nuestros apoderados, el antiguo patio de gravilla, presentaba muchas inquietudes respecto de la seguridad de sus hijos\u2026 pues bien, este 2016, ese temor podemos decir que se ha minimizado y\/o extinto.<br \/>\nEsta obra tuvo un costo para el colegio cercano a los 855 UF.<br \/>\nAsimismo, hemos destinado una importante parte del presupuesto del Colegio, correspondiente a recursos did\u00e1cticos y de Inform\u00e1tica educativa, que ser\u00e1n un gran impulso al desarrollo y mejoramiento de los procesos educativos del Colegio y espec\u00edficamente del ciclo de Parvulario.<br \/>\nCon esto podemos dar fe, que el ciclo de Educaci\u00f3n Parvularia del Colegio Nahuelcura de Machal\u00ed, es a la fecha si no el mejor establecimiento de p\u00e1rvulos de la regi\u00f3n, uno de los primeros en calidad e infraestructura educativa.<\/p>\n<p><strong>EDUCACI\u00d3N B\u00c1SICA<\/strong><\/p>\n<p style=\"text-align: justify;\">Dentro de las novedades que podemos dar cuenta en Educaci\u00f3n B\u00e1sica, podemos decir que este ciclo del que se encarga la Sra. Claudia Or\u00f3stica Arriagada, reporta a la fecha 16 cursos.<br \/>\nEn Educaci\u00f3n B\u00e1sica, hemos definido ampliar la cantidad de Asistentes de Aula, para primeros y segundos b\u00e1sicos, entendiendo que es una demanda muy sentida por los padres de nuestra comunidad que sienten la necesidad de mayor apoyo en este subciclo. De esta forma contratamos 3 asistentes con horario completo para ser asignadas al apoyo pedag\u00f3gico de las docentes de primeros y segundos.<br \/>\nIgualmente, hemos destinado un importante porcentaje de los recursos presupuestarios de material educativo, para adquirir elementos que permitan apoyar mejor y m\u00e1s el trabajo que desarrollan nuestros profesores del ciclo.<br \/>\nPor otro lado, es claro que la construcci\u00f3n del Patio Techado Central, ser\u00e1 un gran aporte al cuidado y salud (sol \u2013 lluvia) de nuestros ni\u00f1os y j\u00f3venes.<\/p>\n<p><strong>EDUCACI\u00d3N MEDIA<\/strong><\/p>\n<p style=\"text-align: justify;\">La Directora (s) de Ense\u00f1anza Media, Sra. Mar\u00eda Fernanda Barrios, dirige a este ciclo que considera 16 Cursos.<br \/>\nDentro de las novedades para el ciclo contamos la incorporaci\u00f3n de:<\/p>\n<p style=\"padding-left: 30px; text-align: justify;\">Profesora de Religi\u00f3n, Profesor de Matem\u00e1ticas, Profesor de F\u00edsica, Profesora de Lenguaje, como parte del staff docente.<\/p>\n<p style=\"text-align: justify;\">Para este 2016, hemos realizado una importante inversi\u00f3n en el Laboratorio de Ciencias y consecuentemente hemos generado una serie de l\u00edneas de acci\u00f3n pedag\u00f3gica que permitan mejorar la actual entrega de contenidos y desarrollo de habilidades.<br \/>\nCabe se\u00f1alar que un importante n\u00famero de nuestros docentes particip\u00f3 de la Capacitaci\u00f3n realizada en Diciembre pasado, consistente en Desarrollo de Habilidades Cognitivas.<\/p>\n<p><strong>CONSIDERACIONES PEDAG\u00d3GICAS GENERALES<\/strong><\/p>\n<p style=\"text-align: justify;\">El Colegio durante el 2016 implementar\u00e1 las siguientes medidas de car\u00e1cter educativo:<\/p>\n<ul>\n<li style=\"text-align: justify;\">Implementaci\u00f3n de Talleres de Matem\u00e1ticas y Lenguaje, para estudiantes con deficiencias en la asignatura, que buscan nivelar Habilidades y Contenidos, en la perspectiva de mejorar y apoyar rendimientos de nuestros estudiantes con desventajas.<\/li>\n<li style=\"text-align: justify;\">Implementaci\u00f3n de Talleres de Matem\u00e1ticas para estudiantes aventajados y\/o talentosos, que buscan mejorar y otorgar mayor competitividad al rendimiento de estudiantes destacados.<\/li>\n<li style=\"text-align: justify;\">Implementaci\u00f3n de nuevo Procedimiento de Seguimiento y Acompa\u00f1amiento de alumnos con Necesidades Educativas especiales, que busca dar cuenta de un apoyo sistem\u00e1tico por parte del Colegio a los estudiantes que poseen problem\u00e1ticas estructurales y transitorias en sus aprendizajes.<\/li>\n<li style=\"text-align: justify;\">Implementaci\u00f3n de distintos talleres que vengan a suplir las Academias, dado que en 2016, no seguiremos con el sistema de academias, dado que el sistema de pago de apoderados a este tipo de actividades es re\u00f1ido con las disposiciones legales de la Ley de Educaci\u00f3n.<\/li>\n<li style=\"text-align: justify;\">Implementaci\u00f3n de nuevo procedimiento de Ventas de Productos alimenticios por parte de los CAMPUR apoderados.<\/li>\n<li style=\"text-align: justify;\">Actualizaci\u00f3n de Reglamento Interno del Colegio (Manual de Convivencia Escolar y Reglamento de Evaluaci\u00f3n).<\/li>\n<li style=\"text-align: justify;\">Implementaci\u00f3n de sistema de tutor\u00edas entre pares para la colaboraci\u00f3n y apoyo de estudiantes con deficiencias a nivel acad\u00e9mico.<\/li>\n<\/ul>\n<p style=\"text-align: justify;\">En general como Ustedes, pueden apreciar los cambios son muchos y esperamos trabajar en consenso con todos Ustedes para mejorar d\u00eda a d\u00eda lo que hacemos. Esperamos que se entienda, que quienes trabajamos en el Colegio lo hacemos por convicci\u00f3n y amor a lo que hacemos, que estamos para colaborar y no ser un obst\u00e1culo, pero todo dentro de la trasparencia, el respeto y el apego a la normativa del Colegio.<br \/>\nEn ello, tambi\u00e9n pedir a Ustedes colaboraci\u00f3n, comprensi\u00f3n y respeto. Todas las necesidades y\/o demandas de los apoderados, son leg\u00edtimas, pero ello no significa que se tenga la raz\u00f3n en las reclamaciones, por tanto, pedimos que sea el di\u00e1logo inteligente y no la amenaza, la que prime en nuestras relaciones.<br \/>\nDocentes, Direcciones de Estudios y Rector\u00eda, tienen diariamente horarios de atenci\u00f3n p\u00fablico, que deben ser cursados con las secretar\u00edas de recepci\u00f3n, acad\u00e9mica y de rector\u00eda, a fin de establecer la agenda correspondiente.<br \/>\nPor \u00faltimo, para efectos de regular situaciones que el a\u00f1o pasado se volvieron problemas, quisi\u00e9ramos pedir a Usted, colaboraci\u00f3n especial en los siguientes t\u00f3picos:<\/p>\n<ul>\n<li style=\"text-align: justify;\"><span style=\"text-decoration: underline;\">Puntualidad:<\/span> El horario de entrada es a las 08:00 hrs. Favor no justificar otra entrada y\/o atrasos por el taco.<\/li>\n<li style=\"text-align: justify;\"><span style=\"text-decoration: underline;\">Responsabilidad:<\/span> Los estudiantes son responsables de su mochila, tareas, trabajos, \u00fatiles, ropa, almuerzos. El Colegio, no recibe este tipo de \u00fatiles y\/o materiales posterior al horario de entrada.<\/li>\n<li style=\"text-align: justify;\"><\/li>\n<li style=\"text-align: justify;\"><span style=\"text-decoration: underline;\">Presentaci\u00f3n Personal:<\/span> Los ni\u00f1os salen de su casa todos los d\u00edas, sean Ustedes quienes velen el cumplimiento de la presentaci\u00f3n personal, uniforme, aseo personal, uso de ropas y\/o adornos no correspondientes, etc.<\/li>\n<li style=\"text-align: justify;\"><span style=\"text-decoration: underline;\">Retiro de Alumnos:<\/span> Por ley el estudiante debe cumplir su r\u00e9gimen de clases, los retiros anticipados, s\u00f3lo hacerlos en casos justificados y el procedimiento para esto es:<\/li>\n<\/ul>\n<p style=\"padding-left: 40px;\">&#8211; Lo debe hacer el apoderado en persona<br \/>\n&#8211; Se debe anotar en libro de registro de retiros<br \/>\n&#8211; Secretar\u00eda de Recepci\u00f3n, avisa a inspector\u00eda<br \/>\n&#8211; Inspector\u00eda Informa del retiro en Sala de Clases<br \/>\n&#8211; El alumno se retira de la sala cuando haya cambio de hora y\/o t\u00e9rmino de bloque. <strong>Nunca en medio de un recreo, prueba y\/u hora de clases<\/strong><br \/>\n&#8211; Favor no insistir en Urgencias, porque nuestro personal no est\u00e1 para buscar personas, sino para tareas institucionales. (En recreo, almuerzos, no se buscar\u00e1 a nadie hasta la entrada a Sala).<\/p>\n<ul>\n<li style=\"text-align: justify;\"><span style=\"text-decoration: underline;\">Asistencia:<\/span> La asistencia a clases est\u00e1 regulada por Ley, por tanto es deber de todo alumnos asistir diariamente a clases y en caso de no hacerlo, ser justificados personalmente por sus apoderados.<\/li>\n<li style=\"text-align: justify;\"><span style=\"text-decoration: underline;\">Seguridad:<\/span> Atienda al uso de celulares y\/o equipos tecnol\u00f3gicos que los alumnos traen al colegio. Ellos son los \u00fanicos responsables de su cuidado y protecci\u00f3n.<\/li>\n<li style=\"text-align: justify;\">\n<p style=\"text-align: justify;\">Por \u00faltimo, recordar a Usted, las orientaciones y\/o consejos sobre el tr\u00e1nsito matutino y de salida a efectos de mejorar nuestro entorno. <strong>Favor revisar consideraciones de Tr\u00e1nsito<\/strong>.<\/p>\n<p style=\"text-align: justify;\">Con afecto y cordialidad le saluda a nombre de toda la comunidad de funcionarios del Colegio,<\/p>\n<p style=\"text-align: center;\"><strong>Direcci\u00f3n del Colegio Nahuelcura de Machal\u00ed<\/strong><\/p>\n<\/li>\n<\/ul>\n","protected":false},"excerpt":{"rendered":"<p>Estimados Padres y Apoderados Comunidad Colegio Nahuelcura Presente Machal\u00ed, Marzo 2016. De Nuestra Consideraci\u00f3n: A trav\u00e9s del presente quisi\u00e9ramos saludar a Usted y darle la m\u00e1s cordial bienvenida a este a\u00f1o lectivo 2016. Junto con [&hellip;]<\/p>\n","protected":false},"author":2,"featured_media":203,"comment_status":"closed","ping_status":"closed","sticky":false,"template":"","format":"standard","meta":{"ngg_post_thumbnail":0},"categories":[1],"tags":[],"jetpack_featured_media_url":"https:\/\/i0.wp.com\/www.colegionahuelcura.cl\/wp-content\/uploads\/2016\/01\/LogoGmail.png?fit=320%2C132&ssl=1","jetpack_sharing_enabled":true,"jetpack_shortlink":"https:\/\/wp.me\/p73X2C-84","_links":{"self":[{"href":"https:\/\/www.colegionahuelcura.cl\/index.php?rest_route=\/wp\/v2\/posts\/500"}],"collection":[{"href":"https:\/\/www.colegionahuelcura.cl\/index.php?rest_route=\/wp\/v2\/posts"}],"about":[{"href":"https:\/\/www.colegionahuelcura.cl\/index.php?rest_route=\/wp\/v2\/types\/post"}],"author":[{"embeddable":true,"href":"https:\/\/www.colegionahuelcura.cl\/index.php?rest_route=\/wp\/v2\/users\/2"}],"replies":[{"embeddable":true,"href":"https:\/\/www.colegionahuelcura.cl\/index.php?rest_route=%2Fwp%2Fv2%2Fcomments&post=500"}],"version-history":[{"count":9,"href":"https:\/\/www.colegionahuelcura.cl\/index.php?rest_route=\/wp\/v2\/posts\/500\/revisions"}],"predecessor-version":[{"id":509,"href":"https:\/\/www.colegionahuelcura.cl\/index.php?rest_route=\/wp\/v2\/posts\/500\/revisions\/509"}],"wp:featuredmedia":[{"embeddable":true,"href":"https:\/\/www.colegionahuelcura.cl\/index.php?rest_route=\/wp\/v2\/media\/203"}],"wp:attachment":[{"href":"https:\/\/www.colegionahuelcura.cl\/index.php?rest_route=%2Fwp%2Fv2%2Fmedia&parent=500"}],"wp:term":[{"taxonomy":"category","embeddable":true,"href":"https:\/\/www.colegionahuelcura.cl\/index.php?rest_route=%2Fwp%2Fv2%2Fcategories&post=500"},{"taxonomy":"post_tag","embeddable":true,"href":"https:\/\/www.colegionahuelcura.cl\/index.php?rest_route=%2Fwp%2Fv2%2Ftags&post=500"}],"curies":[{"name":"wp","href":"https:\/\/api.w.org\/{rel}","templated":true}]}}