{"id":597,"date":"2016-03-14T16:49:34","date_gmt":"2016-03-14T19:49:34","guid":{"rendered":"http:\/\/www.nahuelcura.cl\/?p=597"},"modified":"2016-03-14T17:02:44","modified_gmt":"2016-03-14T20:02:44","slug":"informe-distribucion-becas-2016","status":"publish","type":"post","link":"https:\/\/www.colegionahuelcura.cl\/?p=597","title":{"rendered":"Informe Distribuci\u00f3n de Becas 2016"},"content":{"rendered":"<p style=\"text-align: right;\">Machal\u00ed, 9 de Marzo de 2016<\/p>\n<p style=\"text-align: justify;\">En honor a la transparencia y muchas inquietudes que ha generado la asignaci\u00f3n de Becas, quisiera exponer a Ustedes, el siguiente informe, que considera una distribuci\u00f3n solidaria y consciente por parte de la comisi\u00f3n. Sabemos que cada situaci\u00f3n familiar es \u00fanica y a todo el mundo le falta dinero, pero debemos tener presente que el fondo de Becas, cercano al 15% de los ingresos del Colegio, se destina en el nivel de fondo econ\u00f3mico especialmente a quienes lo necesitan. Para el caso consid\u00e9rese que este a\u00f1o, el fondo de libre disposici\u00f3n apoy\u00f3 al fondo econ\u00f3mico con 10 millones de pesos. <strong>Desde hoy 9 de Marzo, puede consultar sus asignaciones en Admisi\u00f3n y Firmar el certificado de Beca para hacerla efectiva.<\/strong><\/p>\n<p style=\"text-align: justify;\">Hemos considerado las distintas observaciones realizadas, la situaci\u00f3n de cada caso y beneficios que la ley les puede otorgar a los postulantes. Por tanto, a partir de este 9 de Marzo, consideramos haber concluido este proceso.<\/p>\n<p style=\"text-align: justify;\">Cabe se\u00f1alar que los recursos se han entregado todos, como mandata la ley, por tanto, agradeceremos a todas las personas que no han satisfecho sus demandas, NO insistir, NI acudir a la Superintendencia en busca de presiones hacia el Colegio, pues NO hay m\u00e1s recursos, y eventualmente durante el a\u00f1o se reasignar\u00e1n aquellos que queden en disposici\u00f3n, siempre por prioridad.<\/p>\n<p style=\"text-align: justify;\">Si aun as\u00ed, si tiene dudas, agradeceremos a Usted, revisar el Reglamento de Becas, el que\u00a0 puede descargar de la p\u00e1gina web (<a href=\"http:\/\/www.nahuelcura.cl\">www.nahuelcura.cl<\/a>\u00a0&gt; ADMISI\u00d3N &gt; Becas &gt; Reglamento de Becas (PDF)).<\/p>\n<p style=\"text-align: justify;\"><strong>CONSIDERACIONES:<\/strong><\/p>\n<ol>\n<li style=\"text-align: justify;\">Tomando en consideraci\u00f3n que el fondo de Becas se determina a trav\u00e9s de los Ingresos Proyectados de la Instituci\u00f3n para 2016. El calculador de Becas ha estimado que los ingresos correspondientes al fondo total alcanzar\u00e1n el a\u00f1o 2016, un monto equivalente a <strong>$157.155.212<\/strong>, correspondiente a <strong>176,20 Becas completas<\/strong>.<\/li>\n<li style=\"text-align: justify;\">En funci\u00f3n de las Consideraciones que establece la ley de subvenciones para la asignaci\u00f3n del fondo de Becas, se determina que el fondo total debe ser repartirse seg\u00fan la siguiente l\u00f3gica:<\/li>\n<\/ol>\n<p style=\"text-align: center;\"><strong>67% FONDO BECAS DE ORDEN ECON\u00d3MICO<\/strong><\/p>\n<p style=\"text-align: justify;\">Dice la ley que la prioridad en la asignaci\u00f3n de estos fondos la tendr\u00e1n los estudiantes que representen \u00a0vulnerabilidad econ\u00f3mica y que si sobrasen recursos de esta asignaci\u00f3n, se repartir\u00e1n en otros socioecon\u00f3micos.<\/p>\n<p style=\"text-align: justify;\">Para el caso de nuestra realidad postularon a este tipo de Becas:<\/p>\n<ul>\n<li style=\"text-align: justify;\"><strong>109 Alumnos Vulnerables<\/strong> y\/o Alumnos Prioritarios (Alumnos con Ficha de protecci\u00f3n calificaci\u00f3n y\/o JUNAEB)<\/li>\n<li style=\"text-align: justify;\"><strong>78 Alumnos con situaci\u00f3n socioecon\u00f3micas<\/strong> (Alumnos con problemas socioecon\u00f3micos, pero no vulnerables). Postularon 129 Estudiantes.<\/li>\n<\/ul>\n<p style=\"text-align: center;\"><strong>33% FONDO LIBRE DISPOSICI\u00d3N<\/strong><\/p>\n<p style=\"text-align: justify;\">La ley determina que del fondo total ($157.155.212), el 33% se destine a constituir el Fondo de Libre Disposici\u00f3n del Colegio que se traduce en las becas:<\/p>\n<ul>\n<li style=\"text-align: justify;\"><span style=\"text-decoration: underline;\">Becas Excelencia Acad\u00e9mica:<\/span> 81 Alumnos postulantes.<\/li>\n<li style=\"text-align: justify;\"><span style=\"text-decoration: underline;\">Becas Hijos de Funcionarios:<\/span> 30 Alumnos postulantes.<\/li>\n<li style=\"text-align: justify;\"><span style=\"text-decoration: underline;\">Becas Tercer y Cuarto Hermano:<\/span> 30 Alumnos hermanos.<\/li>\n<\/ul>\n<p style=\"text-align: justify;\"><strong>CONSIDERACIONES:<\/strong><\/p>\n<p style=\"text-align: justify;\">Para el a\u00f1o 2016, la asignaci\u00f3n de Becas fue como sigue:<\/p>\n<ul>\n<li style=\"text-align: justify;\">Fondo Total de Becas (100%): $157.155.212<\/li>\n<li style=\"text-align: justify;\">Fondo Econ\u00f3mico (67%): $105.293.992<\/li>\n<li style=\"text-align: justify;\">Fondo Libre Disposici\u00f3n (33%): $ 51.861.220<\/li>\n<\/ul>\n<p style=\"text-align: center;\"><strong>DISTRIBUCI\u00d3N DEL FONDO<\/strong><\/p>\n<p style=\"text-align: justify;\"><strong>Fondo Socioecon\u00f3mico: 187 Becas $105.293.992<\/strong><\/p>\n<ul>\n<li style=\"text-align: justify;\">Becas Vulnerables: 109 Becas $ 99.957.319<\/li>\n<li style=\"text-align: justify;\">Becas Socioecon\u00f3micas <em><strong>(*133)<\/strong><\/em> 78 Becas: $15.446.715<\/li>\n<li style=\"text-align: justify;\">Fondo Final Socioecon\u00f3mico: $115.404.034<\/li>\n<li style=\"text-align: justify;\">Saldo en Contra: <span style=\"color: #ff0000;\">-$10.110.042<\/span><\/li>\n<\/ul>\n<p style=\"text-align: justify;\"><span style=\"color: #ff0000;\">Este saldo implica que el fondo de Libre Disposici\u00f3n traspas\u00f3 dineros al Fondo Econ\u00f3mico:<\/span><\/p>\n<p style=\"text-align: justify;\"><strong>Fondo Libre Disposici\u00f3n (141 Becas) $51.861.220<\/strong><\/p>\n<ul>\n<li style=\"text-align: justify;\">Excelencia Acad\u00e9mica: (77 Becas) $27.012.971<\/li>\n<li style=\"text-align: justify;\">Hijos Funcionarios: (30 Becas) $10.426.532<\/li>\n<li style=\"text-align: justify;\">Tercer Hermano: (30 Becas) $4.000.000<\/li>\n<li style=\"text-align: justify;\">Fondo Final Libre Disposici\u00f3n $41.439.503<\/li>\n<li style=\"text-align: justify;\">Fondo por Asignar <span style=\"color: #0000ff;\">+$311.675<\/span><\/li>\n<\/ul>\n<p style=\"text-align: justify;\"><em><strong>*133<\/strong><\/em>: Total de Postulaciones a Beca Socio Econ\u00f3mica: 133 Fichas. Cabe se\u00f1alar que a diferencia del a\u00f1o pasado en que todos los postulantes al fondo Socioecon\u00f3mico recibieron alg\u00fan porcentaje de Beca, este a\u00f1o por la gran cantidad de postulantes Prioritarios (La Ley establece que son la Prioridad para la asignaci\u00f3n de recursos), se gener\u00f3 fondo socioecon\u00f3mico muy exiguo con apoyo de dineros del Fondo de Libre Disposici\u00f3n. De esta forma se muestra nuestra voluntad de cooperaci\u00f3n con la comunidad m\u00e1s necesitada.<\/p>\n<p style=\"text-align: justify;\">Se agradecer\u00e1 a todos los postulantes comprender esta situaci\u00f3n y no presionar por fondos que ya se distribuyeron.<\/p>\n<p style=\"text-align: justify;\"><strong>DUDAS CONSULTAR DIRECTAMENTE EN ADMISI\u00d3N DEL COLEGIO.<\/strong><\/p>\n<p style=\"text-align: justify;\"><strong>PARA HACER EFECTIVO EL BENEFICIO DEBE FIRMAR EL CERTIFICADO DE BECAS, TODOS INCLUSIVE QUIENES YA LO HAB\u00cdAN REALIZADO.<\/strong><\/p>\n<p style=\"text-align: justify;\"><img decoding=\"async\" loading=\"lazy\" class=\"size-full wp-image-263 alignnone\" src=\"https:\/\/i0.wp.com\/www.nahuelcura.cl\/wp-content\/uploads\/2016\/01\/pdf.png?resize=16%2C16\" alt=\"pdf\" width=\"16\" height=\"16\" data-recalc-dims=\"1\" \/>\u00a0<a href=\"http:\/\/www.nahuelcura.cl\/wp-content\/uploads\/2016\/03\/Informe-Becas-2016.pdf\" target=\"_blank\">Informe Becas 2016<\/a><\/p>\n","protected":false},"excerpt":{"rendered":"<p>Machal\u00ed, 9 de Marzo de 2016 En honor a la transparencia y muchas inquietudes que ha generado la asignaci\u00f3n de Becas, quisiera exponer a Ustedes, el siguiente informe, que considera una distribuci\u00f3n solidaria y consciente [&hellip;]<\/p>\n","protected":false},"author":2,"featured_media":203,"comment_status":"closed","ping_status":"closed","sticky":false,"template":"","format":"standard","meta":{"ngg_post_thumbnail":0},"categories":[1],"tags":[],"jetpack_featured_media_url":"https:\/\/i0.wp.com\/www.colegionahuelcura.cl\/wp-content\/uploads\/2016\/01\/LogoGmail.png?fit=320%2C132&ssl=1","jetpack_sharing_enabled":true,"jetpack_shortlink":"https:\/\/wp.me\/p73X2C-9D","_links":{"self":[{"href":"https:\/\/www.colegionahuelcura.cl\/index.php?rest_route=\/wp\/v2\/posts\/597"}],"collection":[{"href":"https:\/\/www.colegionahuelcura.cl\/index.php?rest_route=\/wp\/v2\/posts"}],"about":[{"href":"https:\/\/www.colegionahuelcura.cl\/index.php?rest_route=\/wp\/v2\/types\/post"}],"author":[{"embeddable":true,"href":"https:\/\/www.colegionahuelcura.cl\/index.php?rest_route=\/wp\/v2\/users\/2"}],"replies":[{"embeddable":true,"href":"https:\/\/www.colegionahuelcura.cl\/index.php?rest_route=%2Fwp%2Fv2%2Fcomments&post=597"}],"version-history":[{"count":13,"href":"https:\/\/www.colegionahuelcura.cl\/index.php?rest_route=\/wp\/v2\/posts\/597\/revisions"}],"predecessor-version":[{"id":611,"href":"https:\/\/www.colegionahuelcura.cl\/index.php?rest_route=\/wp\/v2\/posts\/597\/revisions\/611"}],"wp:featuredmedia":[{"embeddable":true,"href":"https:\/\/www.colegionahuelcura.cl\/index.php?rest_route=\/wp\/v2\/media\/203"}],"wp:attachment":[{"href":"https:\/\/www.colegionahuelcura.cl\/index.php?rest_route=%2Fwp%2Fv2%2Fmedia&parent=597"}],"wp:term":[{"taxonomy":"category","embeddable":true,"href":"https:\/\/www.colegionahuelcura.cl\/index.php?rest_route=%2Fwp%2Fv2%2Fcategories&post=597"},{"taxonomy":"post_tag","embeddable":true,"href":"https:\/\/www.colegionahuelcura.cl\/index.php?rest_route=%2Fwp%2Fv2%2Ftags&post=597"}],"curies":[{"name":"wp","href":"https:\/\/api.w.org\/{rel}","templated":true}]}}