{"id":616,"date":"2016-03-18T09:59:28","date_gmt":"2016-03-18T12:59:28","guid":{"rendered":"http:\/\/www.nahuelcura.cl\/?p=616"},"modified":"2016-03-18T10:08:48","modified_gmt":"2016-03-18T13:08:48","slug":"info-nahuelcura","status":"publish","type":"post","link":"https:\/\/www.colegionahuelcura.cl\/?p=616","title":{"rendered":"INFO NAHUELCURA"},"content":{"rendered":"<p style=\"text-align: justify;\">Estimados Padres y Apoderados:<\/p>\n<p style=\"text-align: right;\">Machal\u00ed, 17 de Marzo de 2016<\/p>\n<p style=\"text-align: justify;\">El presente informativo viene a ser la continuidad de la informaci\u00f3n que entregamos en 2015 y que fue muy valorada por los apoderados.<br \/>\nPara este 2016, pretendemos entregar informaci\u00f3n de noticias relevantes y sobre nuestros avances como Colegio Nahuelcura en distintas \u00e1reas.<br \/>\nAsimismo pretendemos, que este medio sea de alguna manera la informaci\u00f3n oficial del Colegio y permita mantener un canal de comunicaci\u00f3n sobre el acontecer institucional, evitando las interpretaciones que se transfieren por redes sociales como <strong>WhatsApp<\/strong> y\/o Grupos con fines nobles, pero que terminan distorsionando la realidad.<\/p>\n<p style=\"text-align: justify;\"><span style=\"text-decoration: underline;\"><strong>1.- DEPTO. COBRANZAS:<\/strong><\/span> Informamos a ustedes que las colegiaturas correspondientes al mes de Marzo, ya pueden ser canceladas en el Colegio desde el d\u00eda lunes 17, en horario de 08:30 a 12:30 hrs. y de 14:30 a 16:30 hrs. Recordamos que los medios de pago son: TARJETA DE DEBITO, TARJETA DE CREDITO Y CHEQUE, los cuales deber ser nominativos y cruzados a nombre de \u201cSOCIEDAD EDUCACIONAL MACHALI S.A.\u201d, TRANSFERENCIA BANCARIA, DEPOSITO. Para ambos casos los datos se encuentran disponibles en nuestra p\u00e1gina web.\u00a0Los valores correspondientes al a\u00f1o 2016 son:<\/p>\n<ul>\n<li style=\"text-align: justify;\">Educaci\u00f3n Parvularia: $82.734<\/li>\n<li style=\"text-align: justify;\">Educaci\u00f3n B\u00e1sica: $97.779<\/li>\n<li style=\"text-align: justify;\">Educaci\u00f3n Media: $100.284<\/li>\n<\/ul>\n<p style=\"text-align: justify;\">Tambi\u00e9n informar que aquellos apoderados que cancelen la colegiatura anual al contado, se realizar\u00e1 un descuento del 5% v\u00e1lido hasta el d\u00eda 30 de marzo de 2016.<\/p>\n<p style=\"text-align: justify;\"><span style=\"text-decoration: underline;\"><strong>2.- SALIDAS D\u00cdAS MARTES:<\/strong><\/span> A contar de la pr\u00f3xima semana y en lo sucesivo durante el a\u00f1o, las salidas de los estudiantes los d\u00edas Martes ser\u00e1n secuenciadas de la siguiente forma:<\/p>\n<ul>\n<li style=\"text-align: justify;\">Educaci\u00f3n Parvularia PK y K: 12:45 hrs.<\/li>\n<li style=\"text-align: justify;\">Educaci\u00f3n B\u00e1sica 1\u00b0 a 8\u00b0 B\u00e1sico: 13:00 hrs.<\/li>\n<li style=\"text-align: justify;\">Educaci\u00f3n Media I\u00b0 y II\u00b0 Medio: 13:15 Hrs.<\/li>\n<li style=\"text-align: justify;\">Educaci\u00f3n Media III\u00b0 y IV \u00b0 Medio: 14:00 hrs.<\/li>\n<\/ul>\n<p style=\"text-align: justify;\">El motivo de este ajuste es disminuir la congesti\u00f3n de tr\u00e1nsito automotriz que se produce en el estacionamiento y Avda. San Juan. Este horario comenzar\u00e1 a operar desde el martes 22 de marzo.<\/p>\n<p style=\"text-align: justify;\"><span style=\"text-decoration: underline;\"><strong>3.- JORNADA ENTREVISTAS PERSONALES ESTUDIANTES:<\/strong><\/span> En funci\u00f3n de la L\u00ednea Formativo\u2013Val\u00f3rica del Colegio en correlaci\u00f3n con un diagn\u00f3stico de las necesidades que presentan nuestros estudiantes, fundamentalmente de Ense\u00f1anza Media, es que el Colegio ha adoptado la f\u00f3rmula de una entrevista por semestre al estudiante, la que ser\u00e1 realizada por el Profesor Jefe, a fin de detectar situaciones y\/o necesidades sobre las cuales debamos actuar como organizaci\u00f3n.<\/p>\n<p style=\"text-align: justify;\">Estas conversaciones tendr\u00e1n la metodolog\u00eda que se usa en las Jornadas de Entrevistas de Apoderados (fines de Semestre), es decir, el estudiante deber\u00e1 venir al colegio s\u00f3lo en la hora que se le asigne, realizar\u00e1 su entrevista con el tutor(a) y posteriormente se retirar\u00e1 a su domicilio.<\/p>\n<p style=\"text-align: justify;\">El fundamento que tiene esta estrategia, es responder a una serie de fen\u00f3menos que est\u00e1n viviendo los j\u00f3venes: Soledad; escasa comunicaci\u00f3n con sus padres; riesgos de adicciones; exposici\u00f3n a situaciones de riesgo, escasa valoraci\u00f3n en desempe\u00f1o acad\u00e9mico, etc. De esta manera, pensamos que el tener la posibilidad de dialogar permitir\u00e1 tambi\u00e9n definir acciones de ayuda y colaboraci\u00f3n con la familia.<br \/>\nAgradecemos el m\u00e1ximo de colaboraci\u00f3n de los padres y no tomar este d\u00eda como un festivo.<\/p>\n<p style=\"text-align: justify;\"><strong><span style=\"text-decoration: underline;\">4.- ACTIVIDADES DE SEMANA SANTA:<\/span><\/strong> El pr\u00f3ximo d\u00eda jueves 24 de Marzo, en el contexto de la Conmemoraci\u00f3n de Semana Santa, el Colegio siempre ha realizado actividades hasta medio d\u00eda, para este a\u00f1o las actividades programadas ser\u00e1n las siguientes:<\/p>\n<p style=\"text-align: justify;\">Ed. Parvularia PK \u2013 K: 08:00 \u2013 11:45 Clases Normales<br \/>\n11:45 \u2013 12:45 Actividad: \u201cCompartir el Pan Fraterno\u201d<br \/>\n12:45 Salida<br \/>\nEd. B\u00e1sico 1\u00b0 &#8211; 5\u00b0: 08:00 \u2013 12:00 Clases Normales<br \/>\n12:00 \u2013 13: 00 Actividad: \u201cCompartir el Pan Fraterno\u201d<br \/>\n13:00 Salida<br \/>\nEd. Media 6\u00b0 a IV \u00b0: JORNADA DE ENTREVISTA PERSONAL (Estudiante viene s\u00f3lo a Entrevista y se retira, ropa color).<br \/>\nDesde ya agradecemos su atenci\u00f3n. Dudas o consultas al 72-2281850 o correo contacto en Web del Colegio.<\/p>\n<p style=\"text-align: justify;\"><span style=\"text-decoration: underline;\"><strong>5.- FALLO CORTE DE APELACIONES:<\/strong><\/span> Con fecha 7 de Marzo de 2016, la Segunda Sala de la Corte de Apelaciones de Rancagua fall\u00f3 a favor del Colegio y contra el Recurso de Protecci\u00f3n interpuesto por la la madre de un ex alumno del Colegio al que en Diciembre de 2015, <span style=\"color: #000000;\">NO LE FUE RENOVADA LA MATR\u00cdCULA<\/span> para 2016, por <span style=\"color: #000000;\">PROBLEMAS DISCIPLINARIOS<\/span>.<br \/>\nAl respecto cabe se\u00f1alar, que las decisiones que toma el Colegio en funci\u00f3n del Manual de Convivencia Escolar y los procedimientos que operan en su interior, son decisiones ajustadas a Derecho, por lo que agradeceremos a nuestra comunidad buscar siempre soluciones al interior del Colegio y no solicitar la intervenci\u00f3n de otras instituciones cuando el estudiante ha traspasado ciertos l\u00edmites y el apoderado mismo est\u00e1 consciente de ello. Enti\u00e9ndase que el Colegio se rige por el Manual de Convivencia Escolar y este documento es determinante en la regulaci\u00f3n de las relaciones al interior del establecimiento.<\/p>\n<p style=\"text-align: justify;\"><span style=\"text-decoration: underline;\"><strong>6.- TRANSPORTE ESCOLAR:<\/strong><\/span> A partir del 1\u00ba de abril, el Colegio contar\u00e1 con un Registro P\u00fablico de Transportistas Escolares. As\u00ed Usted, podr\u00e1 ver antecedentes y\/o buscar con toda confianza un transporte escolar para su hijo entre los que aparezcan en el registro.<\/p>\n<p style=\"text-align: justify;\"><span style=\"text-decoration: underline;\"><strong>7.- REUNIONES DE APODERADOS:<\/strong><\/span> Durante la siguiente semana y siguientes se realizar\u00e1n las reuniones de apoderados desde 2\u00b0 B\u00e1sico a IV\u00b0 Medio. Se enviar\u00e1 informaci\u00f3n por Curso.<\/p>\n<p style=\"text-align: justify;\"><span style=\"text-decoration: underline;\"><strong>8.- SOLIDARIDAD NAHUELCURA:<\/strong><\/span> El pasado s\u00e1bado 12 de Marzo, se realiz\u00f3 una Donaci\u00f3n por parte del Colegio Nahuelcura, consistente en alimentos (arroz, fideos, az\u00facar, harina, aceite y otros) a la Parroquia San Juan Bautista de Machal\u00ed. Esta parroquia, presta asistencia a varias familias y organizaciones necesitadas, por lo tanto la ayuda entregada fue muy valorada. Cabe se\u00f1alar que la solidaridad del Colegio se centrar\u00e1 en colaborar con nuestra comunidad m\u00e1s pr\u00f3xima, en el sentido de la Responsabilidad Social Empresarial que debemos tener al integrarnos a esta comunidad. Ya lo hicimos en la celebraci\u00f3n \u201cNahuelcura regala en Navidad\u201d, entregando canastas de alimentos a familias necesitadas del sector Santa Teresa de Machal\u00ed, por tanto, esta donaci\u00f3n se suma, esperemos, a una extensa posibilidad de ayuda y solidaridad que podamos hacer con nuestros vecinos.<br \/>\nFinalmente mencionar que esta donaci\u00f3n la realizamos en el contexto de la pr\u00f3xima celebraci\u00f3n de Semana Santa.<\/p>\n<p style=\"text-align: center;\"><strong>Direcci\u00f3n Colegio Nahuelcura de Machal\u00ed<\/strong><\/p>\n<p style=\"text-align: left;\"><img decoding=\"async\" loading=\"lazy\" class=\"size-full wp-image-263 alignnone\" src=\"https:\/\/i0.wp.com\/www.nahuelcura.cl\/wp-content\/uploads\/2016\/01\/pdf.png?resize=16%2C16\" alt=\"pdf\" width=\"16\" height=\"16\" data-recalc-dims=\"1\" \/>\u00a0<a href=\"http:\/\/www.nahuelcura.cl\/wp-content\/uploads\/2016\/03\/Info-Nahuelcura-N\u00ba-1-2016.pdf\" target=\"_blank\">Info Nahuelcura N\u00ba 1-2016<\/a><\/p>\n","protected":false},"excerpt":{"rendered":"<p>Estimados Padres y Apoderados: Machal\u00ed, 17 de Marzo de 2016 El presente informativo viene a ser la continuidad de la informaci\u00f3n que entregamos en 2015 y que fue muy valorada por los apoderados. Para este [&hellip;]<\/p>\n","protected":false},"author":2,"featured_media":203,"comment_status":"closed","ping_status":"closed","sticky":false,"template":"","format":"standard","meta":{"ngg_post_thumbnail":0},"categories":[1],"tags":[],"jetpack_featured_media_url":"https:\/\/i0.wp.com\/www.colegionahuelcura.cl\/wp-content\/uploads\/2016\/01\/LogoGmail.png?fit=320%2C132&ssl=1","jetpack_sharing_enabled":true,"jetpack_shortlink":"https:\/\/wp.me\/p73X2C-9W","_links":{"self":[{"href":"https:\/\/www.colegionahuelcura.cl\/index.php?rest_route=\/wp\/v2\/posts\/616"}],"collection":[{"href":"https:\/\/www.colegionahuelcura.cl\/index.php?rest_route=\/wp\/v2\/posts"}],"about":[{"href":"https:\/\/www.colegionahuelcura.cl\/index.php?rest_route=\/wp\/v2\/types\/post"}],"author":[{"embeddable":true,"href":"https:\/\/www.colegionahuelcura.cl\/index.php?rest_route=\/wp\/v2\/users\/2"}],"replies":[{"embeddable":true,"href":"https:\/\/www.colegionahuelcura.cl\/index.php?rest_route=%2Fwp%2Fv2%2Fcomments&post=616"}],"version-history":[{"count":9,"href":"https:\/\/www.colegionahuelcura.cl\/index.php?rest_route=\/wp\/v2\/posts\/616\/revisions"}],"predecessor-version":[{"id":627,"href":"https:\/\/www.colegionahuelcura.cl\/index.php?rest_route=\/wp\/v2\/posts\/616\/revisions\/627"}],"wp:featuredmedia":[{"embeddable":true,"href":"https:\/\/www.colegionahuelcura.cl\/index.php?rest_route=\/wp\/v2\/media\/203"}],"wp:attachment":[{"href":"https:\/\/www.colegionahuelcura.cl\/index.php?rest_route=%2Fwp%2Fv2%2Fmedia&parent=616"}],"wp:term":[{"taxonomy":"category","embeddable":true,"href":"https:\/\/www.colegionahuelcura.cl\/index.php?rest_route=%2Fwp%2Fv2%2Fcategories&post=616"},{"taxonomy":"post_tag","embeddable":true,"href":"https:\/\/www.colegionahuelcura.cl\/index.php?rest_route=%2Fwp%2Fv2%2Ftags&post=616"}],"curies":[{"name":"wp","href":"https:\/\/api.w.org\/{rel}","templated":true}]}}