{"id":653,"date":"2016-04-08T09:22:38","date_gmt":"2016-04-08T12:22:38","guid":{"rendered":"http:\/\/www.nahuelcura.cl\/?p=653"},"modified":"2016-04-08T12:50:29","modified_gmt":"2016-04-08T15:50:29","slug":"inauguracion-patio-techado-y-patio-educacion-parvularia","status":"publish","type":"post","link":"https:\/\/www.colegionahuelcura.cl\/?p=653","title":{"rendered":"Inauguraci\u00f3n Patio Techado y Patio Educaci\u00f3n Parvularia"},"content":{"rendered":"<p>Con fecha 7 de Abril de 2016, a las 11:00 hrs. y en presencia de personalidades de la C\u00e1mara Chilena de la Construcci\u00f3n, de la Corporaci\u00f3n de Educaci\u00f3n de la Construcci\u00f3n Coreduc, de la Directiva del Campur de Padres y Apoderados, de la Comunidad de Alumnos y Profesores del Colegio, se procedi\u00f3 a inaugurar los proyectos 2016 de infraestructura del Colegio:<\/p>\n<ul>\n<li>Patio Techado Principal<\/li>\n<li>Patio de Educaci\u00f3n Parvularia<\/li>\n<\/ul>\n<p>Con el concurso del Reverendo Padre Alvaro Olivares, se realiz\u00f3 la ceremonia de bendici\u00f3n de estas nuevas instalaciones que posteriormente fueron inauguradas (corte de cinta) por parte de la Sra. Rosana Sprovera Manr\u00edquez, Gerente General de Coreduc y la Sra. Vanessa Campos Henr\u00edquez, Coordinadora General de Campur de Padres y Apoderados.<br \/>\nA continuaci\u00f3n presentamos el Discurso de la sra. Vanessa Campos H., representante de los apoderados del Colegio:<\/p>\n<p><em>\u201cEstimado Rector, Directoras de Estudios, Profesores, representantes de Coreduc, representantes de la C\u00e1mara Chilena de la Construcci\u00f3n, queridos estudiantes, tengan todos un buen d\u00eda.<\/em><br \/>\n<em> Es un honor para m\u00ed, en representaci\u00f3n de todos los padres y apoderados estar presente en esta ceremonia de inauguraci\u00f3n.<\/em><br \/>\n<em> Durante muchos a\u00f1os convivimos con la necesidad de no contar con un espacio techado, con las limitaciones que esto generaba para desarrollar actividades pedag\u00f3gicas, deportivas y recreativas. Por esta raz\u00f3n lo que recibimos hoy, no es solo una obra, m\u00e1s bien, es la representaci\u00f3n de a\u00f1os de anhelos y esperanzas.<\/em><br \/>\n<em> Si, es un d\u00eda de celebraci\u00f3n ya que esto nos abre un abanico de posibilidades, le entrega mejores condiciones a nuestros hijos y es una muestra de c\u00f3mo paulatinamente se va concretando nuestro gran proyecto llamado Nahuelcura.<\/em><br \/>\n<em> Quisiera representar a todos los apoderados en la alegr\u00eda que hoy nos embarga al decir que el proyecto patio techado ha sido finalmente concretado.<\/em><br \/>\n<em> Para finalizar, agradecer a todos quienes de una u otra manera, fueron participes de su ejecuci\u00f3n.<\/em><br \/>\n<em> Muchas gracias.\u201d<\/em><\/p>\n<p><span class=\"embed-youtube\" style=\"text-align:center; display: block;\"><iframe loading=\"lazy\" class=\"youtube-player\" width=\"630\" height=\"355\" src=\"https:\/\/www.youtube.com\/embed\/KSUJWL6gI10?version=3&#038;rel=1&#038;showsearch=0&#038;showinfo=1&#038;iv_load_policy=1&#038;fs=1&#038;hl=es-CL&#038;autohide=2&#038;wmode=transparent\" allowfullscreen=\"true\" style=\"border:0;\" sandbox=\"allow-scripts allow-same-origin allow-popups allow-presentation\"><\/iframe><\/span><\/p>\n<p>\n<div class=\"ngg-galleryoverview ngg-slideshow\"\n\tid=\"ngg-slideshow-8fc97e0f37e1a02e5364def38233d8f3-1804649480\"\n\tdata-gallery-id=\"8fc97e0f37e1a02e5364def38233d8f3\"\n\tstyle=\"max-width: 600px;\n\t\t\tmax-height: 400px;\n\t\t\tdisplay: none;\">\n\n\t\n\t\t<a href=\"https:\/\/www.colegionahuelcura.cl\/wp-content\/gallery\/Inauguraci%C3%B3n-Patio-Techado-y-Patio-Educaci%C3%B3n-Parvularia\/dsc01165.jpg\"\n\t\t\ttitle=\"\"\n\t\t\tdata-src=\"https:\/\/www.colegionahuelcura.cl\/wp-content\/gallery\/Inauguraci%C3%B3n-Patio-Techado-y-Patio-Educaci%C3%B3n-Parvularia\/dsc01165.jpg\"\n\t\t\tdata-thumbnail=\"https:\/\/www.colegionahuelcura.cl\/wp-content\/gallery\/Inauguraci%C3%B3n-Patio-Techado-y-Patio-Educaci%C3%B3n-Parvularia\/thumbs\/thumbs_dsc01165.jpg\"\n\t\t\tdata-image-id=\"3\"\n\t\t\tdata-title=\"dsc01165\"\n\t\t\tdata-description=\"\"\n\t\t\tclass=\"ngg-fancybox\" rel=\"8fc97e0f37e1a02e5364def38233d8f3\">\n\n\t\t\t<img data-image-id='3'\n\t\t\t\ttitle=\"\"\n\t\t\t\talt=\"dsc01165\"\n\t\t\t\tsrc=\"https:\/\/www.colegionahuelcura.cl\/wp-content\/gallery\/Inauguraci%C3%B3n-Patio-Techado-y-Patio-Educaci%C3%B3n-Parvularia\/dsc01165.jpg\"\n\t\t\t\tstyle=\"max-height: 380px;\"\/>\n\t\t<\/a>\n\n\t\t\n\t\t<a href=\"https:\/\/www.colegionahuelcura.cl\/wp-content\/gallery\/Inauguraci%C3%B3n-Patio-Techado-y-Patio-Educaci%C3%B3n-Parvularia\/dsc01166.jpg\"\n\t\t\ttitle=\"\"\n\t\t\tdata-src=\"https:\/\/www.colegionahuelcura.cl\/wp-content\/gallery\/Inauguraci%C3%B3n-Patio-Techado-y-Patio-Educaci%C3%B3n-Parvularia\/dsc01166.jpg\"\n\t\t\tdata-thumbnail=\"https:\/\/www.colegionahuelcura.cl\/wp-content\/gallery\/Inauguraci%C3%B3n-Patio-Techado-y-Patio-Educaci%C3%B3n-Parvularia\/thumbs\/thumbs_dsc01166.jpg\"\n\t\t\tdata-image-id=\"4\"\n\t\t\tdata-title=\"dsc01166\"\n\t\t\tdata-description=\"\"\n\t\t\tclass=\"ngg-fancybox\" rel=\"8fc97e0f37e1a02e5364def38233d8f3\">\n\n\t\t\t<img data-image-id='4'\n\t\t\t\ttitle=\"\"\n\t\t\t\talt=\"dsc01166\"\n\t\t\t\tsrc=\"https:\/\/www.colegionahuelcura.cl\/wp-content\/gallery\/Inauguraci%C3%B3n-Patio-Techado-y-Patio-Educaci%C3%B3n-Parvularia\/dsc01166.jpg\"\n\t\t\t\tstyle=\"max-height: 380px;\"\/>\n\t\t<\/a>\n\n\t\t\n\t\t<a href=\"https:\/\/www.colegionahuelcura.cl\/wp-content\/gallery\/Inauguraci%C3%B3n-Patio-Techado-y-Patio-Educaci%C3%B3n-Parvularia\/dsc01167.jpg\"\n\t\t\ttitle=\"\"\n\t\t\tdata-src=\"https:\/\/www.colegionahuelcura.cl\/wp-content\/gallery\/Inauguraci%C3%B3n-Patio-Techado-y-Patio-Educaci%C3%B3n-Parvularia\/dsc01167.jpg\"\n\t\t\tdata-thumbnail=\"https:\/\/www.colegionahuelcura.cl\/wp-content\/gallery\/Inauguraci%C3%B3n-Patio-Techado-y-Patio-Educaci%C3%B3n-Parvularia\/thumbs\/thumbs_dsc01167.jpg\"\n\t\t\tdata-image-id=\"5\"\n\t\t\tdata-title=\"dsc01167\"\n\t\t\tdata-description=\"\"\n\t\t\tclass=\"ngg-fancybox\" rel=\"8fc97e0f37e1a02e5364def38233d8f3\">\n\n\t\t\t<img data-image-id='5'\n\t\t\t\ttitle=\"\"\n\t\t\t\talt=\"dsc01167\"\n\t\t\t\tsrc=\"https:\/\/www.colegionahuelcura.cl\/wp-content\/gallery\/Inauguraci%C3%B3n-Patio-Techado-y-Patio-Educaci%C3%B3n-Parvularia\/dsc01167.jpg\"\n\t\t\t\tstyle=\"max-height: 380px;\"\/>\n\t\t<\/a>\n\n\t\t\n\t\t<a href=\"https:\/\/www.colegionahuelcura.cl\/wp-content\/gallery\/Inauguraci%C3%B3n-Patio-Techado-y-Patio-Educaci%C3%B3n-Parvularia\/dsc01171.jpg\"\n\t\t\ttitle=\"\"\n\t\t\tdata-src=\"https:\/\/www.colegionahuelcura.cl\/wp-content\/gallery\/Inauguraci%C3%B3n-Patio-Techado-y-Patio-Educaci%C3%B3n-Parvularia\/dsc01171.jpg\"\n\t\t\tdata-thumbnail=\"https:\/\/www.colegionahuelcura.cl\/wp-content\/gallery\/Inauguraci%C3%B3n-Patio-Techado-y-Patio-Educaci%C3%B3n-Parvularia\/thumbs\/thumbs_dsc01171.jpg\"\n\t\t\tdata-image-id=\"6\"\n\t\t\tdata-title=\"dsc01171\"\n\t\t\tdata-description=\"\"\n\t\t\tclass=\"ngg-fancybox\" rel=\"8fc97e0f37e1a02e5364def38233d8f3\">\n\n\t\t\t<img data-image-id='6'\n\t\t\t\ttitle=\"\"\n\t\t\t\talt=\"dsc01171\"\n\t\t\t\tsrc=\"https:\/\/www.colegionahuelcura.cl\/wp-content\/gallery\/Inauguraci%C3%B3n-Patio-Techado-y-Patio-Educaci%C3%B3n-Parvularia\/dsc01171.jpg\"\n\t\t\t\tstyle=\"max-height: 380px;\"\/>\n\t\t<\/a>\n\n\t\t\n\t\t<a href=\"https:\/\/www.colegionahuelcura.cl\/wp-content\/gallery\/Inauguraci%C3%B3n-Patio-Techado-y-Patio-Educaci%C3%B3n-Parvularia\/dsc01174.jpg\"\n\t\t\ttitle=\"\"\n\t\t\tdata-src=\"https:\/\/www.colegionahuelcura.cl\/wp-content\/gallery\/Inauguraci%C3%B3n-Patio-Techado-y-Patio-Educaci%C3%B3n-Parvularia\/dsc01174.jpg\"\n\t\t\tdata-thumbnail=\"https:\/\/www.colegionahuelcura.cl\/wp-content\/gallery\/Inauguraci%C3%B3n-Patio-Techado-y-Patio-Educaci%C3%B3n-Parvularia\/thumbs\/thumbs_dsc01174.jpg\"\n\t\t\tdata-image-id=\"7\"\n\t\t\tdata-title=\"dsc01174\"\n\t\t\tdata-description=\"\"\n\t\t\tclass=\"ngg-fancybox\" rel=\"8fc97e0f37e1a02e5364def38233d8f3\">\n\n\t\t\t<img data-image-id='7'\n\t\t\t\ttitle=\"\"\n\t\t\t\talt=\"dsc01174\"\n\t\t\t\tsrc=\"https:\/\/www.colegionahuelcura.cl\/wp-content\/gallery\/Inauguraci%C3%B3n-Patio-Techado-y-Patio-Educaci%C3%B3n-Parvularia\/dsc01174.jpg\"\n\t\t\t\tstyle=\"max-height: 380px;\"\/>\n\t\t<\/a>\n\n\t\t\n\t\t<a href=\"https:\/\/www.colegionahuelcura.cl\/wp-content\/gallery\/Inauguraci%C3%B3n-Patio-Techado-y-Patio-Educaci%C3%B3n-Parvularia\/dsc01175.jpg\"\n\t\t\ttitle=\"\"\n\t\t\tdata-src=\"https:\/\/www.colegionahuelcura.cl\/wp-content\/gallery\/Inauguraci%C3%B3n-Patio-Techado-y-Patio-Educaci%C3%B3n-Parvularia\/dsc01175.jpg\"\n\t\t\tdata-thumbnail=\"https:\/\/www.colegionahuelcura.cl\/wp-content\/gallery\/Inauguraci%C3%B3n-Patio-Techado-y-Patio-Educaci%C3%B3n-Parvularia\/thumbs\/thumbs_dsc01175.jpg\"\n\t\t\tdata-image-id=\"8\"\n\t\t\tdata-title=\"dsc01175\"\n\t\t\tdata-description=\"\"\n\t\t\tclass=\"ngg-fancybox\" rel=\"8fc97e0f37e1a02e5364def38233d8f3\">\n\n\t\t\t<img data-image-id='8'\n\t\t\t\ttitle=\"\"\n\t\t\t\talt=\"dsc01175\"\n\t\t\t\tsrc=\"https:\/\/www.colegionahuelcura.cl\/wp-content\/gallery\/Inauguraci%C3%B3n-Patio-Techado-y-Patio-Educaci%C3%B3n-Parvularia\/dsc01175.jpg\"\n\t\t\t\tstyle=\"max-height: 380px;\"\/>\n\t\t<\/a>\n\n\t\t\n\t\t<a href=\"https:\/\/www.colegionahuelcura.cl\/wp-content\/gallery\/Inauguraci%C3%B3n-Patio-Techado-y-Patio-Educaci%C3%B3n-Parvularia\/dsc01176.jpg\"\n\t\t\ttitle=\"\"\n\t\t\tdata-src=\"https:\/\/www.colegionahuelcura.cl\/wp-content\/gallery\/Inauguraci%C3%B3n-Patio-Techado-y-Patio-Educaci%C3%B3n-Parvularia\/dsc01176.jpg\"\n\t\t\tdata-thumbnail=\"https:\/\/www.colegionahuelcura.cl\/wp-content\/gallery\/Inauguraci%C3%B3n-Patio-Techado-y-Patio-Educaci%C3%B3n-Parvularia\/thumbs\/thumbs_dsc01176.jpg\"\n\t\t\tdata-image-id=\"9\"\n\t\t\tdata-title=\"dsc01176\"\n\t\t\tdata-description=\"\"\n\t\t\tclass=\"ngg-fancybox\" rel=\"8fc97e0f37e1a02e5364def38233d8f3\">\n\n\t\t\t<img data-image-id='9'\n\t\t\t\ttitle=\"\"\n\t\t\t\talt=\"dsc01176\"\n\t\t\t\tsrc=\"https:\/\/www.colegionahuelcura.cl\/wp-content\/gallery\/Inauguraci%C3%B3n-Patio-Techado-y-Patio-Educaci%C3%B3n-Parvularia\/dsc01176.jpg\"\n\t\t\t\tstyle=\"max-height: 380px;\"\/>\n\t\t<\/a>\n\n\t\t\n\t\t<a href=\"https:\/\/www.colegionahuelcura.cl\/wp-content\/gallery\/Inauguraci%C3%B3n-Patio-Techado-y-Patio-Educaci%C3%B3n-Parvularia\/dsc01177.jpg\"\n\t\t\ttitle=\"\"\n\t\t\tdata-src=\"https:\/\/www.colegionahuelcura.cl\/wp-content\/gallery\/Inauguraci%C3%B3n-Patio-Techado-y-Patio-Educaci%C3%B3n-Parvularia\/dsc01177.jpg\"\n\t\t\tdata-thumbnail=\"https:\/\/www.colegionahuelcura.cl\/wp-content\/gallery\/Inauguraci%C3%B3n-Patio-Techado-y-Patio-Educaci%C3%B3n-Parvularia\/thumbs\/thumbs_dsc01177.jpg\"\n\t\t\tdata-image-id=\"10\"\n\t\t\tdata-title=\"dsc01177\"\n\t\t\tdata-description=\"\"\n\t\t\tclass=\"ngg-fancybox\" rel=\"8fc97e0f37e1a02e5364def38233d8f3\">\n\n\t\t\t<img data-image-id='10'\n\t\t\t\ttitle=\"\"\n\t\t\t\talt=\"dsc01177\"\n\t\t\t\tsrc=\"https:\/\/www.colegionahuelcura.cl\/wp-content\/gallery\/Inauguraci%C3%B3n-Patio-Techado-y-Patio-Educaci%C3%B3n-Parvularia\/dsc01177.jpg\"\n\t\t\t\tstyle=\"max-height: 380px;\"\/>\n\t\t<\/a>\n\n\t\t\n\t\t<a href=\"https:\/\/www.colegionahuelcura.cl\/wp-content\/gallery\/Inauguraci%C3%B3n-Patio-Techado-y-Patio-Educaci%C3%B3n-Parvularia\/dsc01178.jpg\"\n\t\t\ttitle=\"\"\n\t\t\tdata-src=\"https:\/\/www.colegionahuelcura.cl\/wp-content\/gallery\/Inauguraci%C3%B3n-Patio-Techado-y-Patio-Educaci%C3%B3n-Parvularia\/dsc01178.jpg\"\n\t\t\tdata-thumbnail=\"https:\/\/www.colegionahuelcura.cl\/wp-content\/gallery\/Inauguraci%C3%B3n-Patio-Techado-y-Patio-Educaci%C3%B3n-Parvularia\/thumbs\/thumbs_dsc01178.jpg\"\n\t\t\tdata-image-id=\"11\"\n\t\t\tdata-title=\"dsc01178\"\n\t\t\tdata-description=\"\"\n\t\t\tclass=\"ngg-fancybox\" rel=\"8fc97e0f37e1a02e5364def38233d8f3\">\n\n\t\t\t<img data-image-id='11'\n\t\t\t\ttitle=\"\"\n\t\t\t\talt=\"dsc01178\"\n\t\t\t\tsrc=\"https:\/\/www.colegionahuelcura.cl\/wp-content\/gallery\/Inauguraci%C3%B3n-Patio-Techado-y-Patio-Educaci%C3%B3n-Parvularia\/dsc01178.jpg\"\n\t\t\t\tstyle=\"max-height: 380px;\"\/>\n\t\t<\/a>\n\n\t\t\n\t\t<a href=\"https:\/\/www.colegionahuelcura.cl\/wp-content\/gallery\/Inauguraci%C3%B3n-Patio-Techado-y-Patio-Educaci%C3%B3n-Parvularia\/dsc01179.jpg\"\n\t\t\ttitle=\"\"\n\t\t\tdata-src=\"https:\/\/www.colegionahuelcura.cl\/wp-content\/gallery\/Inauguraci%C3%B3n-Patio-Techado-y-Patio-Educaci%C3%B3n-Parvularia\/dsc01179.jpg\"\n\t\t\tdata-thumbnail=\"https:\/\/www.colegionahuelcura.cl\/wp-content\/gallery\/Inauguraci%C3%B3n-Patio-Techado-y-Patio-Educaci%C3%B3n-Parvularia\/thumbs\/thumbs_dsc01179.jpg\"\n\t\t\tdata-image-id=\"12\"\n\t\t\tdata-title=\"dsc01179\"\n\t\t\tdata-description=\"\"\n\t\t\tclass=\"ngg-fancybox\" rel=\"8fc97e0f37e1a02e5364def38233d8f3\">\n\n\t\t\t<img data-image-id='12'\n\t\t\t\ttitle=\"\"\n\t\t\t\talt=\"dsc01179\"\n\t\t\t\tsrc=\"https:\/\/www.colegionahuelcura.cl\/wp-content\/gallery\/Inauguraci%C3%B3n-Patio-Techado-y-Patio-Educaci%C3%B3n-Parvularia\/dsc01179.jpg\"\n\t\t\t\tstyle=\"max-height: 380px;\"\/>\n\t\t<\/a>\n\n\t\t\n\t\t<a href=\"https:\/\/www.colegionahuelcura.cl\/wp-content\/gallery\/Inauguraci%C3%B3n-Patio-Techado-y-Patio-Educaci%C3%B3n-Parvularia\/dsc01180.jpg\"\n\t\t\ttitle=\"\"\n\t\t\tdata-src=\"https:\/\/www.colegionahuelcura.cl\/wp-content\/gallery\/Inauguraci%C3%B3n-Patio-Techado-y-Patio-Educaci%C3%B3n-Parvularia\/dsc01180.jpg\"\n\t\t\tdata-thumbnail=\"https:\/\/www.colegionahuelcura.cl\/wp-content\/gallery\/Inauguraci%C3%B3n-Patio-Techado-y-Patio-Educaci%C3%B3n-Parvularia\/thumbs\/thumbs_dsc01180.jpg\"\n\t\t\tdata-image-id=\"13\"\n\t\t\tdata-title=\"dsc01180\"\n\t\t\tdata-description=\"\"\n\t\t\tclass=\"ngg-fancybox\" rel=\"8fc97e0f37e1a02e5364def38233d8f3\">\n\n\t\t\t<img data-image-id='13'\n\t\t\t\ttitle=\"\"\n\t\t\t\talt=\"dsc01180\"\n\t\t\t\tsrc=\"https:\/\/www.colegionahuelcura.cl\/wp-content\/gallery\/Inauguraci%C3%B3n-Patio-Techado-y-Patio-Educaci%C3%B3n-Parvularia\/dsc01180.jpg\"\n\t\t\t\tstyle=\"max-height: 380px;\"\/>\n\t\t<\/a>\n\n\t\t\n\t\t<a href=\"https:\/\/www.colegionahuelcura.cl\/wp-content\/gallery\/Inauguraci%C3%B3n-Patio-Techado-y-Patio-Educaci%C3%B3n-Parvularia\/dsc01182.jpg\"\n\t\t\ttitle=\"\"\n\t\t\tdata-src=\"https:\/\/www.colegionahuelcura.cl\/wp-content\/gallery\/Inauguraci%C3%B3n-Patio-Techado-y-Patio-Educaci%C3%B3n-Parvularia\/dsc01182.jpg\"\n\t\t\tdata-thumbnail=\"https:\/\/www.colegionahuelcura.cl\/wp-content\/gallery\/Inauguraci%C3%B3n-Patio-Techado-y-Patio-Educaci%C3%B3n-Parvularia\/thumbs\/thumbs_dsc01182.jpg\"\n\t\t\tdata-image-id=\"14\"\n\t\t\tdata-title=\"dsc01182\"\n\t\t\tdata-description=\"\"\n\t\t\tclass=\"ngg-fancybox\" rel=\"8fc97e0f37e1a02e5364def38233d8f3\">\n\n\t\t\t<img data-image-id='14'\n\t\t\t\ttitle=\"\"\n\t\t\t\talt=\"dsc01182\"\n\t\t\t\tsrc=\"https:\/\/www.colegionahuelcura.cl\/wp-content\/gallery\/Inauguraci%C3%B3n-Patio-Techado-y-Patio-Educaci%C3%B3n-Parvularia\/dsc01182.jpg\"\n\t\t\t\tstyle=\"max-height: 380px;\"\/>\n\t\t<\/a>\n\n\t\t\n\t\t<a href=\"https:\/\/www.colegionahuelcura.cl\/wp-content\/gallery\/Inauguraci%C3%B3n-Patio-Techado-y-Patio-Educaci%C3%B3n-Parvularia\/dsc01183.jpg\"\n\t\t\ttitle=\"\"\n\t\t\tdata-src=\"https:\/\/www.colegionahuelcura.cl\/wp-content\/gallery\/Inauguraci%C3%B3n-Patio-Techado-y-Patio-Educaci%C3%B3n-Parvularia\/dsc01183.jpg\"\n\t\t\tdata-thumbnail=\"https:\/\/www.colegionahuelcura.cl\/wp-content\/gallery\/Inauguraci%C3%B3n-Patio-Techado-y-Patio-Educaci%C3%B3n-Parvularia\/thumbs\/thumbs_dsc01183.jpg\"\n\t\t\tdata-image-id=\"15\"\n\t\t\tdata-title=\"dsc01183\"\n\t\t\tdata-description=\"\"\n\t\t\tclass=\"ngg-fancybox\" rel=\"8fc97e0f37e1a02e5364def38233d8f3\">\n\n\t\t\t<img data-image-id='15'\n\t\t\t\ttitle=\"\"\n\t\t\t\talt=\"dsc01183\"\n\t\t\t\tsrc=\"https:\/\/www.colegionahuelcura.cl\/wp-content\/gallery\/Inauguraci%C3%B3n-Patio-Techado-y-Patio-Educaci%C3%B3n-Parvularia\/dsc01183.jpg\"\n\t\t\t\tstyle=\"max-height: 380px;\"\/>\n\t\t<\/a>\n\n\t\t\n\t\t<a href=\"https:\/\/www.colegionahuelcura.cl\/wp-content\/gallery\/Inauguraci%C3%B3n-Patio-Techado-y-Patio-Educaci%C3%B3n-Parvularia\/dsc01184.jpg\"\n\t\t\ttitle=\"\"\n\t\t\tdata-src=\"https:\/\/www.colegionahuelcura.cl\/wp-content\/gallery\/Inauguraci%C3%B3n-Patio-Techado-y-Patio-Educaci%C3%B3n-Parvularia\/dsc01184.jpg\"\n\t\t\tdata-thumbnail=\"https:\/\/www.colegionahuelcura.cl\/wp-content\/gallery\/Inauguraci%C3%B3n-Patio-Techado-y-Patio-Educaci%C3%B3n-Parvularia\/thumbs\/thumbs_dsc01184.jpg\"\n\t\t\tdata-image-id=\"16\"\n\t\t\tdata-title=\"dsc01184\"\n\t\t\tdata-description=\"\"\n\t\t\tclass=\"ngg-fancybox\" rel=\"8fc97e0f37e1a02e5364def38233d8f3\">\n\n\t\t\t<img data-image-id='16'\n\t\t\t\ttitle=\"\"\n\t\t\t\talt=\"dsc01184\"\n\t\t\t\tsrc=\"https:\/\/www.colegionahuelcura.cl\/wp-content\/gallery\/Inauguraci%C3%B3n-Patio-Techado-y-Patio-Educaci%C3%B3n-Parvularia\/dsc01184.jpg\"\n\t\t\t\tstyle=\"max-height: 380px;\"\/>\n\t\t<\/a>\n\n\t\t\n\t\t<a href=\"https:\/\/www.colegionahuelcura.cl\/wp-content\/gallery\/Inauguraci%C3%B3n-Patio-Techado-y-Patio-Educaci%C3%B3n-Parvularia\/dsc01187.jpg\"\n\t\t\ttitle=\"\"\n\t\t\tdata-src=\"https:\/\/www.colegionahuelcura.cl\/wp-content\/gallery\/Inauguraci%C3%B3n-Patio-Techado-y-Patio-Educaci%C3%B3n-Parvularia\/dsc01187.jpg\"\n\t\t\tdata-thumbnail=\"https:\/\/www.colegionahuelcura.cl\/wp-content\/gallery\/Inauguraci%C3%B3n-Patio-Techado-y-Patio-Educaci%C3%B3n-Parvularia\/thumbs\/thumbs_dsc01187.jpg\"\n\t\t\tdata-image-id=\"17\"\n\t\t\tdata-title=\"dsc01187\"\n\t\t\tdata-description=\"\"\n\t\t\tclass=\"ngg-fancybox\" rel=\"8fc97e0f37e1a02e5364def38233d8f3\">\n\n\t\t\t<img data-image-id='17'\n\t\t\t\ttitle=\"\"\n\t\t\t\talt=\"dsc01187\"\n\t\t\t\tsrc=\"https:\/\/www.colegionahuelcura.cl\/wp-content\/gallery\/Inauguraci%C3%B3n-Patio-Techado-y-Patio-Educaci%C3%B3n-Parvularia\/dsc01187.jpg\"\n\t\t\t\tstyle=\"max-height: 380px;\"\/>\n\t\t<\/a>\n\n\t\t\n\t\t<a href=\"https:\/\/www.colegionahuelcura.cl\/wp-content\/gallery\/Inauguraci%C3%B3n-Patio-Techado-y-Patio-Educaci%C3%B3n-Parvularia\/dsc01192.jpg\"\n\t\t\ttitle=\"\"\n\t\t\tdata-src=\"https:\/\/www.colegionahuelcura.cl\/wp-content\/gallery\/Inauguraci%C3%B3n-Patio-Techado-y-Patio-Educaci%C3%B3n-Parvularia\/dsc01192.jpg\"\n\t\t\tdata-thumbnail=\"https:\/\/www.colegionahuelcura.cl\/wp-content\/gallery\/Inauguraci%C3%B3n-Patio-Techado-y-Patio-Educaci%C3%B3n-Parvularia\/thumbs\/thumbs_dsc01192.jpg\"\n\t\t\tdata-image-id=\"18\"\n\t\t\tdata-title=\"dsc01192\"\n\t\t\tdata-description=\"\"\n\t\t\tclass=\"ngg-fancybox\" rel=\"8fc97e0f37e1a02e5364def38233d8f3\">\n\n\t\t\t<img data-image-id='18'\n\t\t\t\ttitle=\"\"\n\t\t\t\talt=\"dsc01192\"\n\t\t\t\tsrc=\"https:\/\/www.colegionahuelcura.cl\/wp-content\/gallery\/Inauguraci%C3%B3n-Patio-Techado-y-Patio-Educaci%C3%B3n-Parvularia\/dsc01192.jpg\"\n\t\t\t\tstyle=\"max-height: 380px;\"\/>\n\t\t<\/a>\n\n\t\t\n\t\t<a href=\"https:\/\/www.colegionahuelcura.cl\/wp-content\/gallery\/Inauguraci%C3%B3n-Patio-Techado-y-Patio-Educaci%C3%B3n-Parvularia\/dsc01193.jpg\"\n\t\t\ttitle=\"\"\n\t\t\tdata-src=\"https:\/\/www.colegionahuelcura.cl\/wp-content\/gallery\/Inauguraci%C3%B3n-Patio-Techado-y-Patio-Educaci%C3%B3n-Parvularia\/dsc01193.jpg\"\n\t\t\tdata-thumbnail=\"https:\/\/www.colegionahuelcura.cl\/wp-content\/gallery\/Inauguraci%C3%B3n-Patio-Techado-y-Patio-Educaci%C3%B3n-Parvularia\/thumbs\/thumbs_dsc01193.jpg\"\n\t\t\tdata-image-id=\"19\"\n\t\t\tdata-title=\"dsc01193\"\n\t\t\tdata-description=\"\"\n\t\t\tclass=\"ngg-fancybox\" rel=\"8fc97e0f37e1a02e5364def38233d8f3\">\n\n\t\t\t<img data-image-id='19'\n\t\t\t\ttitle=\"\"\n\t\t\t\talt=\"dsc01193\"\n\t\t\t\tsrc=\"https:\/\/www.colegionahuelcura.cl\/wp-content\/gallery\/Inauguraci%C3%B3n-Patio-Techado-y-Patio-Educaci%C3%B3n-Parvularia\/dsc01193.jpg\"\n\t\t\t\tstyle=\"max-height: 380px;\"\/>\n\t\t<\/a>\n\n\t\t\n\t\t<a href=\"https:\/\/www.colegionahuelcura.cl\/wp-content\/gallery\/Inauguraci%C3%B3n-Patio-Techado-y-Patio-Educaci%C3%B3n-Parvularia\/dsc01194.jpg\"\n\t\t\ttitle=\"\"\n\t\t\tdata-src=\"https:\/\/www.colegionahuelcura.cl\/wp-content\/gallery\/Inauguraci%C3%B3n-Patio-Techado-y-Patio-Educaci%C3%B3n-Parvularia\/dsc01194.jpg\"\n\t\t\tdata-thumbnail=\"https:\/\/www.colegionahuelcura.cl\/wp-content\/gallery\/Inauguraci%C3%B3n-Patio-Techado-y-Patio-Educaci%C3%B3n-Parvularia\/thumbs\/thumbs_dsc01194.jpg\"\n\t\t\tdata-image-id=\"20\"\n\t\t\tdata-title=\"dsc01194\"\n\t\t\tdata-description=\"\"\n\t\t\tclass=\"ngg-fancybox\" rel=\"8fc97e0f37e1a02e5364def38233d8f3\">\n\n\t\t\t<img data-image-id='20'\n\t\t\t\ttitle=\"\"\n\t\t\t\talt=\"dsc01194\"\n\t\t\t\tsrc=\"https:\/\/www.colegionahuelcura.cl\/wp-content\/gallery\/Inauguraci%C3%B3n-Patio-Techado-y-Patio-Educaci%C3%B3n-Parvularia\/dsc01194.jpg\"\n\t\t\t\tstyle=\"max-height: 380px;\"\/>\n\t\t<\/a>\n\n\t\t\n\t\t<a href=\"https:\/\/www.colegionahuelcura.cl\/wp-content\/gallery\/Inauguraci%C3%B3n-Patio-Techado-y-Patio-Educaci%C3%B3n-Parvularia\/dsc01196.jpg\"\n\t\t\ttitle=\"\"\n\t\t\tdata-src=\"https:\/\/www.colegionahuelcura.cl\/wp-content\/gallery\/Inauguraci%C3%B3n-Patio-Techado-y-Patio-Educaci%C3%B3n-Parvularia\/dsc01196.jpg\"\n\t\t\tdata-thumbnail=\"https:\/\/www.colegionahuelcura.cl\/wp-content\/gallery\/Inauguraci%C3%B3n-Patio-Techado-y-Patio-Educaci%C3%B3n-Parvularia\/thumbs\/thumbs_dsc01196.jpg\"\n\t\t\tdata-image-id=\"21\"\n\t\t\tdata-title=\"dsc01196\"\n\t\t\tdata-description=\"\"\n\t\t\tclass=\"ngg-fancybox\" rel=\"8fc97e0f37e1a02e5364def38233d8f3\">\n\n\t\t\t<img data-image-id='21'\n\t\t\t\ttitle=\"\"\n\t\t\t\talt=\"dsc01196\"\n\t\t\t\tsrc=\"https:\/\/www.colegionahuelcura.cl\/wp-content\/gallery\/Inauguraci%C3%B3n-Patio-Techado-y-Patio-Educaci%C3%B3n-Parvularia\/dsc01196.jpg\"\n\t\t\t\tstyle=\"max-height: 380px;\"\/>\n\t\t<\/a>\n\n\t\t\n\t\t<a href=\"https:\/\/www.colegionahuelcura.cl\/wp-content\/gallery\/Inauguraci%C3%B3n-Patio-Techado-y-Patio-Educaci%C3%B3n-Parvularia\/dsc01197.jpg\"\n\t\t\ttitle=\"\"\n\t\t\tdata-src=\"https:\/\/www.colegionahuelcura.cl\/wp-content\/gallery\/Inauguraci%C3%B3n-Patio-Techado-y-Patio-Educaci%C3%B3n-Parvularia\/dsc01197.jpg\"\n\t\t\tdata-thumbnail=\"https:\/\/www.colegionahuelcura.cl\/wp-content\/gallery\/Inauguraci%C3%B3n-Patio-Techado-y-Patio-Educaci%C3%B3n-Parvularia\/thumbs\/thumbs_dsc01197.jpg\"\n\t\t\tdata-image-id=\"22\"\n\t\t\tdata-title=\"dsc01197\"\n\t\t\tdata-description=\"\"\n\t\t\tclass=\"ngg-fancybox\" rel=\"8fc97e0f37e1a02e5364def38233d8f3\">\n\n\t\t\t<img data-image-id='22'\n\t\t\t\ttitle=\"\"\n\t\t\t\talt=\"dsc01197\"\n\t\t\t\tsrc=\"https:\/\/www.colegionahuelcura.cl\/wp-content\/gallery\/Inauguraci%C3%B3n-Patio-Techado-y-Patio-Educaci%C3%B3n-Parvularia\/dsc01197.jpg\"\n\t\t\t\tstyle=\"max-height: 380px;\"\/>\n\t\t<\/a>\n\n\t\t\n\t\t<a href=\"https:\/\/www.colegionahuelcura.cl\/wp-content\/gallery\/Inauguraci%C3%B3n-Patio-Techado-y-Patio-Educaci%C3%B3n-Parvularia\/dsc01198.jpg\"\n\t\t\ttitle=\"\"\n\t\t\tdata-src=\"https:\/\/www.colegionahuelcura.cl\/wp-content\/gallery\/Inauguraci%C3%B3n-Patio-Techado-y-Patio-Educaci%C3%B3n-Parvularia\/dsc01198.jpg\"\n\t\t\tdata-thumbnail=\"https:\/\/www.colegionahuelcura.cl\/wp-content\/gallery\/Inauguraci%C3%B3n-Patio-Techado-y-Patio-Educaci%C3%B3n-Parvularia\/thumbs\/thumbs_dsc01198.jpg\"\n\t\t\tdata-image-id=\"23\"\n\t\t\tdata-title=\"dsc01198\"\n\t\t\tdata-description=\"\"\n\t\t\tclass=\"ngg-fancybox\" rel=\"8fc97e0f37e1a02e5364def38233d8f3\">\n\n\t\t\t<img data-image-id='23'\n\t\t\t\ttitle=\"\"\n\t\t\t\talt=\"dsc01198\"\n\t\t\t\tsrc=\"https:\/\/www.colegionahuelcura.cl\/wp-content\/gallery\/Inauguraci%C3%B3n-Patio-Techado-y-Patio-Educaci%C3%B3n-Parvularia\/dsc01198.jpg\"\n\t\t\t\tstyle=\"max-height: 380px;\"\/>\n\t\t<\/a>\n\n\t\t\n\t\t<a href=\"https:\/\/www.colegionahuelcura.cl\/wp-content\/gallery\/Inauguraci%C3%B3n-Patio-Techado-y-Patio-Educaci%C3%B3n-Parvularia\/dsc01202.jpg\"\n\t\t\ttitle=\"\"\n\t\t\tdata-src=\"https:\/\/www.colegionahuelcura.cl\/wp-content\/gallery\/Inauguraci%C3%B3n-Patio-Techado-y-Patio-Educaci%C3%B3n-Parvularia\/dsc01202.jpg\"\n\t\t\tdata-thumbnail=\"https:\/\/www.colegionahuelcura.cl\/wp-content\/gallery\/Inauguraci%C3%B3n-Patio-Techado-y-Patio-Educaci%C3%B3n-Parvularia\/thumbs\/thumbs_dsc01202.jpg\"\n\t\t\tdata-image-id=\"24\"\n\t\t\tdata-title=\"dsc01202\"\n\t\t\tdata-description=\"\"\n\t\t\tclass=\"ngg-fancybox\" rel=\"8fc97e0f37e1a02e5364def38233d8f3\">\n\n\t\t\t<img data-image-id='24'\n\t\t\t\ttitle=\"\"\n\t\t\t\talt=\"dsc01202\"\n\t\t\t\tsrc=\"https:\/\/www.colegionahuelcura.cl\/wp-content\/gallery\/Inauguraci%C3%B3n-Patio-Techado-y-Patio-Educaci%C3%B3n-Parvularia\/dsc01202.jpg\"\n\t\t\t\tstyle=\"max-height: 380px;\"\/>\n\t\t<\/a>\n\n\t\t\n\t\t<a href=\"https:\/\/www.colegionahuelcura.cl\/wp-content\/gallery\/Inauguraci%C3%B3n-Patio-Techado-y-Patio-Educaci%C3%B3n-Parvularia\/dsc01203.jpg\"\n\t\t\ttitle=\"\"\n\t\t\tdata-src=\"https:\/\/www.colegionahuelcura.cl\/wp-content\/gallery\/Inauguraci%C3%B3n-Patio-Techado-y-Patio-Educaci%C3%B3n-Parvularia\/dsc01203.jpg\"\n\t\t\tdata-thumbnail=\"https:\/\/www.colegionahuelcura.cl\/wp-content\/gallery\/Inauguraci%C3%B3n-Patio-Techado-y-Patio-Educaci%C3%B3n-Parvularia\/thumbs\/thumbs_dsc01203.jpg\"\n\t\t\tdata-image-id=\"25\"\n\t\t\tdata-title=\"dsc01203\"\n\t\t\tdata-description=\"\"\n\t\t\tclass=\"ngg-fancybox\" rel=\"8fc97e0f37e1a02e5364def38233d8f3\">\n\n\t\t\t<img data-image-id='25'\n\t\t\t\ttitle=\"\"\n\t\t\t\talt=\"dsc01203\"\n\t\t\t\tsrc=\"https:\/\/www.colegionahuelcura.cl\/wp-content\/gallery\/Inauguraci%C3%B3n-Patio-Techado-y-Patio-Educaci%C3%B3n-Parvularia\/dsc01203.jpg\"\n\t\t\t\tstyle=\"max-height: 380px;\"\/>\n\t\t<\/a>\n\n\t\t\n\t\t<a href=\"https:\/\/www.colegionahuelcura.cl\/wp-content\/gallery\/Inauguraci%C3%B3n-Patio-Techado-y-Patio-Educaci%C3%B3n-Parvularia\/dsc01206.jpg\"\n\t\t\ttitle=\"\"\n\t\t\tdata-src=\"https:\/\/www.colegionahuelcura.cl\/wp-content\/gallery\/Inauguraci%C3%B3n-Patio-Techado-y-Patio-Educaci%C3%B3n-Parvularia\/dsc01206.jpg\"\n\t\t\tdata-thumbnail=\"https:\/\/www.colegionahuelcura.cl\/wp-content\/gallery\/Inauguraci%C3%B3n-Patio-Techado-y-Patio-Educaci%C3%B3n-Parvularia\/thumbs\/thumbs_dsc01206.jpg\"\n\t\t\tdata-image-id=\"26\"\n\t\t\tdata-title=\"dsc01206\"\n\t\t\tdata-description=\"\"\n\t\t\tclass=\"ngg-fancybox\" rel=\"8fc97e0f37e1a02e5364def38233d8f3\">\n\n\t\t\t<img data-image-id='26'\n\t\t\t\ttitle=\"\"\n\t\t\t\talt=\"dsc01206\"\n\t\t\t\tsrc=\"https:\/\/www.colegionahuelcura.cl\/wp-content\/gallery\/Inauguraci%C3%B3n-Patio-Techado-y-Patio-Educaci%C3%B3n-Parvularia\/dsc01206.jpg\"\n\t\t\t\tstyle=\"max-height: 380px;\"\/>\n\t\t<\/a>\n\n\t\t\n\t\t<a href=\"https:\/\/www.colegionahuelcura.cl\/wp-content\/gallery\/Inauguraci%C3%B3n-Patio-Techado-y-Patio-Educaci%C3%B3n-Parvularia\/dsc01208.jpg\"\n\t\t\ttitle=\"\"\n\t\t\tdata-src=\"https:\/\/www.colegionahuelcura.cl\/wp-content\/gallery\/Inauguraci%C3%B3n-Patio-Techado-y-Patio-Educaci%C3%B3n-Parvularia\/dsc01208.jpg\"\n\t\t\tdata-thumbnail=\"https:\/\/www.colegionahuelcura.cl\/wp-content\/gallery\/Inauguraci%C3%B3n-Patio-Techado-y-Patio-Educaci%C3%B3n-Parvularia\/thumbs\/thumbs_dsc01208.jpg\"\n\t\t\tdata-image-id=\"27\"\n\t\t\tdata-title=\"dsc01208\"\n\t\t\tdata-description=\"\"\n\t\t\tclass=\"ngg-fancybox\" rel=\"8fc97e0f37e1a02e5364def38233d8f3\">\n\n\t\t\t<img data-image-id='27'\n\t\t\t\ttitle=\"\"\n\t\t\t\talt=\"dsc01208\"\n\t\t\t\tsrc=\"https:\/\/www.colegionahuelcura.cl\/wp-content\/gallery\/Inauguraci%C3%B3n-Patio-Techado-y-Patio-Educaci%C3%B3n-Parvularia\/dsc01208.jpg\"\n\t\t\t\tstyle=\"max-height: 380px;\"\/>\n\t\t<\/a>\n\n\t\t\n\t\t<a href=\"https:\/\/www.colegionahuelcura.cl\/wp-content\/gallery\/Inauguraci%C3%B3n-Patio-Techado-y-Patio-Educaci%C3%B3n-Parvularia\/dsc01209.jpg\"\n\t\t\ttitle=\" \"\n\t\t\tdata-src=\"https:\/\/www.colegionahuelcura.cl\/wp-content\/gallery\/Inauguraci%C3%B3n-Patio-Techado-y-Patio-Educaci%C3%B3n-Parvularia\/dsc01209.jpg\"\n\t\t\tdata-thumbnail=\"https:\/\/www.colegionahuelcura.cl\/wp-content\/gallery\/Inauguraci%C3%B3n-Patio-Techado-y-Patio-Educaci%C3%B3n-Parvularia\/thumbs\/thumbs_dsc01209.jpg\"\n\t\t\tdata-image-id=\"28\"\n\t\t\tdata-title=\"dsc01209\"\n\t\t\tdata-description=\" \"\n\t\t\tclass=\"ngg-fancybox\" rel=\"8fc97e0f37e1a02e5364def38233d8f3\">\n\n\t\t\t<img data-image-id='28'\n\t\t\t\ttitle=\" \"\n\t\t\t\talt=\"dsc01209\"\n\t\t\t\tsrc=\"https:\/\/www.colegionahuelcura.cl\/wp-content\/gallery\/Inauguraci%C3%B3n-Patio-Techado-y-Patio-Educaci%C3%B3n-Parvularia\/dsc01209.jpg\"\n\t\t\t\tstyle=\"max-height: 380px;\"\/>\n\t\t<\/a>\n\n\t\t\n\t\t<a href=\"https:\/\/www.colegionahuelcura.cl\/wp-content\/gallery\/Inauguraci%C3%B3n-Patio-Techado-y-Patio-Educaci%C3%B3n-Parvularia\/dsc01210.jpg\"\n\t\t\ttitle=\" \"\n\t\t\tdata-src=\"https:\/\/www.colegionahuelcura.cl\/wp-content\/gallery\/Inauguraci%C3%B3n-Patio-Techado-y-Patio-Educaci%C3%B3n-Parvularia\/dsc01210.jpg\"\n\t\t\tdata-thumbnail=\"https:\/\/www.colegionahuelcura.cl\/wp-content\/gallery\/Inauguraci%C3%B3n-Patio-Techado-y-Patio-Educaci%C3%B3n-Parvularia\/thumbs\/thumbs_dsc01210.jpg\"\n\t\t\tdata-image-id=\"29\"\n\t\t\tdata-title=\"dsc01210\"\n\t\t\tdata-description=\" \"\n\t\t\tclass=\"ngg-fancybox\" rel=\"8fc97e0f37e1a02e5364def38233d8f3\">\n\n\t\t\t<img data-image-id='29'\n\t\t\t\ttitle=\" \"\n\t\t\t\talt=\"dsc01210\"\n\t\t\t\tsrc=\"https:\/\/www.colegionahuelcura.cl\/wp-content\/gallery\/Inauguraci%C3%B3n-Patio-Techado-y-Patio-Educaci%C3%B3n-Parvularia\/dsc01210.jpg\"\n\t\t\t\tstyle=\"max-height: 380px;\"\/>\n\t\t<\/a>\n\n\t\t\n\t\t<a href=\"https:\/\/www.colegionahuelcura.cl\/wp-content\/gallery\/Inauguraci%C3%B3n-Patio-Techado-y-Patio-Educaci%C3%B3n-Parvularia\/dsc01212.jpg\"\n\t\t\ttitle=\" \"\n\t\t\tdata-src=\"https:\/\/www.colegionahuelcura.cl\/wp-content\/gallery\/Inauguraci%C3%B3n-Patio-Techado-y-Patio-Educaci%C3%B3n-Parvularia\/dsc01212.jpg\"\n\t\t\tdata-thumbnail=\"https:\/\/www.colegionahuelcura.cl\/wp-content\/gallery\/Inauguraci%C3%B3n-Patio-Techado-y-Patio-Educaci%C3%B3n-Parvularia\/thumbs\/thumbs_dsc01212.jpg\"\n\t\t\tdata-image-id=\"30\"\n\t\t\tdata-title=\"dsc01212\"\n\t\t\tdata-description=\" \"\n\t\t\tclass=\"ngg-fancybox\" rel=\"8fc97e0f37e1a02e5364def38233d8f3\">\n\n\t\t\t<img data-image-id='30'\n\t\t\t\ttitle=\" \"\n\t\t\t\talt=\"dsc01212\"\n\t\t\t\tsrc=\"https:\/\/www.colegionahuelcura.cl\/wp-content\/gallery\/Inauguraci%C3%B3n-Patio-Techado-y-Patio-Educaci%C3%B3n-Parvularia\/dsc01212.jpg\"\n\t\t\t\tstyle=\"max-height: 380px;\"\/>\n\t\t<\/a>\n\n\t\t\n\t\t<a href=\"https:\/\/www.colegionahuelcura.cl\/wp-content\/gallery\/Inauguraci%C3%B3n-Patio-Techado-y-Patio-Educaci%C3%B3n-Parvularia\/dsc01213.jpg\"\n\t\t\ttitle=\" \"\n\t\t\tdata-src=\"https:\/\/www.colegionahuelcura.cl\/wp-content\/gallery\/Inauguraci%C3%B3n-Patio-Techado-y-Patio-Educaci%C3%B3n-Parvularia\/dsc01213.jpg\"\n\t\t\tdata-thumbnail=\"https:\/\/www.colegionahuelcura.cl\/wp-content\/gallery\/Inauguraci%C3%B3n-Patio-Techado-y-Patio-Educaci%C3%B3n-Parvularia\/thumbs\/thumbs_dsc01213.jpg\"\n\t\t\tdata-image-id=\"31\"\n\t\t\tdata-title=\"dsc01213\"\n\t\t\tdata-description=\" \"\n\t\t\tclass=\"ngg-fancybox\" rel=\"8fc97e0f37e1a02e5364def38233d8f3\">\n\n\t\t\t<img data-image-id='31'\n\t\t\t\ttitle=\" \"\n\t\t\t\talt=\"dsc01213\"\n\t\t\t\tsrc=\"https:\/\/www.colegionahuelcura.cl\/wp-content\/gallery\/Inauguraci%C3%B3n-Patio-Techado-y-Patio-Educaci%C3%B3n-Parvularia\/dsc01213.jpg\"\n\t\t\t\tstyle=\"max-height: 380px;\"\/>\n\t\t<\/a>\n\n\t\t\n\t\t<a href=\"https:\/\/www.colegionahuelcura.cl\/wp-content\/gallery\/Inauguraci%C3%B3n-Patio-Techado-y-Patio-Educaci%C3%B3n-Parvularia\/dsc01214.jpg\"\n\t\t\ttitle=\" \"\n\t\t\tdata-src=\"https:\/\/www.colegionahuelcura.cl\/wp-content\/gallery\/Inauguraci%C3%B3n-Patio-Techado-y-Patio-Educaci%C3%B3n-Parvularia\/dsc01214.jpg\"\n\t\t\tdata-thumbnail=\"https:\/\/www.colegionahuelcura.cl\/wp-content\/gallery\/Inauguraci%C3%B3n-Patio-Techado-y-Patio-Educaci%C3%B3n-Parvularia\/thumbs\/thumbs_dsc01214.jpg\"\n\t\t\tdata-image-id=\"32\"\n\t\t\tdata-title=\"dsc01214\"\n\t\t\tdata-description=\" \"\n\t\t\tclass=\"ngg-fancybox\" rel=\"8fc97e0f37e1a02e5364def38233d8f3\">\n\n\t\t\t<img data-image-id='32'\n\t\t\t\ttitle=\" \"\n\t\t\t\talt=\"dsc01214\"\n\t\t\t\tsrc=\"https:\/\/www.colegionahuelcura.cl\/wp-content\/gallery\/Inauguraci%C3%B3n-Patio-Techado-y-Patio-Educaci%C3%B3n-Parvularia\/dsc01214.jpg\"\n\t\t\t\tstyle=\"max-height: 380px;\"\/>\n\t\t<\/a>\n\n\t\t\n\t\t<a href=\"https:\/\/www.colegionahuelcura.cl\/wp-content\/gallery\/Inauguraci%C3%B3n-Patio-Techado-y-Patio-Educaci%C3%B3n-Parvularia\/dsc01215.jpg\"\n\t\t\ttitle=\" \"\n\t\t\tdata-src=\"https:\/\/www.colegionahuelcura.cl\/wp-content\/gallery\/Inauguraci%C3%B3n-Patio-Techado-y-Patio-Educaci%C3%B3n-Parvularia\/dsc01215.jpg\"\n\t\t\tdata-thumbnail=\"https:\/\/www.colegionahuelcura.cl\/wp-content\/gallery\/Inauguraci%C3%B3n-Patio-Techado-y-Patio-Educaci%C3%B3n-Parvularia\/thumbs\/thumbs_dsc01215.jpg\"\n\t\t\tdata-image-id=\"33\"\n\t\t\tdata-title=\"dsc01215\"\n\t\t\tdata-description=\" \"\n\t\t\tclass=\"ngg-fancybox\" rel=\"8fc97e0f37e1a02e5364def38233d8f3\">\n\n\t\t\t<img data-image-id='33'\n\t\t\t\ttitle=\" \"\n\t\t\t\talt=\"dsc01215\"\n\t\t\t\tsrc=\"https:\/\/www.colegionahuelcura.cl\/wp-content\/gallery\/Inauguraci%C3%B3n-Patio-Techado-y-Patio-Educaci%C3%B3n-Parvularia\/dsc01215.jpg\"\n\t\t\t\tstyle=\"max-height: 380px;\"\/>\n\t\t<\/a>\n\n\t\t\n\t\t<a href=\"https:\/\/www.colegionahuelcura.cl\/wp-content\/gallery\/Inauguraci%C3%B3n-Patio-Techado-y-Patio-Educaci%C3%B3n-Parvularia\/dsc01216.jpg\"\n\t\t\ttitle=\" \"\n\t\t\tdata-src=\"https:\/\/www.colegionahuelcura.cl\/wp-content\/gallery\/Inauguraci%C3%B3n-Patio-Techado-y-Patio-Educaci%C3%B3n-Parvularia\/dsc01216.jpg\"\n\t\t\tdata-thumbnail=\"https:\/\/www.colegionahuelcura.cl\/wp-content\/gallery\/Inauguraci%C3%B3n-Patio-Techado-y-Patio-Educaci%C3%B3n-Parvularia\/thumbs\/thumbs_dsc01216.jpg\"\n\t\t\tdata-image-id=\"34\"\n\t\t\tdata-title=\"dsc01216\"\n\t\t\tdata-description=\" \"\n\t\t\tclass=\"ngg-fancybox\" rel=\"8fc97e0f37e1a02e5364def38233d8f3\">\n\n\t\t\t<img data-image-id='34'\n\t\t\t\ttitle=\" \"\n\t\t\t\talt=\"dsc01216\"\n\t\t\t\tsrc=\"https:\/\/www.colegionahuelcura.cl\/wp-content\/gallery\/Inauguraci%C3%B3n-Patio-Techado-y-Patio-Educaci%C3%B3n-Parvularia\/dsc01216.jpg\"\n\t\t\t\tstyle=\"max-height: 380px;\"\/>\n\t\t<\/a>\n\n\t\t\n\t\t<a href=\"https:\/\/www.colegionahuelcura.cl\/wp-content\/gallery\/Inauguraci%C3%B3n-Patio-Techado-y-Patio-Educaci%C3%B3n-Parvularia\/dsc01217.jpg\"\n\t\t\ttitle=\" \"\n\t\t\tdata-src=\"https:\/\/www.colegionahuelcura.cl\/wp-content\/gallery\/Inauguraci%C3%B3n-Patio-Techado-y-Patio-Educaci%C3%B3n-Parvularia\/dsc01217.jpg\"\n\t\t\tdata-thumbnail=\"https:\/\/www.colegionahuelcura.cl\/wp-content\/gallery\/Inauguraci%C3%B3n-Patio-Techado-y-Patio-Educaci%C3%B3n-Parvularia\/thumbs\/thumbs_dsc01217.jpg\"\n\t\t\tdata-image-id=\"35\"\n\t\t\tdata-title=\"dsc01217\"\n\t\t\tdata-description=\" \"\n\t\t\tclass=\"ngg-fancybox\" rel=\"8fc97e0f37e1a02e5364def38233d8f3\">\n\n\t\t\t<img data-image-id='35'\n\t\t\t\ttitle=\" \"\n\t\t\t\talt=\"dsc01217\"\n\t\t\t\tsrc=\"https:\/\/www.colegionahuelcura.cl\/wp-content\/gallery\/Inauguraci%C3%B3n-Patio-Techado-y-Patio-Educaci%C3%B3n-Parvularia\/dsc01217.jpg\"\n\t\t\t\tstyle=\"max-height: 380px;\"\/>\n\t\t<\/a>\n\n\t\t\n\t\t<a href=\"https:\/\/www.colegionahuelcura.cl\/wp-content\/gallery\/Inauguraci%C3%B3n-Patio-Techado-y-Patio-Educaci%C3%B3n-Parvularia\/dsc01218.jpg\"\n\t\t\ttitle=\" \"\n\t\t\tdata-src=\"https:\/\/www.colegionahuelcura.cl\/wp-content\/gallery\/Inauguraci%C3%B3n-Patio-Techado-y-Patio-Educaci%C3%B3n-Parvularia\/dsc01218.jpg\"\n\t\t\tdata-thumbnail=\"https:\/\/www.colegionahuelcura.cl\/wp-content\/gallery\/Inauguraci%C3%B3n-Patio-Techado-y-Patio-Educaci%C3%B3n-Parvularia\/thumbs\/thumbs_dsc01218.jpg\"\n\t\t\tdata-image-id=\"36\"\n\t\t\tdata-title=\"dsc01218\"\n\t\t\tdata-description=\" \"\n\t\t\tclass=\"ngg-fancybox\" rel=\"8fc97e0f37e1a02e5364def38233d8f3\">\n\n\t\t\t<img data-image-id='36'\n\t\t\t\ttitle=\" \"\n\t\t\t\talt=\"dsc01218\"\n\t\t\t\tsrc=\"https:\/\/www.colegionahuelcura.cl\/wp-content\/gallery\/Inauguraci%C3%B3n-Patio-Techado-y-Patio-Educaci%C3%B3n-Parvularia\/dsc01218.jpg\"\n\t\t\t\tstyle=\"max-height: 380px;\"\/>\n\t\t<\/a>\n\n\t\t\n\t\t<a href=\"https:\/\/www.colegionahuelcura.cl\/wp-content\/gallery\/Inauguraci%C3%B3n-Patio-Techado-y-Patio-Educaci%C3%B3n-Parvularia\/dsc01219.jpg\"\n\t\t\ttitle=\"\"\n\t\t\tdata-src=\"https:\/\/www.colegionahuelcura.cl\/wp-content\/gallery\/Inauguraci%C3%B3n-Patio-Techado-y-Patio-Educaci%C3%B3n-Parvularia\/dsc01219.jpg\"\n\t\t\tdata-thumbnail=\"https:\/\/www.colegionahuelcura.cl\/wp-content\/gallery\/Inauguraci%C3%B3n-Patio-Techado-y-Patio-Educaci%C3%B3n-Parvularia\/thumbs\/thumbs_dsc01219.jpg\"\n\t\t\tdata-image-id=\"37\"\n\t\t\tdata-title=\"dsc01219\"\n\t\t\tdata-description=\"\"\n\t\t\tclass=\"ngg-fancybox\" rel=\"8fc97e0f37e1a02e5364def38233d8f3\">\n\n\t\t\t<img data-image-id='37'\n\t\t\t\ttitle=\"\"\n\t\t\t\talt=\"dsc01219\"\n\t\t\t\tsrc=\"https:\/\/www.colegionahuelcura.cl\/wp-content\/gallery\/Inauguraci%C3%B3n-Patio-Techado-y-Patio-Educaci%C3%B3n-Parvularia\/dsc01219.jpg\"\n\t\t\t\tstyle=\"max-height: 380px;\"\/>\n\t\t<\/a>\n\n\t\t\n\t\t<a href=\"https:\/\/www.colegionahuelcura.cl\/wp-content\/gallery\/Inauguraci%C3%B3n-Patio-Techado-y-Patio-Educaci%C3%B3n-Parvularia\/dsc01220.jpg\"\n\t\t\ttitle=\"\"\n\t\t\tdata-src=\"https:\/\/www.colegionahuelcura.cl\/wp-content\/gallery\/Inauguraci%C3%B3n-Patio-Techado-y-Patio-Educaci%C3%B3n-Parvularia\/dsc01220.jpg\"\n\t\t\tdata-thumbnail=\"https:\/\/www.colegionahuelcura.cl\/wp-content\/gallery\/Inauguraci%C3%B3n-Patio-Techado-y-Patio-Educaci%C3%B3n-Parvularia\/thumbs\/thumbs_dsc01220.jpg\"\n\t\t\tdata-image-id=\"38\"\n\t\t\tdata-title=\"dsc01220\"\n\t\t\tdata-description=\"\"\n\t\t\tclass=\"ngg-fancybox\" rel=\"8fc97e0f37e1a02e5364def38233d8f3\">\n\n\t\t\t<img data-image-id='38'\n\t\t\t\ttitle=\"\"\n\t\t\t\talt=\"dsc01220\"\n\t\t\t\tsrc=\"https:\/\/www.colegionahuelcura.cl\/wp-content\/gallery\/Inauguraci%C3%B3n-Patio-Techado-y-Patio-Educaci%C3%B3n-Parvularia\/dsc01220.jpg\"\n\t\t\t\tstyle=\"max-height: 380px;\"\/>\n\t\t<\/a>\n\n\t\t\n\t\t<a href=\"https:\/\/www.colegionahuelcura.cl\/wp-content\/gallery\/Inauguraci%C3%B3n-Patio-Techado-y-Patio-Educaci%C3%B3n-Parvularia\/dsc01222.jpg\"\n\t\t\ttitle=\"\"\n\t\t\tdata-src=\"https:\/\/www.colegionahuelcura.cl\/wp-content\/gallery\/Inauguraci%C3%B3n-Patio-Techado-y-Patio-Educaci%C3%B3n-Parvularia\/dsc01222.jpg\"\n\t\t\tdata-thumbnail=\"https:\/\/www.colegionahuelcura.cl\/wp-content\/gallery\/Inauguraci%C3%B3n-Patio-Techado-y-Patio-Educaci%C3%B3n-Parvularia\/thumbs\/thumbs_dsc01222.jpg\"\n\t\t\tdata-image-id=\"39\"\n\t\t\tdata-title=\"dsc01222\"\n\t\t\tdata-description=\"\"\n\t\t\tclass=\"ngg-fancybox\" rel=\"8fc97e0f37e1a02e5364def38233d8f3\">\n\n\t\t\t<img data-image-id='39'\n\t\t\t\ttitle=\"\"\n\t\t\t\talt=\"dsc01222\"\n\t\t\t\tsrc=\"https:\/\/www.colegionahuelcura.cl\/wp-content\/gallery\/Inauguraci%C3%B3n-Patio-Techado-y-Patio-Educaci%C3%B3n-Parvularia\/dsc01222.jpg\"\n\t\t\t\tstyle=\"max-height: 380px;\"\/>\n\t\t<\/a>\n\n\t\t\n\t\t<a href=\"https:\/\/www.colegionahuelcura.cl\/wp-content\/gallery\/Inauguraci%C3%B3n-Patio-Techado-y-Patio-Educaci%C3%B3n-Parvularia\/dsc01223.jpg\"\n\t\t\ttitle=\"\"\n\t\t\tdata-src=\"https:\/\/www.colegionahuelcura.cl\/wp-content\/gallery\/Inauguraci%C3%B3n-Patio-Techado-y-Patio-Educaci%C3%B3n-Parvularia\/dsc01223.jpg\"\n\t\t\tdata-thumbnail=\"https:\/\/www.colegionahuelcura.cl\/wp-content\/gallery\/Inauguraci%C3%B3n-Patio-Techado-y-Patio-Educaci%C3%B3n-Parvularia\/thumbs\/thumbs_dsc01223.jpg\"\n\t\t\tdata-image-id=\"40\"\n\t\t\tdata-title=\"dsc01223\"\n\t\t\tdata-description=\"\"\n\t\t\tclass=\"ngg-fancybox\" rel=\"8fc97e0f37e1a02e5364def38233d8f3\">\n\n\t\t\t<img data-image-id='40'\n\t\t\t\ttitle=\"\"\n\t\t\t\talt=\"dsc01223\"\n\t\t\t\tsrc=\"https:\/\/www.colegionahuelcura.cl\/wp-content\/gallery\/Inauguraci%C3%B3n-Patio-Techado-y-Patio-Educaci%C3%B3n-Parvularia\/dsc01223.jpg\"\n\t\t\t\tstyle=\"max-height: 380px;\"\/>\n\t\t<\/a>\n\n\t\t\n\t\t<a href=\"https:\/\/www.colegionahuelcura.cl\/wp-content\/gallery\/Inauguraci%C3%B3n-Patio-Techado-y-Patio-Educaci%C3%B3n-Parvularia\/dsc01224.jpg\"\n\t\t\ttitle=\"\"\n\t\t\tdata-src=\"https:\/\/www.colegionahuelcura.cl\/wp-content\/gallery\/Inauguraci%C3%B3n-Patio-Techado-y-Patio-Educaci%C3%B3n-Parvularia\/dsc01224.jpg\"\n\t\t\tdata-thumbnail=\"https:\/\/www.colegionahuelcura.cl\/wp-content\/gallery\/Inauguraci%C3%B3n-Patio-Techado-y-Patio-Educaci%C3%B3n-Parvularia\/thumbs\/thumbs_dsc01224.jpg\"\n\t\t\tdata-image-id=\"41\"\n\t\t\tdata-title=\"dsc01224\"\n\t\t\tdata-description=\"\"\n\t\t\tclass=\"ngg-fancybox\" rel=\"8fc97e0f37e1a02e5364def38233d8f3\">\n\n\t\t\t<img data-image-id='41'\n\t\t\t\ttitle=\"\"\n\t\t\t\talt=\"dsc01224\"\n\t\t\t\tsrc=\"https:\/\/www.colegionahuelcura.cl\/wp-content\/gallery\/Inauguraci%C3%B3n-Patio-Techado-y-Patio-Educaci%C3%B3n-Parvularia\/dsc01224.jpg\"\n\t\t\t\tstyle=\"max-height: 380px;\"\/>\n\t\t<\/a>\n\n\t\t\n\t\t<a href=\"https:\/\/www.colegionahuelcura.cl\/wp-content\/gallery\/Inauguraci%C3%B3n-Patio-Techado-y-Patio-Educaci%C3%B3n-Parvularia\/dsc01225.jpg\"\n\t\t\ttitle=\"\"\n\t\t\tdata-src=\"https:\/\/www.colegionahuelcura.cl\/wp-content\/gallery\/Inauguraci%C3%B3n-Patio-Techado-y-Patio-Educaci%C3%B3n-Parvularia\/dsc01225.jpg\"\n\t\t\tdata-thumbnail=\"https:\/\/www.colegionahuelcura.cl\/wp-content\/gallery\/Inauguraci%C3%B3n-Patio-Techado-y-Patio-Educaci%C3%B3n-Parvularia\/thumbs\/thumbs_dsc01225.jpg\"\n\t\t\tdata-image-id=\"42\"\n\t\t\tdata-title=\"dsc01225\"\n\t\t\tdata-description=\"\"\n\t\t\tclass=\"ngg-fancybox\" rel=\"8fc97e0f37e1a02e5364def38233d8f3\">\n\n\t\t\t<img data-image-id='42'\n\t\t\t\ttitle=\"\"\n\t\t\t\talt=\"dsc01225\"\n\t\t\t\tsrc=\"https:\/\/www.colegionahuelcura.cl\/wp-content\/gallery\/Inauguraci%C3%B3n-Patio-Techado-y-Patio-Educaci%C3%B3n-Parvularia\/dsc01225.jpg\"\n\t\t\t\tstyle=\"max-height: 380px;\"\/>\n\t\t<\/a>\n\n\t\t\n\t\t<a href=\"https:\/\/www.colegionahuelcura.cl\/wp-content\/gallery\/Inauguraci%C3%B3n-Patio-Techado-y-Patio-Educaci%C3%B3n-Parvularia\/dsc01226.jpg\"\n\t\t\ttitle=\"\"\n\t\t\tdata-src=\"https:\/\/www.colegionahuelcura.cl\/wp-content\/gallery\/Inauguraci%C3%B3n-Patio-Techado-y-Patio-Educaci%C3%B3n-Parvularia\/dsc01226.jpg\"\n\t\t\tdata-thumbnail=\"https:\/\/www.colegionahuelcura.cl\/wp-content\/gallery\/Inauguraci%C3%B3n-Patio-Techado-y-Patio-Educaci%C3%B3n-Parvularia\/thumbs\/thumbs_dsc01226.jpg\"\n\t\t\tdata-image-id=\"43\"\n\t\t\tdata-title=\"dsc01226\"\n\t\t\tdata-description=\"\"\n\t\t\tclass=\"ngg-fancybox\" rel=\"8fc97e0f37e1a02e5364def38233d8f3\">\n\n\t\t\t<img data-image-id='43'\n\t\t\t\ttitle=\"\"\n\t\t\t\talt=\"dsc01226\"\n\t\t\t\tsrc=\"https:\/\/www.colegionahuelcura.cl\/wp-content\/gallery\/Inauguraci%C3%B3n-Patio-Techado-y-Patio-Educaci%C3%B3n-Parvularia\/dsc01226.jpg\"\n\t\t\t\tstyle=\"max-height: 380px;\"\/>\n\t\t<\/a>\n\n\t\t\n\t\t<a href=\"https:\/\/www.colegionahuelcura.cl\/wp-content\/gallery\/Inauguraci%C3%B3n-Patio-Techado-y-Patio-Educaci%C3%B3n-Parvularia\/dsc01227.jpg\"\n\t\t\ttitle=\"\"\n\t\t\tdata-src=\"https:\/\/www.colegionahuelcura.cl\/wp-content\/gallery\/Inauguraci%C3%B3n-Patio-Techado-y-Patio-Educaci%C3%B3n-Parvularia\/dsc01227.jpg\"\n\t\t\tdata-thumbnail=\"https:\/\/www.colegionahuelcura.cl\/wp-content\/gallery\/Inauguraci%C3%B3n-Patio-Techado-y-Patio-Educaci%C3%B3n-Parvularia\/thumbs\/thumbs_dsc01227.jpg\"\n\t\t\tdata-image-id=\"44\"\n\t\t\tdata-title=\"dsc01227\"\n\t\t\tdata-description=\"\"\n\t\t\tclass=\"ngg-fancybox\" rel=\"8fc97e0f37e1a02e5364def38233d8f3\">\n\n\t\t\t<img data-image-id='44'\n\t\t\t\ttitle=\"\"\n\t\t\t\talt=\"dsc01227\"\n\t\t\t\tsrc=\"https:\/\/www.colegionahuelcura.cl\/wp-content\/gallery\/Inauguraci%C3%B3n-Patio-Techado-y-Patio-Educaci%C3%B3n-Parvularia\/dsc01227.jpg\"\n\t\t\t\tstyle=\"max-height: 380px;\"\/>\n\t\t<\/a>\n\n\t\t\n\t\t<a href=\"https:\/\/www.colegionahuelcura.cl\/wp-content\/gallery\/Inauguraci%C3%B3n-Patio-Techado-y-Patio-Educaci%C3%B3n-Parvularia\/dsc01229.jpg\"\n\t\t\ttitle=\"\"\n\t\t\tdata-src=\"https:\/\/www.colegionahuelcura.cl\/wp-content\/gallery\/Inauguraci%C3%B3n-Patio-Techado-y-Patio-Educaci%C3%B3n-Parvularia\/dsc01229.jpg\"\n\t\t\tdata-thumbnail=\"https:\/\/www.colegionahuelcura.cl\/wp-content\/gallery\/Inauguraci%C3%B3n-Patio-Techado-y-Patio-Educaci%C3%B3n-Parvularia\/thumbs\/thumbs_dsc01229.jpg\"\n\t\t\tdata-image-id=\"45\"\n\t\t\tdata-title=\"dsc01229\"\n\t\t\tdata-description=\"\"\n\t\t\tclass=\"ngg-fancybox\" rel=\"8fc97e0f37e1a02e5364def38233d8f3\">\n\n\t\t\t<img data-image-id='45'\n\t\t\t\ttitle=\"\"\n\t\t\t\talt=\"dsc01229\"\n\t\t\t\tsrc=\"https:\/\/www.colegionahuelcura.cl\/wp-content\/gallery\/Inauguraci%C3%B3n-Patio-Techado-y-Patio-Educaci%C3%B3n-Parvularia\/dsc01229.jpg\"\n\t\t\t\tstyle=\"max-height: 380px;\"\/>\n\t\t<\/a>\n\n\t\t\n\t\t<a href=\"https:\/\/www.colegionahuelcura.cl\/wp-content\/gallery\/Inauguraci%C3%B3n-Patio-Techado-y-Patio-Educaci%C3%B3n-Parvularia\/dsc01230.jpg\"\n\t\t\ttitle=\"\"\n\t\t\tdata-src=\"https:\/\/www.colegionahuelcura.cl\/wp-content\/gallery\/Inauguraci%C3%B3n-Patio-Techado-y-Patio-Educaci%C3%B3n-Parvularia\/dsc01230.jpg\"\n\t\t\tdata-thumbnail=\"https:\/\/www.colegionahuelcura.cl\/wp-content\/gallery\/Inauguraci%C3%B3n-Patio-Techado-y-Patio-Educaci%C3%B3n-Parvularia\/thumbs\/thumbs_dsc01230.jpg\"\n\t\t\tdata-image-id=\"46\"\n\t\t\tdata-title=\"dsc01230\"\n\t\t\tdata-description=\"\"\n\t\t\tclass=\"ngg-fancybox\" rel=\"8fc97e0f37e1a02e5364def38233d8f3\">\n\n\t\t\t<img data-image-id='46'\n\t\t\t\ttitle=\"\"\n\t\t\t\talt=\"dsc01230\"\n\t\t\t\tsrc=\"https:\/\/www.colegionahuelcura.cl\/wp-content\/gallery\/Inauguraci%C3%B3n-Patio-Techado-y-Patio-Educaci%C3%B3n-Parvularia\/dsc01230.jpg\"\n\t\t\t\tstyle=\"max-height: 380px;\"\/>\n\t\t<\/a>\n\n\t\t\n\t\t<a href=\"https:\/\/www.colegionahuelcura.cl\/wp-content\/gallery\/Inauguraci%C3%B3n-Patio-Techado-y-Patio-Educaci%C3%B3n-Parvularia\/dsc01231.jpg\"\n\t\t\ttitle=\"\"\n\t\t\tdata-src=\"https:\/\/www.colegionahuelcura.cl\/wp-content\/gallery\/Inauguraci%C3%B3n-Patio-Techado-y-Patio-Educaci%C3%B3n-Parvularia\/dsc01231.jpg\"\n\t\t\tdata-thumbnail=\"https:\/\/www.colegionahuelcura.cl\/wp-content\/gallery\/Inauguraci%C3%B3n-Patio-Techado-y-Patio-Educaci%C3%B3n-Parvularia\/thumbs\/thumbs_dsc01231.jpg\"\n\t\t\tdata-image-id=\"47\"\n\t\t\tdata-title=\"dsc01231\"\n\t\t\tdata-description=\"\"\n\t\t\tclass=\"ngg-fancybox\" rel=\"8fc97e0f37e1a02e5364def38233d8f3\">\n\n\t\t\t<img data-image-id='47'\n\t\t\t\ttitle=\"\"\n\t\t\t\talt=\"dsc01231\"\n\t\t\t\tsrc=\"https:\/\/www.colegionahuelcura.cl\/wp-content\/gallery\/Inauguraci%C3%B3n-Patio-Techado-y-Patio-Educaci%C3%B3n-Parvularia\/dsc01231.jpg\"\n\t\t\t\tstyle=\"max-height: 380px;\"\/>\n\t\t<\/a>\n\n\t\t\n\t\t<a href=\"https:\/\/www.colegionahuelcura.cl\/wp-content\/gallery\/Inauguraci%C3%B3n-Patio-Techado-y-Patio-Educaci%C3%B3n-Parvularia\/dsc01236.jpg\"\n\t\t\ttitle=\"\"\n\t\t\tdata-src=\"https:\/\/www.colegionahuelcura.cl\/wp-content\/gallery\/Inauguraci%C3%B3n-Patio-Techado-y-Patio-Educaci%C3%B3n-Parvularia\/dsc01236.jpg\"\n\t\t\tdata-thumbnail=\"https:\/\/www.colegionahuelcura.cl\/wp-content\/gallery\/Inauguraci%C3%B3n-Patio-Techado-y-Patio-Educaci%C3%B3n-Parvularia\/thumbs\/thumbs_dsc01236.jpg\"\n\t\t\tdata-image-id=\"48\"\n\t\t\tdata-title=\"dsc01236\"\n\t\t\tdata-description=\"\"\n\t\t\tclass=\"ngg-fancybox\" rel=\"8fc97e0f37e1a02e5364def38233d8f3\">\n\n\t\t\t<img data-image-id='48'\n\t\t\t\ttitle=\"\"\n\t\t\t\talt=\"dsc01236\"\n\t\t\t\tsrc=\"https:\/\/www.colegionahuelcura.cl\/wp-content\/gallery\/Inauguraci%C3%B3n-Patio-Techado-y-Patio-Educaci%C3%B3n-Parvularia\/dsc01236.jpg\"\n\t\t\t\tstyle=\"max-height: 380px;\"\/>\n\t\t<\/a>\n\n\t\t\n\t\t<a href=\"https:\/\/www.colegionahuelcura.cl\/wp-content\/gallery\/Inauguraci%C3%B3n-Patio-Techado-y-Patio-Educaci%C3%B3n-Parvularia\/dsc01237.jpg\"\n\t\t\ttitle=\" \"\n\t\t\tdata-src=\"https:\/\/www.colegionahuelcura.cl\/wp-content\/gallery\/Inauguraci%C3%B3n-Patio-Techado-y-Patio-Educaci%C3%B3n-Parvularia\/dsc01237.jpg\"\n\t\t\tdata-thumbnail=\"https:\/\/www.colegionahuelcura.cl\/wp-content\/gallery\/Inauguraci%C3%B3n-Patio-Techado-y-Patio-Educaci%C3%B3n-Parvularia\/thumbs\/thumbs_dsc01237.jpg\"\n\t\t\tdata-image-id=\"49\"\n\t\t\tdata-title=\"dsc01237\"\n\t\t\tdata-description=\" \"\n\t\t\tclass=\"ngg-fancybox\" rel=\"8fc97e0f37e1a02e5364def38233d8f3\">\n\n\t\t\t<img data-image-id='49'\n\t\t\t\ttitle=\" \"\n\t\t\t\talt=\"dsc01237\"\n\t\t\t\tsrc=\"https:\/\/www.colegionahuelcura.cl\/wp-content\/gallery\/Inauguraci%C3%B3n-Patio-Techado-y-Patio-Educaci%C3%B3n-Parvularia\/dsc01237.jpg\"\n\t\t\t\tstyle=\"max-height: 380px;\"\/>\n\t\t<\/a>\n\n\t\t<\/div>\n\n\n<\/p>\n","protected":false},"excerpt":{"rendered":"<p>Con fecha 7 de Abril de 2016, a las 11:00 hrs. y en presencia de personalidades de la C\u00e1mara Chilena de la Construcci\u00f3n, de la Corporaci\u00f3n de Educaci\u00f3n de la Construcci\u00f3n Coreduc, de la Directiva [&hellip;]<\/p>\n","protected":false},"author":2,"featured_media":656,"comment_status":"closed","ping_status":"closed","sticky":false,"template":"","format":"standard","meta":{"ngg_post_thumbnail":0},"categories":[1],"tags":[],"jetpack_featured_media_url":"https:\/\/i0.wp.com\/www.colegionahuelcura.cl\/wp-content\/uploads\/2016\/04\/Patio-Techado-Principal.jpg?fit=400%2C225&ssl=1","jetpack_sharing_enabled":true,"jetpack_shortlink":"https:\/\/wp.me\/p73X2C-ax","_links":{"self":[{"href":"https:\/\/www.colegionahuelcura.cl\/index.php?rest_route=\/wp\/v2\/posts\/653"}],"collection":[{"href":"https:\/\/www.colegionahuelcura.cl\/index.php?rest_route=\/wp\/v2\/posts"}],"about":[{"href":"https:\/\/www.colegionahuelcura.cl\/index.php?rest_route=\/wp\/v2\/types\/post"}],"author":[{"embeddable":true,"href":"https:\/\/www.colegionahuelcura.cl\/index.php?rest_route=\/wp\/v2\/users\/2"}],"replies":[{"embeddable":true,"href":"https:\/\/www.colegionahuelcura.cl\/index.php?rest_route=%2Fwp%2Fv2%2Fcomments&post=653"}],"version-history":[{"count":11,"href":"https:\/\/www.colegionahuelcura.cl\/index.php?rest_route=\/wp\/v2\/posts\/653\/revisions"}],"predecessor-version":[{"id":795,"href":"https:\/\/www.colegionahuelcura.cl\/index.php?rest_route=\/wp\/v2\/posts\/653\/revisions\/795"}],"wp:featuredmedia":[{"embeddable":true,"href":"https:\/\/www.colegionahuelcura.cl\/index.php?rest_route=\/wp\/v2\/media\/656"}],"wp:attachment":[{"href":"https:\/\/www.colegionahuelcura.cl\/index.php?rest_route=%2Fwp%2Fv2%2Fmedia&parent=653"}],"wp:term":[{"taxonomy":"category","embeddable":true,"href":"https:\/\/www.colegionahuelcura.cl\/index.php?rest_route=%2Fwp%2Fv2%2Fcategories&post=653"},{"taxonomy":"post_tag","embeddable":true,"href":"https:\/\/www.colegionahuelcura.cl\/index.php?rest_route=%2Fwp%2Fv2%2Ftags&post=653"}],"curies":[{"name":"wp","href":"https:\/\/api.w.org\/{rel}","templated":true}]}}