{"id":843,"date":"2016-04-18T10:22:34","date_gmt":"2016-04-18T13:22:34","guid":{"rendered":"http:\/\/www.nahuelcura.cl\/?p=843"},"modified":"2016-04-18T10:29:04","modified_gmt":"2016-04-18T13:29:04","slug":"comunicado-oficial","status":"publish","type":"post","link":"https:\/\/www.colegionahuelcura.cl\/?p=843","title":{"rendered":"Comunicado Oficial"},"content":{"rendered":"<p style=\"text-align: justify;\">Estimada Comunidad Nahuelcura:<\/p>\n<p style=\"text-align: right;\">Machal\u00ed, 18 de Abril de 2016<\/p>\n<p style=\"text-align: justify;\">En funci\u00f3n de los \u00faltimos acontecimientos meteorol\u00f3gicos ocurridos en la Regi\u00f3n y que han implicado la ca\u00edda de m\u00e1s de 100 ml de agua en un breve lapsus de tiempo, esperamos primeramente que todas las familias de nuestra comunidad se encuentren en buenas condiciones y sin problemas.<br \/>\nQuisi\u00e9ramos se\u00f1alar a Usted, que el Colegio se encuentra con todos sus sistemas funcionando. Considerando las inclemencias del tiempo, nuestra unidad ha resistido sin mayores problemas y por ende esperamos que no sea una preocupaci\u00f3n para Usted, en el sentido de tener inquietud por saber c\u00f3mo est\u00e1 su hijo. El Colegio est\u00e1 bien por ende su hijo estar\u00e1 bien.<br \/>\nEn lo correspondiente a decisiones de suspensiones generales de clases, cabe se\u00f1alar el Colegio siempre ha seguido las decisiones de la autoridad competente, en este caso del Ministerio de Educaci\u00f3n a trav\u00e9s de la Secretar\u00eda Regional Ministerial de Educaci\u00f3n. En funci\u00f3n de aquello, nuestras respuestas est\u00e1n determinadas por la autoridad, por cuanto, a pesar de entender lo que para muchos es de sentido com\u00fan, siempre estamos bajo esa expectativa, por lo que es importante que Usted atienda a aquello y comprenda lo importante de tener informaciones oficiales.<br \/>\nNo es menor, la situaci\u00f3n vivida el d\u00eda domingo en que se <strong>falsific\u00f3<\/strong> una comunicaci\u00f3n oficial del Colegio y se ech\u00f3 a correr por los WhatsApp de apoderados, generando confusi\u00f3n y molestia. Al respecto debemos plantear que para el Colegio ese tipo de acciones obedecen ciertamente a personas inescrupulosas que buscan generar caos y confusi\u00f3n.<br \/>\nSiempre se agradece tener informaciones oficiales y al respecto los canales de comunicaci\u00f3n para casos de emergencia siempre son los acordados por el Colegio:<\/p>\n<ul>\n<li style=\"text-align: justify;\">Comunicaciones v\u00eda Agenda<\/li>\n<li style=\"text-align: justify;\">Comunicaciones v\u00eda P\u00e1gina Web (<span style=\"color: #000000;\">www.nahuelcura.cl<\/span>)<\/li>\n<\/ul>\n<p style=\"text-align: justify;\">Finalmente, se\u00f1alar lo importante de las comunicaciones de grupos de apoderados que en muchos casos contribuyen a reforzar informaciones y\/o generar redes, sean estos WhatsApp de cursos u otros mecanismos. Sin embargo, nuevamente queda en entredicho las comunicaciones fragmentarias y en muchos casos de rumores que se trasmiten entre ellas. Es por ello, que nuevamente instamos a Usted, a verificar informaci\u00f3n oficial con la P\u00e1gina Web de Colegio.<br \/>\nEsperamos contar con su colaboraci\u00f3n y apoyo.<\/p>\n<p style=\"text-align: justify;\">Sin otro particular, le saluda atenta y cordialmente,<\/p>\n<p style=\"text-align: justify;\"><strong>Direcci\u00f3n Colegio Nahuelcura de Machal\u00ed<\/strong><\/p>\n","protected":false},"excerpt":{"rendered":"<p>Estimada Comunidad Nahuelcura: Machal\u00ed, 18 de Abril de 2016 En funci\u00f3n de los \u00faltimos acontecimientos meteorol\u00f3gicos ocurridos en la Regi\u00f3n y que han implicado la ca\u00edda de m\u00e1s de 100 ml de agua en un [&hellip;]<\/p>\n","protected":false},"author":2,"featured_media":203,"comment_status":"closed","ping_status":"closed","sticky":false,"template":"","format":"standard","meta":{"ngg_post_thumbnail":0},"categories":[1],"tags":[],"jetpack_featured_media_url":"https:\/\/i0.wp.com\/www.colegionahuelcura.cl\/wp-content\/uploads\/2016\/01\/LogoGmail.png?fit=320%2C132&ssl=1","jetpack_sharing_enabled":true,"jetpack_shortlink":"https:\/\/wp.me\/p73X2C-dB","_links":{"self":[{"href":"https:\/\/www.colegionahuelcura.cl\/index.php?rest_route=\/wp\/v2\/posts\/843"}],"collection":[{"href":"https:\/\/www.colegionahuelcura.cl\/index.php?rest_route=\/wp\/v2\/posts"}],"about":[{"href":"https:\/\/www.colegionahuelcura.cl\/index.php?rest_route=\/wp\/v2\/types\/post"}],"author":[{"embeddable":true,"href":"https:\/\/www.colegionahuelcura.cl\/index.php?rest_route=\/wp\/v2\/users\/2"}],"replies":[{"embeddable":true,"href":"https:\/\/www.colegionahuelcura.cl\/index.php?rest_route=%2Fwp%2Fv2%2Fcomments&post=843"}],"version-history":[{"count":5,"href":"https:\/\/www.colegionahuelcura.cl\/index.php?rest_route=\/wp\/v2\/posts\/843\/revisions"}],"predecessor-version":[{"id":848,"href":"https:\/\/www.colegionahuelcura.cl\/index.php?rest_route=\/wp\/v2\/posts\/843\/revisions\/848"}],"wp:featuredmedia":[{"embeddable":true,"href":"https:\/\/www.colegionahuelcura.cl\/index.php?rest_route=\/wp\/v2\/media\/203"}],"wp:attachment":[{"href":"https:\/\/www.colegionahuelcura.cl\/index.php?rest_route=%2Fwp%2Fv2%2Fmedia&parent=843"}],"wp:term":[{"taxonomy":"category","embeddable":true,"href":"https:\/\/www.colegionahuelcura.cl\/index.php?rest_route=%2Fwp%2Fv2%2Fcategories&post=843"},{"taxonomy":"post_tag","embeddable":true,"href":"https:\/\/www.colegionahuelcura.cl\/index.php?rest_route=%2Fwp%2Fv2%2Ftags&post=843"}],"curies":[{"name":"wp","href":"https:\/\/api.w.org\/{rel}","templated":true}]}}