{"id":850,"date":"2016-04-19T16:18:02","date_gmt":"2016-04-19T19:18:02","guid":{"rendered":"http:\/\/www.nahuelcura.cl\/?p=850"},"modified":"2016-04-19T16:18:02","modified_gmt":"2016-04-19T19:18:02","slug":"semana-del-libro-nahuelcura","status":"publish","type":"post","link":"https:\/\/www.colegionahuelcura.cl\/?p=850","title":{"rendered":"Semana del Libro Nahuelcura"},"content":{"rendered":"<p style=\"text-align: justify;\">Estimada Comunidad Nahuelcura:<\/p>\n<p style=\"text-align: justify;\">Con mucho gusto presentamos a Usted, el cronograma de actividades de la II versi\u00f3n de la \u201c<strong>Semana del Libro Nahuelcura<\/strong>\u201d.<br \/>\nCon motivo de la conmemoraci\u00f3n del d\u00eda internacional del libro, el <em>Departamento de Lenguaje<\/em> ha elabora un proyecto que busca aumentar el conocimiento literario de los estudiantes, comprendiendo que potenciar el h\u00e1bito lector es contribuir a la formaci\u00f3n de seres humanos \u00edntegros y con un bagaje cultural amplio.<br \/>\nSiguiendo estos fines, se ha elaborado un cronograma de actividades que se iniciar\u00eda el lunes 18 de abril y culminar\u00eda el 22 del mismo mes. Cabe se\u00f1alar que el programa est\u00e1 elaborado con la intenci\u00f3n de afectar m\u00ednimamente el desarrollo de las actividades acad\u00e9micas, sin embargo, el d\u00eda 22 se realizar\u00e1 el Acto Oficial que d\u00e9 por finalizada la \u201cSemana del Libro\u201d.<\/p>\n<p style=\"text-align: justify;\"><strong>LUNES 18<\/strong><\/p>\n<p style=\"text-align: justify;\">Actividad: <strong><em>Se presenta pend\u00f3n con las actividades de la semana (elaborado por alumnos)<\/em><\/strong><br \/>\n\u2022 Hora: 10:30<br \/>\n\u2022 Lugar: Patio principal.<\/p>\n<p style=\"text-align: justify;\">Actividad: <strong><em>Decoraci\u00f3n de salas literarias<\/em><\/strong><br \/>\n\u2022 Los alumnos de ense\u00f1anza media desde 7\u00b0 b\u00e1sico a 4\u00b0 medio, en forma grupal decorar\u00e1n las salas de acuerdo al autor que se les ha asignado trabajar.<br \/>\nLos autores son los siguientes por nivel:<\/p>\n<ul>\n<li style=\"text-align: justify;\">7\u00b0 B\u00e1sicos: Jordi Sierra i Fabra<\/li>\n<li style=\"text-align: justify;\">8\u00b0 B\u00e1sicos: S\u00f3focles<\/li>\n<li style=\"text-align: justify;\">1\u00b0 Medios: Gabriel Garc\u00eda M\u00e1rquez<\/li>\n<li style=\"text-align: justify;\">2\u00b0 Medios: Roberto Ampuero<\/li>\n<li style=\"text-align: justify;\">3\u00b0 Medios: Miguel de Cervantes<\/li>\n<li style=\"text-align: justify;\">4\u00b0 Medios: Roberto Bola\u00f1o<\/li>\n<\/ul>\n<p style=\"text-align: justify;\">Habr\u00e1 un jurado compuesto por profesores y funcionarios quienes mediante una pauta de cotejo evaluar\u00e1n las decoraciones y elegir\u00e1n un ganador por nivel<br \/>\n\u2022 Hora: Durante la ma\u00f1ana.<br \/>\n\u2022 Lugar: Cada sala respectivamente.<br \/>\n\u2022 Responsables: Miss Daniela Gaete.<br \/>\n\u2022 El curso ganador recibir\u00e1 un incentivo de d\u00e9cimas para su pr\u00f3ximo control de lectura.<\/p>\n<p style=\"text-align: justify;\"><strong>MARTES 19<\/strong><\/p>\n<p style=\"text-align: justify;\">Actividad 1: <strong><em>Presentaci\u00f3n de cuentos m\u00f3viles<\/em><\/strong><br \/>\n\u2022 Junto a la asignatura de Artes, los alumnos de 7mos y 8vos b\u00e1sicos realizar\u00e1n grupalmente m\u00f3viles basados en cuentos y libros trabajados en Lenguaje, estos ser\u00e1n expuestos en los pasillos del pabell\u00f3n principal y evaluados por un jurado.<br \/>\n\u2022 Todos recibir\u00e1n una calificaci\u00f3n en Artes por el trabajo realizado y ser\u00e1n 3 grupos ganadores por nivel, los cuales obtendr\u00e1n un 7 en la asignatura de Lenguaje.<\/p>\n<p style=\"text-align: justify;\">Actividad 2: <strong><em>Visita literaria<\/em><\/strong><br \/>\n\u2022 Los alumnos de ense\u00f1anza b\u00e1sica son visitados por personajes de libros favoritos, quienes les cuentan su historia y los incentivan leerlos. Los personajes ser\u00e1n representados por alumnos de 1ros y 2dos medios.<\/p>\n<p style=\"text-align: justify;\">Actividad 3: <strong><em>poeta Nahuelcura<\/em><\/strong><br \/>\n\u2022 Los alumnos de ense\u00f1anza media depositar\u00e1n sus poemas en los buzones dispuestos.<br \/>\n\u2022 Habr\u00e1 un ganador por nivel, el cual obtendr\u00e1 como premio un 7,0 en la asignatura de Lenguaje, canjeable por cualquier control de lectura del semestre.<br \/>\n\u2022 Hora: 8:00 a 14:00<br \/>\n\u2022 Lugar: En los buzones que estar\u00e1n en biblioteca.<\/p>\n<p style=\"text-align: justify;\"><strong>MIERCOLES 20<\/strong><\/p>\n<p style=\"text-align: justify;\">Actividad 1: <strong><em>Caf\u00e9 Literario<\/em><\/strong><br \/>\n\u2022 (Visita por confirmar del poeta minero).<br \/>\n\u2022 Hora: Durante la ma\u00f1ana.<br \/>\n\u2022 Lugar: Biblioteca.<br \/>\n\u2022 Responsable: Yasna Escalona.<\/p>\n<p style=\"text-align: justify;\">Actividad 2: <strong><em>Exposici\u00f3n de Collages<\/em><\/strong><br \/>\n\u2022 Alumnos de ense\u00f1anza b\u00e1sica exponen en los pasillos los collages sobre la lectura del mes.<br \/>\n\u2022 Hora: Durante la ma\u00f1ana.<br \/>\n\u2022 Lugar: Pasillos.<br \/>\n\u2022 Responsables: Profesores de Lenguaje de cada curso respectivamente.<\/p>\n<p style=\"text-align: justify;\">Actividad 3: <strong><em>Cuentacuentos<\/em><\/strong><br \/>\n\u2022 Alumnos del Electivo Humanista de 3\u00b0 y 4\u00b0 medio presentar\u00e1n cuentos infantiles a trav\u00e9s de t\u00edteres, representaciones y cuentacuentos a los alumnos de k\u00ednder y 1\u00b0 b\u00e1sicos.<br \/>\n\u2022 Hora: durante las clases de electivo.<br \/>\n\u2022 Lugar: Respectivas salas de cada curso.<br \/>\n\u2022 Responsables: Humanistas 3\u00b0 y 4\u00b0 medio \/\/ Paula Guti\u00e9rrez \u2013 Mar\u00eda Ang\u00e9lica Galaz.<\/p>\n<p style=\"text-align: justify;\"><strong>JUEVES 21<\/strong><\/p>\n<p style=\"text-align: justify;\">Actividad 1: <strong><em>Bloque de Lectura \u201cUn minuto para leer\u201d<\/em><\/strong><br \/>\n\u2022 Todos los alumnos en sus cursos, profesores, inspectores y administrativos durante 15 minutos leer\u00e1n la informaci\u00f3n que se les entregar\u00e1: \u201cLeyenda de las mil grullas\u201d.<br \/>\n\u2022 Hora: 8:00 a 8:15<br \/>\n\u2022 En las respectivas salas y oficinas.<br \/>\n\u2022 Responsables: Mar\u00eda Ang\u00e9lica Galaz.<\/p>\n<p style=\"text-align: justify;\">Actividad 2: <strong><em>Feria del libro usado<\/em><\/strong><br \/>\n\u2022 Los alumnos en el patio y en los lugares asignados previamente podr\u00e1n vender libros, revistas, folletos, y otros.<br \/>\n\u2022 Este d\u00eda se solicitar\u00e1 alargar los recreos en 15 minutos.<br \/>\n\u2022 Hora: 10:30 a 11:00 \/\/ 12:15 a 12:45<br \/>\n\u2022 Lugar: Patio principal.<br \/>\n\u2022 Responsables: Electivo Humanista 3ro medio (Profesora Paula Guti\u00e9rrez).<\/p>\n<p style=\"text-align: justify;\">Actividad 3: <strong><em>Cuentacuentos<\/em><\/strong><br \/>\n\u2022 Alumnos del Electivo Humanista de 3\u00b0 y 4\u00b0 medio presentar\u00e1n cuentos infantiles a trav\u00e9s de t\u00edteres, representaciones y cuentacuentos a los alumnos de k\u00ednder y 1\u00b0 b\u00e1sicos.<br \/>\n\u2022 Hora: durante las clases de electivo.<br \/>\n\u2022 Lugar: Respectivas salas de cada curso.<br \/>\n\u2022 Responsables: Humanistas 3\u00b0 y 4\u00b0 medio \/\/ Paula Guti\u00e9rrez \u2013 Mar\u00eda Ang\u00e9lica Galaz.<\/p>\n<p style=\"text-align: justify;\"><strong>VIERNES 22<\/strong><\/p>\n<p style=\"text-align: justify;\">Actividad: <strong><em>Disfraz Literario \u2013 Acto de Clausura Semana del Libro \u2013 Lanzamiento concurso de cuentos<\/em><\/strong><br \/>\n\u2022 En el acto los alumnos presentar\u00e1n disfrazados a un personaje femenino o masculino que pertenezca a una obra literaria. Luego lo caracterizar\u00e1n de forma breve diciendo quienes son y por qu\u00e9 recomiendan la lectura de ese libro.<br \/>\n\u2022 Habr\u00e1 un jurado formado por profesores y administrativos quienes seg\u00fan pauta de cotejo evaluar\u00e1n y decidir\u00e1n a los ganadores del mejor disfraz.<br \/>\n\u2022 Se premiar\u00e1n tambi\u00e9n a los ganadores del Concurso Nahuelcura en cien palabras.<br \/>\n\u2022 Se premiar\u00e1n a los mejores Diarios Murales.<br \/>\n\u2022 Habr\u00e1 un ganador por nivel, el cual obtendr\u00e1 como premio un 7,0 en la asignatura de Lenguaje, canjeable por cualquier prueba del semestre (excluyendo globales y trabajos pr\u00e1cticos)<br \/>\n\u2022 Hora: 12:15<br \/>\n\u2022 Lugar: Patio.<br \/>\n\u2022 Responsables: Departamento de Lenguaje.<\/p>\n<p style=\"text-align: justify;\"><img decoding=\"async\" loading=\"lazy\" class=\"size-full wp-image-263 alignnone\" src=\"https:\/\/i0.wp.com\/www.nahuelcura.cl\/wp-content\/uploads\/2016\/01\/pdf.png?resize=16%2C16\" alt=\"pdf\" width=\"16\" height=\"16\" data-recalc-dims=\"1\" \/>\u00a0<a href=\"http:\/\/www.nahuelcura.cl\/wp-content\/uploads\/2016\/04\/Programa-Semana-del-Libro-2016.pdf\" target=\"_blank\" rel=\"\">Programa Semana del Libro 2016<\/a><\/p>\n","protected":false},"excerpt":{"rendered":"<p>Estimada Comunidad Nahuelcura: Con mucho gusto presentamos a Usted, el cronograma de actividades de la II versi\u00f3n de la \u201cSemana del Libro Nahuelcura\u201d. Con motivo de la conmemoraci\u00f3n del d\u00eda internacional del libro, el Departamento [&hellip;]<\/p>\n","protected":false},"author":2,"featured_media":851,"comment_status":"closed","ping_status":"closed","sticky":false,"template":"","format":"standard","meta":{"ngg_post_thumbnail":0},"categories":[1],"tags":[],"jetpack_featured_media_url":"https:\/\/i0.wp.com\/www.colegionahuelcura.cl\/wp-content\/uploads\/2016\/04\/Semana-del-Libro-2016.png?fit=377%2C448&ssl=1","jetpack_sharing_enabled":true,"jetpack_shortlink":"https:\/\/wp.me\/p73X2C-dI","_links":{"self":[{"href":"https:\/\/www.colegionahuelcura.cl\/index.php?rest_route=\/wp\/v2\/posts\/850"}],"collection":[{"href":"https:\/\/www.colegionahuelcura.cl\/index.php?rest_route=\/wp\/v2\/posts"}],"about":[{"href":"https:\/\/www.colegionahuelcura.cl\/index.php?rest_route=\/wp\/v2\/types\/post"}],"author":[{"embeddable":true,"href":"https:\/\/www.colegionahuelcura.cl\/index.php?rest_route=\/wp\/v2\/users\/2"}],"replies":[{"embeddable":true,"href":"https:\/\/www.colegionahuelcura.cl\/index.php?rest_route=%2Fwp%2Fv2%2Fcomments&post=850"}],"version-history":[{"count":5,"href":"https:\/\/www.colegionahuelcura.cl\/index.php?rest_route=\/wp\/v2\/posts\/850\/revisions"}],"predecessor-version":[{"id":857,"href":"https:\/\/www.colegionahuelcura.cl\/index.php?rest_route=\/wp\/v2\/posts\/850\/revisions\/857"}],"wp:featuredmedia":[{"embeddable":true,"href":"https:\/\/www.colegionahuelcura.cl\/index.php?rest_route=\/wp\/v2\/media\/851"}],"wp:attachment":[{"href":"https:\/\/www.colegionahuelcura.cl\/index.php?rest_route=%2Fwp%2Fv2%2Fmedia&parent=850"}],"wp:term":[{"taxonomy":"category","embeddable":true,"href":"https:\/\/www.colegionahuelcura.cl\/index.php?rest_route=%2Fwp%2Fv2%2Fcategories&post=850"},{"taxonomy":"post_tag","embeddable":true,"href":"https:\/\/www.colegionahuelcura.cl\/index.php?rest_route=%2Fwp%2Fv2%2Ftags&post=850"}],"curies":[{"name":"wp","href":"https:\/\/api.w.org\/{rel}","templated":true}]}}