{"id":892,"date":"2016-04-27T14:15:50","date_gmt":"2016-04-27T17:15:50","guid":{"rendered":"http:\/\/www.nahuelcura.cl\/?p=892"},"modified":"2016-04-27T15:38:13","modified_gmt":"2016-04-27T18:38:13","slug":"informativo-semana-8","status":"publish","type":"post","link":"https:\/\/www.colegionahuelcura.cl\/?p=892","title":{"rendered":"Informativo Semana 8"},"content":{"rendered":"<p style=\"text-align: justify;\">Estimados Padres y Apoderados:<\/p>\n<p style=\"text-align: justify;\">A trav\u00e9s de la presente quisi\u00e9ramos comunicar e informar a Usted lo siguiente:<\/p>\n<p style=\"text-align: justify;\">1.- <span style=\"text-decoration: underline;\">Semana del Libro:<\/span> Durante la semana del 18 al 22 de Abril, se llev\u00f3 a cabo la Semana del Libro. Por segundo a\u00f1o\u00a0consecutivo se realizaron una serie de actividades que involucraron a toda nuestra comunidad. Dentro de las actividades que se\u00a0realizaron se cuentan un Caf\u00e9 Literario, Concurso de Poes\u00eda, Cuento, Representaciones teatrales de Libros y Cuentos, acciones\u00a0de Lectura Colectiva y otras que buscan desarrollar el amor por los libros, la literatura y la lectura.<br \/>\nFelicitamos a todos los estudiantes y docentes que trabajaron por la realizaci\u00f3n de este evento.<\/p>\n<p style=\"text-align: justify;\">2.- <span style=\"text-decoration: underline;\">D\u00eda del Carabinero:<\/span> Hoy Mi\u00e9rcoles 27 de Abril de 2016, se realiz\u00f3 el Acto C\u00edvico del D\u00eda del Carabinero. Esta actividad es\u00a0organizada por el Ciclo de Educaci\u00f3n Parvularia y participaron estudiantes de Pre K\u00ednder a Cuarto B\u00e1sico.<\/p>\n<p style=\"text-align: justify;\">3.- <span style=\"text-decoration: underline;\">Reuniones de Apoderados Ciclo de Educaci\u00f3n Parvularia:<\/span> El Martes 26 de Abril, desde las 18:00 hrs. se realizaron las\u00a0Reuniones de Apoderados correspondiente a la segunda reuni\u00f3n del a\u00f1o.<\/p>\n<p style=\"text-align: justify;\">4.- <span style=\"text-decoration: underline;\">Manual de Convivencia Escolar:<\/span> A partir del Lunes 11 de Abril, se encuentra para difusi\u00f3n el <strong>Manual de Convivencia\u00a0Escolar actualizado<\/strong>, con las consideraciones de la Ley de Educaci\u00f3n que entr\u00f3 en vigor a contar del 1 de Marzo de 2016.<br \/>\nEs importante que Ustedes, Padres y Apoderados responsables, revisen este material y promuevan su lectura y discusi\u00f3n en\u00a0funci\u00f3n de comprender que el Manual de Convivencia, es el instrumento que regula las relaciones de la Comunidad.<br \/>\nInvitamos a Usted a revisar este, descarg\u00e1ndolo de la P\u00e1gina Web del Colegio (<a href=\"http:\/\/www.nahuelcura.cl\/wp-content\/uploads\/2016\/04\/RICE-2016.pdf\" target=\"_blank\">LINK<\/a>); revisarlo f\u00edsicamente en Recepci\u00f3n y\/o\u00a0Biblioteca, donde se encontrar\u00e1n ejemplares a disposici\u00f3n.<\/p>\n<p style=\"text-align: justify;\">5.- <span style=\"text-decoration: underline;\">PROCEDIMIENTO DE RETIRO DE ESTUDIANTES EN HORAS DE CLASES:<\/span> VER ANEXO 1<\/p>\n<p style=\"text-align: center;\"><strong>ANEXO 1: PROCEDIMIENTO DE RETIROS<\/strong><\/p>\n<p style=\"text-align: right;\">Machal\u00ed, 26 de Abril de 2016<\/p>\n<p style=\"text-align: left;\">Estimados Padres y Apoderados:<\/p>\n<p style=\"text-align: justify;\">A trav\u00e9s de la siguiente quisi\u00e9ramos informar a Usted, y asimismo solicitar su colaboraci\u00f3n en relaci\u00f3n a lo siguiente:<\/p>\n<p style=\"text-align: center;\"><strong>RETIRO DE ALUMNOS EN HORAS DE CLASES<\/strong><\/p>\n<p style=\"text-align: justify;\">A la fecha Usted puede apreciar en la gr\u00e1fica, el volumen de retiro de estudiantes por parte de sus padres, en horarios de clases.<\/p>\n<p style=\"text-align: justify;\"><img decoding=\"async\" loading=\"lazy\" class=\"aligncenter size-full wp-image-893\" src=\"https:\/\/i0.wp.com\/www.nahuelcura.cl\/wp-content\/uploads\/2016\/04\/Retiro-de-Alumnos.png?resize=630%2C311\" alt=\"Retiro de Alumnos\" width=\"630\" height=\"311\" srcset=\"https:\/\/i0.wp.com\/www.colegionahuelcura.cl\/wp-content\/uploads\/2016\/04\/Retiro-de-Alumnos.png?w=700&amp;ssl=1 700w, https:\/\/i0.wp.com\/www.colegionahuelcura.cl\/wp-content\/uploads\/2016\/04\/Retiro-de-Alumnos.png?resize=300%2C148&amp;ssl=1 300w\" sizes=\"(max-width: 630px) 100vw, 630px\" data-recalc-dims=\"1\" \/><\/p>\n<p style=\"text-align: justify;\">Si bien es cierto que es absolutamente comprensible que los padres retiren a sus hijos por diversas razones, no es menos cierto que este constante retiro de alumnos genera inconvenientes e interrupciones en las salas de clases, cuando se est\u00e1 en ambientes de trabajo. Al respecto se podr\u00edan sintetizar las siguientes razones.<\/p>\n<ul style=\"text-align: justify;\">\n<li>Interrupci\u00f3n de clases<\/li>\n<li>Incidente que desconcentra a los estudiantes<\/li>\n<li>Disminuci\u00f3n de la productividad de los estudiantes retirados<\/li>\n<li>Utilizaci\u00f3n de inspectores en tareas ajenas a la supervisi\u00f3n de la seguridad y disciplina de los estudiantes<\/li>\n<li>P\u00e9rdida de Evaluaciones<\/li>\n<\/ul>\n<p style=\"text-align: justify;\">A ra\u00edz de esta situaci\u00f3n es que la Direcci\u00f3n del Colegio, adoptar\u00e1 apegarse estrictamente al Manual de Convivencia Escolar (Norma N\u00b0 8) en cuanto a establecer el siguiente Procedimiento, el que se har\u00e1 efectivo a partir del 1 de mayo del presente.<br \/>\nEs por ello, que solicitamos a las familias atender a los horarios y programar las atenciones m\u00e9dicas u otras razones de salida de forma planificada para regirse por el procedimiento.<br \/>\nConsid\u00e9rese adem\u00e1s que con la Ley de Inclusi\u00f3n promulgada el 1 de marzo de este a\u00f1o, la realizaci\u00f3n de las clases y el aprovechamiento\u00a0de estas pasan a constituirse como uno de los objetivos fundamentales de la escuela, y todo aquello que interrumpa o moleste a su\u00a0realizaci\u00f3n deber\u00e1 ser abordado por la comunidad.<\/p>\n<p style=\"text-align: justify;\">Los retiros S\u00d3LO se realizar\u00e1n en horarios de Recreos y\/o Almuerzos, seg\u00fan el siguiente esquema:<\/p>\n<p style=\"text-align: justify;\"><span style=\"text-decoration: underline;\">Ciclo Educaci\u00f3n Parvularia:<\/span> No hay restricci\u00f3n de retiro<\/p>\n<p style=\"text-align: justify;\"><span style=\"text-decoration: underline;\">Ciclo Educaci\u00f3n B\u00e1sica:<\/span><\/p>\n<p style=\"text-align: justify;\"><img decoding=\"async\" loading=\"lazy\" class=\"aligncenter size-full wp-image-895\" src=\"https:\/\/i0.wp.com\/www.nahuelcura.cl\/wp-content\/uploads\/2016\/04\/Retiro-B\u00e1sica.png?resize=630%2C142\" alt=\"Retiro B\u00e1sica\" width=\"630\" height=\"142\" srcset=\"https:\/\/i0.wp.com\/www.colegionahuelcura.cl\/wp-content\/uploads\/2016\/04\/Retiro-B\u00e1sica.png?w=783&amp;ssl=1 783w, https:\/\/i0.wp.com\/www.colegionahuelcura.cl\/wp-content\/uploads\/2016\/04\/Retiro-B\u00e1sica.png?resize=300%2C68&amp;ssl=1 300w\" sizes=\"(max-width: 630px) 100vw, 630px\" data-recalc-dims=\"1\" \/><\/p>\n<p style=\"text-align: justify;\"><span style=\"text-decoration: underline;\">Ciclo Educaci\u00f3n Media:<\/span><\/p>\n<p style=\"text-align: justify;\"><img decoding=\"async\" loading=\"lazy\" class=\"aligncenter size-full wp-image-896\" src=\"https:\/\/i0.wp.com\/www.nahuelcura.cl\/wp-content\/uploads\/2016\/04\/Retiro-Media.png?resize=630%2C142\" alt=\"Retiro Media\" width=\"630\" height=\"142\" srcset=\"https:\/\/i0.wp.com\/www.colegionahuelcura.cl\/wp-content\/uploads\/2016\/04\/Retiro-Media.png?w=783&amp;ssl=1 783w, https:\/\/i0.wp.com\/www.colegionahuelcura.cl\/wp-content\/uploads\/2016\/04\/Retiro-Media.png?resize=300%2C68&amp;ssl=1 300w\" sizes=\"(max-width: 630px) 100vw, 630px\" data-recalc-dims=\"1\" \/><\/p>\n<p style=\"text-align: justify;\"><em>\u00ae Recreo<\/em><br \/>\n<em> (A) Almuerzo<\/em><\/p>\n<p style=\"text-align: center;\"><strong>Procedimiento de Retiro<\/strong><\/p>\n<p style=\"text-align: justify;\"><span style=\"text-decoration: underline;\">Apoderado(a): <\/span><\/p>\n<ul>\n<li style=\"text-align: justify;\">Solicita Retiro en Secretar\u00eda<\/li>\n<li style=\"text-align: justify;\">Anota salida del estudiante en Libro de Retiros<\/li>\n<\/ul>\n<p style=\"text-align: justify;\"><span style=\"text-decoration: underline;\">Secretar\u00eda Recepci\u00f3n: <\/span><\/p>\n<ul>\n<li style=\"text-align: justify;\">Anota nombre de alumno en Lista de Retiro<\/li>\n<li style=\"text-align: justify;\">Llama Inspector en Horario de Aviso en Sala<\/li>\n<li style=\"text-align: justify;\">Entrega Lista de Retiro a Inspector<\/li>\n<\/ul>\n<p style=\"text-align: justify;\"><span style=\"text-decoration: underline;\">Inspector(a): <\/span><\/p>\n<ul>\n<li style=\"text-align: justify;\">Recibe llamada de Secretar\u00eda Recepci\u00f3n<\/li>\n<li style=\"text-align: justify;\">Recibe Lista de Retiro<\/li>\n<li style=\"text-align: justify;\">Informa por Sala el Retiro del Alumno<\/li>\n<li style=\"text-align: justify;\">Informa a Secretar\u00eda cumplimiento de objetivo<\/li>\n<\/ul>\n<p style=\"text-align: justify;\"><span style=\"text-decoration: underline;\">Estudiante: <\/span><\/p>\n<ul>\n<li style=\"text-align: justify;\">Es avisado del Retiro<\/li>\n<li style=\"text-align: justify;\">Prepara sus cosas para el recreo\/almuerzo (retiro)<\/li>\n<li style=\"text-align: justify;\">Se retira al toque de timbre de recreo\/almuerzo con su apoderado<\/li>\n<\/ul>\n<p style=\"text-align: justify;\">Finalmente solicitamos a Usted, la mayor colaboraci\u00f3n posible.<br \/>\nYa es un problema el cumplimiento de la conducta de puntualidad, producto en muchos casos del consentimiento de los padres, ahora\u00a0los retiros se vuelven un problema por cuanto el Colegio debe tomar medidas al respecto.<br \/>\nAgradeceremos a Usted, tomar conocimiento de esta situaci\u00f3n y atender que a partir del 1 de Mayo del presente, el personal se ajustar\u00e1\u00a0al procedimiento, por tanto, evitemos malos ratos pues su hijo ser\u00e1 retirado en los horarios que se informan.<\/p>\n<p style=\"text-align: justify;\"><img decoding=\"async\" loading=\"lazy\" class=\"size-full wp-image-263 alignnone\" src=\"https:\/\/i0.wp.com\/www.nahuelcura.cl\/wp-content\/uploads\/2016\/01\/pdf.png?resize=16%2C16\" alt=\"pdf\" width=\"16\" height=\"16\" data-recalc-dims=\"1\" \/>\u00a0<a href=\"http:\/\/www.nahuelcura.cl\/wp-content\/uploads\/2016\/04\/Informativo-Semana-8.pdf\" target=\"_blank\" rel=\"\">Informativo Semana 8<\/a><\/p>\n","protected":false},"excerpt":{"rendered":"<p>Estimados Padres y Apoderados: A trav\u00e9s de la presente quisi\u00e9ramos comunicar e informar a Usted lo siguiente: 1.- Semana del Libro: Durante la semana del 18 al 22 de Abril, se llev\u00f3 a cabo la [&hellip;]<\/p>\n","protected":false},"author":2,"featured_media":203,"comment_status":"closed","ping_status":"closed","sticky":false,"template":"","format":"standard","meta":{"ngg_post_thumbnail":0},"categories":[1],"tags":[],"jetpack_featured_media_url":"https:\/\/i0.wp.com\/www.colegionahuelcura.cl\/wp-content\/uploads\/2016\/01\/LogoGmail.png?fit=320%2C132&ssl=1","jetpack_sharing_enabled":true,"jetpack_shortlink":"https:\/\/wp.me\/p73X2C-eo","_links":{"self":[{"href":"https:\/\/www.colegionahuelcura.cl\/index.php?rest_route=\/wp\/v2\/posts\/892"}],"collection":[{"href":"https:\/\/www.colegionahuelcura.cl\/index.php?rest_route=\/wp\/v2\/posts"}],"about":[{"href":"https:\/\/www.colegionahuelcura.cl\/index.php?rest_route=\/wp\/v2\/types\/post"}],"author":[{"embeddable":true,"href":"https:\/\/www.colegionahuelcura.cl\/index.php?rest_route=\/wp\/v2\/users\/2"}],"replies":[{"embeddable":true,"href":"https:\/\/www.colegionahuelcura.cl\/index.php?rest_route=%2Fwp%2Fv2%2Fcomments&post=892"}],"version-history":[{"count":4,"href":"https:\/\/www.colegionahuelcura.cl\/index.php?rest_route=\/wp\/v2\/posts\/892\/revisions"}],"predecessor-version":[{"id":915,"href":"https:\/\/www.colegionahuelcura.cl\/index.php?rest_route=\/wp\/v2\/posts\/892\/revisions\/915"}],"wp:featuredmedia":[{"embeddable":true,"href":"https:\/\/www.colegionahuelcura.cl\/index.php?rest_route=\/wp\/v2\/media\/203"}],"wp:attachment":[{"href":"https:\/\/www.colegionahuelcura.cl\/index.php?rest_route=%2Fwp%2Fv2%2Fmedia&parent=892"}],"wp:term":[{"taxonomy":"category","embeddable":true,"href":"https:\/\/www.colegionahuelcura.cl\/index.php?rest_route=%2Fwp%2Fv2%2Fcategories&post=892"},{"taxonomy":"post_tag","embeddable":true,"href":"https:\/\/www.colegionahuelcura.cl\/index.php?rest_route=%2Fwp%2Fv2%2Ftags&post=892"}],"curies":[{"name":"wp","href":"https:\/\/api.w.org\/{rel}","templated":true}]}}