{"id":916,"date":"2016-04-27T16:24:31","date_gmt":"2016-04-27T19:24:31","guid":{"rendered":"http:\/\/www.nahuelcura.cl\/?p=916"},"modified":"2016-04-27T16:25:41","modified_gmt":"2016-04-27T19:25:41","slug":"homenaje-en-acto-del-dia-del-carabinero","status":"publish","type":"post","link":"https:\/\/www.colegionahuelcura.cl\/?p=916","title":{"rendered":"Homenaje en Acto del D\u00eda del Carabinero"},"content":{"rendered":"<p style=\"text-align: justify;\"><strong>Carabineros de Chile<\/strong> es una instituci\u00f3n de polic\u00eda uniformada en Chile, creada el <span style=\"color: #000000;\">27 de abril de 1927<\/span>.<br \/>\nEs la instituci\u00f3n encargada de salvaguardar la soberan\u00eda y el orden p\u00fablico, cumplir y hacer cumplir las leyes a trav\u00e9s de su mandato Constitucional.<br \/>\nY es en este marco del aniversario N\u00ba 89 de la instituci\u00f3n, que hoy nuestro Colegio ha celebrado con un hermoso acto donde los ni\u00f1os y ni\u00f1as de PreK\u00ednder y K\u00ednder del ciclo de Educaci\u00f3n Parvularia han querido homenajearlos, present\u00e1ndose con una Poema y adem\u00e1s con un desfile que dio muestra de las distintas ramas de que posee la instituci\u00f3n, desfilando la Escuela de Caballer\u00eda, Motoristas, el Orfe\u00f3n de Carabineros, Departamento del Tr\u00e1nsito, entre otros.<br \/>\nCon este acto brindamos un cari\u00f1os saludo a Carabineros de Chile.<\/p>\n<p style=\"text-align: justify;\">\n<div class=\"ngg-galleryoverview ngg-slideshow\"\n\tid=\"ngg-slideshow-3f424ae9a2a6af80e8da1ccb327721fb-13380154720\"\n\tdata-gallery-id=\"3f424ae9a2a6af80e8da1ccb327721fb\"\n\tstyle=\"max-width: 600px;\n\t\t\tmax-height: 400px;\n\t\t\tdisplay: none;\">\n\n\t\n\t\t<a href=\"https:\/\/www.colegionahuelcura.cl\/wp-content\/gallery\/D%C3%ADa-del-Carabinero-2016\/dsc01392.jpg\"\n\t\t\ttitle=\"\"\n\t\t\tdata-src=\"https:\/\/www.colegionahuelcura.cl\/wp-content\/gallery\/D%C3%ADa-del-Carabinero-2016\/dsc01392.jpg\"\n\t\t\tdata-thumbnail=\"https:\/\/www.colegionahuelcura.cl\/wp-content\/gallery\/D%C3%ADa-del-Carabinero-2016\/thumbs\/thumbs_dsc01392.jpg\"\n\t\t\tdata-image-id=\"62\"\n\t\t\tdata-title=\"dsc01392\"\n\t\t\tdata-description=\"\"\n\t\t\tclass=\"ngg-fancybox\" rel=\"3f424ae9a2a6af80e8da1ccb327721fb\">\n\n\t\t\t<img data-image-id='62'\n\t\t\t\ttitle=\"\"\n\t\t\t\talt=\"dsc01392\"\n\t\t\t\tsrc=\"https:\/\/www.colegionahuelcura.cl\/wp-content\/gallery\/D%C3%ADa-del-Carabinero-2016\/dsc01392.jpg\"\n\t\t\t\tstyle=\"max-height: 380px;\"\/>\n\t\t<\/a>\n\n\t\t\n\t\t<a href=\"https:\/\/www.colegionahuelcura.cl\/wp-content\/gallery\/D%C3%ADa-del-Carabinero-2016\/dsc01393.jpg\"\n\t\t\ttitle=\"\"\n\t\t\tdata-src=\"https:\/\/www.colegionahuelcura.cl\/wp-content\/gallery\/D%C3%ADa-del-Carabinero-2016\/dsc01393.jpg\"\n\t\t\tdata-thumbnail=\"https:\/\/www.colegionahuelcura.cl\/wp-content\/gallery\/D%C3%ADa-del-Carabinero-2016\/thumbs\/thumbs_dsc01393.jpg\"\n\t\t\tdata-image-id=\"63\"\n\t\t\tdata-title=\"dsc01393\"\n\t\t\tdata-description=\"\"\n\t\t\tclass=\"ngg-fancybox\" rel=\"3f424ae9a2a6af80e8da1ccb327721fb\">\n\n\t\t\t<img data-image-id='63'\n\t\t\t\ttitle=\"\"\n\t\t\t\talt=\"dsc01393\"\n\t\t\t\tsrc=\"https:\/\/www.colegionahuelcura.cl\/wp-content\/gallery\/D%C3%ADa-del-Carabinero-2016\/dsc01393.jpg\"\n\t\t\t\tstyle=\"max-height: 380px;\"\/>\n\t\t<\/a>\n\n\t\t\n\t\t<a href=\"https:\/\/www.colegionahuelcura.cl\/wp-content\/gallery\/D%C3%ADa-del-Carabinero-2016\/dsc01394.jpg\"\n\t\t\ttitle=\"\"\n\t\t\tdata-src=\"https:\/\/www.colegionahuelcura.cl\/wp-content\/gallery\/D%C3%ADa-del-Carabinero-2016\/dsc01394.jpg\"\n\t\t\tdata-thumbnail=\"https:\/\/www.colegionahuelcura.cl\/wp-content\/gallery\/D%C3%ADa-del-Carabinero-2016\/thumbs\/thumbs_dsc01394.jpg\"\n\t\t\tdata-image-id=\"64\"\n\t\t\tdata-title=\"dsc01394\"\n\t\t\tdata-description=\"\"\n\t\t\tclass=\"ngg-fancybox\" rel=\"3f424ae9a2a6af80e8da1ccb327721fb\">\n\n\t\t\t<img data-image-id='64'\n\t\t\t\ttitle=\"\"\n\t\t\t\talt=\"dsc01394\"\n\t\t\t\tsrc=\"https:\/\/www.colegionahuelcura.cl\/wp-content\/gallery\/D%C3%ADa-del-Carabinero-2016\/dsc01394.jpg\"\n\t\t\t\tstyle=\"max-height: 380px;\"\/>\n\t\t<\/a>\n\n\t\t\n\t\t<a href=\"https:\/\/www.colegionahuelcura.cl\/wp-content\/gallery\/D%C3%ADa-del-Carabinero-2016\/dsc01395.jpg\"\n\t\t\ttitle=\"\"\n\t\t\tdata-src=\"https:\/\/www.colegionahuelcura.cl\/wp-content\/gallery\/D%C3%ADa-del-Carabinero-2016\/dsc01395.jpg\"\n\t\t\tdata-thumbnail=\"https:\/\/www.colegionahuelcura.cl\/wp-content\/gallery\/D%C3%ADa-del-Carabinero-2016\/thumbs\/thumbs_dsc01395.jpg\"\n\t\t\tdata-image-id=\"65\"\n\t\t\tdata-title=\"dsc01395\"\n\t\t\tdata-description=\"\"\n\t\t\tclass=\"ngg-fancybox\" rel=\"3f424ae9a2a6af80e8da1ccb327721fb\">\n\n\t\t\t<img data-image-id='65'\n\t\t\t\ttitle=\"\"\n\t\t\t\talt=\"dsc01395\"\n\t\t\t\tsrc=\"https:\/\/www.colegionahuelcura.cl\/wp-content\/gallery\/D%C3%ADa-del-Carabinero-2016\/dsc01395.jpg\"\n\t\t\t\tstyle=\"max-height: 380px;\"\/>\n\t\t<\/a>\n\n\t\t\n\t\t<a href=\"https:\/\/www.colegionahuelcura.cl\/wp-content\/gallery\/D%C3%ADa-del-Carabinero-2016\/dsc01396.jpg\"\n\t\t\ttitle=\"\"\n\t\t\tdata-src=\"https:\/\/www.colegionahuelcura.cl\/wp-content\/gallery\/D%C3%ADa-del-Carabinero-2016\/dsc01396.jpg\"\n\t\t\tdata-thumbnail=\"https:\/\/www.colegionahuelcura.cl\/wp-content\/gallery\/D%C3%ADa-del-Carabinero-2016\/thumbs\/thumbs_dsc01396.jpg\"\n\t\t\tdata-image-id=\"66\"\n\t\t\tdata-title=\"dsc01396\"\n\t\t\tdata-description=\"\"\n\t\t\tclass=\"ngg-fancybox\" rel=\"3f424ae9a2a6af80e8da1ccb327721fb\">\n\n\t\t\t<img data-image-id='66'\n\t\t\t\ttitle=\"\"\n\t\t\t\talt=\"dsc01396\"\n\t\t\t\tsrc=\"https:\/\/www.colegionahuelcura.cl\/wp-content\/gallery\/D%C3%ADa-del-Carabinero-2016\/dsc01396.jpg\"\n\t\t\t\tstyle=\"max-height: 380px;\"\/>\n\t\t<\/a>\n\n\t\t\n\t\t<a href=\"https:\/\/www.colegionahuelcura.cl\/wp-content\/gallery\/D%C3%ADa-del-Carabinero-2016\/dsc01397.jpg\"\n\t\t\ttitle=\"\"\n\t\t\tdata-src=\"https:\/\/www.colegionahuelcura.cl\/wp-content\/gallery\/D%C3%ADa-del-Carabinero-2016\/dsc01397.jpg\"\n\t\t\tdata-thumbnail=\"https:\/\/www.colegionahuelcura.cl\/wp-content\/gallery\/D%C3%ADa-del-Carabinero-2016\/thumbs\/thumbs_dsc01397.jpg\"\n\t\t\tdata-image-id=\"67\"\n\t\t\tdata-title=\"dsc01397\"\n\t\t\tdata-description=\"\"\n\t\t\tclass=\"ngg-fancybox\" rel=\"3f424ae9a2a6af80e8da1ccb327721fb\">\n\n\t\t\t<img data-image-id='67'\n\t\t\t\ttitle=\"\"\n\t\t\t\talt=\"dsc01397\"\n\t\t\t\tsrc=\"https:\/\/www.colegionahuelcura.cl\/wp-content\/gallery\/D%C3%ADa-del-Carabinero-2016\/dsc01397.jpg\"\n\t\t\t\tstyle=\"max-height: 380px;\"\/>\n\t\t<\/a>\n\n\t\t\n\t\t<a href=\"https:\/\/www.colegionahuelcura.cl\/wp-content\/gallery\/D%C3%ADa-del-Carabinero-2016\/dsc01398.jpg\"\n\t\t\ttitle=\"\"\n\t\t\tdata-src=\"https:\/\/www.colegionahuelcura.cl\/wp-content\/gallery\/D%C3%ADa-del-Carabinero-2016\/dsc01398.jpg\"\n\t\t\tdata-thumbnail=\"https:\/\/www.colegionahuelcura.cl\/wp-content\/gallery\/D%C3%ADa-del-Carabinero-2016\/thumbs\/thumbs_dsc01398.jpg\"\n\t\t\tdata-image-id=\"68\"\n\t\t\tdata-title=\"dsc01398\"\n\t\t\tdata-description=\"\"\n\t\t\tclass=\"ngg-fancybox\" rel=\"3f424ae9a2a6af80e8da1ccb327721fb\">\n\n\t\t\t<img data-image-id='68'\n\t\t\t\ttitle=\"\"\n\t\t\t\talt=\"dsc01398\"\n\t\t\t\tsrc=\"https:\/\/www.colegionahuelcura.cl\/wp-content\/gallery\/D%C3%ADa-del-Carabinero-2016\/dsc01398.jpg\"\n\t\t\t\tstyle=\"max-height: 380px;\"\/>\n\t\t<\/a>\n\n\t\t\n\t\t<a href=\"https:\/\/www.colegionahuelcura.cl\/wp-content\/gallery\/D%C3%ADa-del-Carabinero-2016\/dsc01399.jpg\"\n\t\t\ttitle=\"\"\n\t\t\tdata-src=\"https:\/\/www.colegionahuelcura.cl\/wp-content\/gallery\/D%C3%ADa-del-Carabinero-2016\/dsc01399.jpg\"\n\t\t\tdata-thumbnail=\"https:\/\/www.colegionahuelcura.cl\/wp-content\/gallery\/D%C3%ADa-del-Carabinero-2016\/thumbs\/thumbs_dsc01399.jpg\"\n\t\t\tdata-image-id=\"69\"\n\t\t\tdata-title=\"dsc01399\"\n\t\t\tdata-description=\"\"\n\t\t\tclass=\"ngg-fancybox\" rel=\"3f424ae9a2a6af80e8da1ccb327721fb\">\n\n\t\t\t<img data-image-id='69'\n\t\t\t\ttitle=\"\"\n\t\t\t\talt=\"dsc01399\"\n\t\t\t\tsrc=\"https:\/\/www.colegionahuelcura.cl\/wp-content\/gallery\/D%C3%ADa-del-Carabinero-2016\/dsc01399.jpg\"\n\t\t\t\tstyle=\"max-height: 380px;\"\/>\n\t\t<\/a>\n\n\t\t\n\t\t<a href=\"https:\/\/www.colegionahuelcura.cl\/wp-content\/gallery\/D%C3%ADa-del-Carabinero-2016\/dsc01400.jpg\"\n\t\t\ttitle=\"\"\n\t\t\tdata-src=\"https:\/\/www.colegionahuelcura.cl\/wp-content\/gallery\/D%C3%ADa-del-Carabinero-2016\/dsc01400.jpg\"\n\t\t\tdata-thumbnail=\"https:\/\/www.colegionahuelcura.cl\/wp-content\/gallery\/D%C3%ADa-del-Carabinero-2016\/thumbs\/thumbs_dsc01400.jpg\"\n\t\t\tdata-image-id=\"70\"\n\t\t\tdata-title=\"dsc01400\"\n\t\t\tdata-description=\"\"\n\t\t\tclass=\"ngg-fancybox\" rel=\"3f424ae9a2a6af80e8da1ccb327721fb\">\n\n\t\t\t<img data-image-id='70'\n\t\t\t\ttitle=\"\"\n\t\t\t\talt=\"dsc01400\"\n\t\t\t\tsrc=\"https:\/\/www.colegionahuelcura.cl\/wp-content\/gallery\/D%C3%ADa-del-Carabinero-2016\/dsc01400.jpg\"\n\t\t\t\tstyle=\"max-height: 380px;\"\/>\n\t\t<\/a>\n\n\t\t\n\t\t<a href=\"https:\/\/www.colegionahuelcura.cl\/wp-content\/gallery\/D%C3%ADa-del-Carabinero-2016\/dsc01401.jpg\"\n\t\t\ttitle=\"\"\n\t\t\tdata-src=\"https:\/\/www.colegionahuelcura.cl\/wp-content\/gallery\/D%C3%ADa-del-Carabinero-2016\/dsc01401.jpg\"\n\t\t\tdata-thumbnail=\"https:\/\/www.colegionahuelcura.cl\/wp-content\/gallery\/D%C3%ADa-del-Carabinero-2016\/thumbs\/thumbs_dsc01401.jpg\"\n\t\t\tdata-image-id=\"71\"\n\t\t\tdata-title=\"dsc01401\"\n\t\t\tdata-description=\"\"\n\t\t\tclass=\"ngg-fancybox\" rel=\"3f424ae9a2a6af80e8da1ccb327721fb\">\n\n\t\t\t<img data-image-id='71'\n\t\t\t\ttitle=\"\"\n\t\t\t\talt=\"dsc01401\"\n\t\t\t\tsrc=\"https:\/\/www.colegionahuelcura.cl\/wp-content\/gallery\/D%C3%ADa-del-Carabinero-2016\/dsc01401.jpg\"\n\t\t\t\tstyle=\"max-height: 380px;\"\/>\n\t\t<\/a>\n\n\t\t\n\t\t<a href=\"https:\/\/www.colegionahuelcura.cl\/wp-content\/gallery\/D%C3%ADa-del-Carabinero-2016\/dsc01402.jpg\"\n\t\t\ttitle=\"\"\n\t\t\tdata-src=\"https:\/\/www.colegionahuelcura.cl\/wp-content\/gallery\/D%C3%ADa-del-Carabinero-2016\/dsc01402.jpg\"\n\t\t\tdata-thumbnail=\"https:\/\/www.colegionahuelcura.cl\/wp-content\/gallery\/D%C3%ADa-del-Carabinero-2016\/thumbs\/thumbs_dsc01402.jpg\"\n\t\t\tdata-image-id=\"72\"\n\t\t\tdata-title=\"dsc01402\"\n\t\t\tdata-description=\"\"\n\t\t\tclass=\"ngg-fancybox\" rel=\"3f424ae9a2a6af80e8da1ccb327721fb\">\n\n\t\t\t<img data-image-id='72'\n\t\t\t\ttitle=\"\"\n\t\t\t\talt=\"dsc01402\"\n\t\t\t\tsrc=\"https:\/\/www.colegionahuelcura.cl\/wp-content\/gallery\/D%C3%ADa-del-Carabinero-2016\/dsc01402.jpg\"\n\t\t\t\tstyle=\"max-height: 380px;\"\/>\n\t\t<\/a>\n\n\t\t\n\t\t<a href=\"https:\/\/www.colegionahuelcura.cl\/wp-content\/gallery\/D%C3%ADa-del-Carabinero-2016\/dsc01403.jpg\"\n\t\t\ttitle=\"\"\n\t\t\tdata-src=\"https:\/\/www.colegionahuelcura.cl\/wp-content\/gallery\/D%C3%ADa-del-Carabinero-2016\/dsc01403.jpg\"\n\t\t\tdata-thumbnail=\"https:\/\/www.colegionahuelcura.cl\/wp-content\/gallery\/D%C3%ADa-del-Carabinero-2016\/thumbs\/thumbs_dsc01403.jpg\"\n\t\t\tdata-image-id=\"73\"\n\t\t\tdata-title=\"dsc01403\"\n\t\t\tdata-description=\"\"\n\t\t\tclass=\"ngg-fancybox\" rel=\"3f424ae9a2a6af80e8da1ccb327721fb\">\n\n\t\t\t<img data-image-id='73'\n\t\t\t\ttitle=\"\"\n\t\t\t\talt=\"dsc01403\"\n\t\t\t\tsrc=\"https:\/\/www.colegionahuelcura.cl\/wp-content\/gallery\/D%C3%ADa-del-Carabinero-2016\/dsc01403.jpg\"\n\t\t\t\tstyle=\"max-height: 380px;\"\/>\n\t\t<\/a>\n\n\t\t\n\t\t<a href=\"https:\/\/www.colegionahuelcura.cl\/wp-content\/gallery\/D%C3%ADa-del-Carabinero-2016\/dsc01404.jpg\"\n\t\t\ttitle=\"\"\n\t\t\tdata-src=\"https:\/\/www.colegionahuelcura.cl\/wp-content\/gallery\/D%C3%ADa-del-Carabinero-2016\/dsc01404.jpg\"\n\t\t\tdata-thumbnail=\"https:\/\/www.colegionahuelcura.cl\/wp-content\/gallery\/D%C3%ADa-del-Carabinero-2016\/thumbs\/thumbs_dsc01404.jpg\"\n\t\t\tdata-image-id=\"74\"\n\t\t\tdata-title=\"dsc01404\"\n\t\t\tdata-description=\"\"\n\t\t\tclass=\"ngg-fancybox\" rel=\"3f424ae9a2a6af80e8da1ccb327721fb\">\n\n\t\t\t<img data-image-id='74'\n\t\t\t\ttitle=\"\"\n\t\t\t\talt=\"dsc01404\"\n\t\t\t\tsrc=\"https:\/\/www.colegionahuelcura.cl\/wp-content\/gallery\/D%C3%ADa-del-Carabinero-2016\/dsc01404.jpg\"\n\t\t\t\tstyle=\"max-height: 380px;\"\/>\n\t\t<\/a>\n\n\t\t\n\t\t<a href=\"https:\/\/www.colegionahuelcura.cl\/wp-content\/gallery\/D%C3%ADa-del-Carabinero-2016\/dsc01405.jpg\"\n\t\t\ttitle=\"\"\n\t\t\tdata-src=\"https:\/\/www.colegionahuelcura.cl\/wp-content\/gallery\/D%C3%ADa-del-Carabinero-2016\/dsc01405.jpg\"\n\t\t\tdata-thumbnail=\"https:\/\/www.colegionahuelcura.cl\/wp-content\/gallery\/D%C3%ADa-del-Carabinero-2016\/thumbs\/thumbs_dsc01405.jpg\"\n\t\t\tdata-image-id=\"75\"\n\t\t\tdata-title=\"dsc01405\"\n\t\t\tdata-description=\"\"\n\t\t\tclass=\"ngg-fancybox\" rel=\"3f424ae9a2a6af80e8da1ccb327721fb\">\n\n\t\t\t<img data-image-id='75'\n\t\t\t\ttitle=\"\"\n\t\t\t\talt=\"dsc01405\"\n\t\t\t\tsrc=\"https:\/\/www.colegionahuelcura.cl\/wp-content\/gallery\/D%C3%ADa-del-Carabinero-2016\/dsc01405.jpg\"\n\t\t\t\tstyle=\"max-height: 380px;\"\/>\n\t\t<\/a>\n\n\t\t\n\t\t<a href=\"https:\/\/www.colegionahuelcura.cl\/wp-content\/gallery\/D%C3%ADa-del-Carabinero-2016\/dsc01406.jpg\"\n\t\t\ttitle=\"\"\n\t\t\tdata-src=\"https:\/\/www.colegionahuelcura.cl\/wp-content\/gallery\/D%C3%ADa-del-Carabinero-2016\/dsc01406.jpg\"\n\t\t\tdata-thumbnail=\"https:\/\/www.colegionahuelcura.cl\/wp-content\/gallery\/D%C3%ADa-del-Carabinero-2016\/thumbs\/thumbs_dsc01406.jpg\"\n\t\t\tdata-image-id=\"76\"\n\t\t\tdata-title=\"dsc01406\"\n\t\t\tdata-description=\"\"\n\t\t\tclass=\"ngg-fancybox\" rel=\"3f424ae9a2a6af80e8da1ccb327721fb\">\n\n\t\t\t<img data-image-id='76'\n\t\t\t\ttitle=\"\"\n\t\t\t\talt=\"dsc01406\"\n\t\t\t\tsrc=\"https:\/\/www.colegionahuelcura.cl\/wp-content\/gallery\/D%C3%ADa-del-Carabinero-2016\/dsc01406.jpg\"\n\t\t\t\tstyle=\"max-height: 380px;\"\/>\n\t\t<\/a>\n\n\t\t\n\t\t<a href=\"https:\/\/www.colegionahuelcura.cl\/wp-content\/gallery\/D%C3%ADa-del-Carabinero-2016\/dsc01407.jpg\"\n\t\t\ttitle=\"\"\n\t\t\tdata-src=\"https:\/\/www.colegionahuelcura.cl\/wp-content\/gallery\/D%C3%ADa-del-Carabinero-2016\/dsc01407.jpg\"\n\t\t\tdata-thumbnail=\"https:\/\/www.colegionahuelcura.cl\/wp-content\/gallery\/D%C3%ADa-del-Carabinero-2016\/thumbs\/thumbs_dsc01407.jpg\"\n\t\t\tdata-image-id=\"77\"\n\t\t\tdata-title=\"dsc01407\"\n\t\t\tdata-description=\"\"\n\t\t\tclass=\"ngg-fancybox\" rel=\"3f424ae9a2a6af80e8da1ccb327721fb\">\n\n\t\t\t<img data-image-id='77'\n\t\t\t\ttitle=\"\"\n\t\t\t\talt=\"dsc01407\"\n\t\t\t\tsrc=\"https:\/\/www.colegionahuelcura.cl\/wp-content\/gallery\/D%C3%ADa-del-Carabinero-2016\/dsc01407.jpg\"\n\t\t\t\tstyle=\"max-height: 380px;\"\/>\n\t\t<\/a>\n\n\t\t\n\t\t<a href=\"https:\/\/www.colegionahuelcura.cl\/wp-content\/gallery\/D%C3%ADa-del-Carabinero-2016\/dsc01408.jpg\"\n\t\t\ttitle=\"\"\n\t\t\tdata-src=\"https:\/\/www.colegionahuelcura.cl\/wp-content\/gallery\/D%C3%ADa-del-Carabinero-2016\/dsc01408.jpg\"\n\t\t\tdata-thumbnail=\"https:\/\/www.colegionahuelcura.cl\/wp-content\/gallery\/D%C3%ADa-del-Carabinero-2016\/thumbs\/thumbs_dsc01408.jpg\"\n\t\t\tdata-image-id=\"78\"\n\t\t\tdata-title=\"dsc01408\"\n\t\t\tdata-description=\"\"\n\t\t\tclass=\"ngg-fancybox\" rel=\"3f424ae9a2a6af80e8da1ccb327721fb\">\n\n\t\t\t<img data-image-id='78'\n\t\t\t\ttitle=\"\"\n\t\t\t\talt=\"dsc01408\"\n\t\t\t\tsrc=\"https:\/\/www.colegionahuelcura.cl\/wp-content\/gallery\/D%C3%ADa-del-Carabinero-2016\/dsc01408.jpg\"\n\t\t\t\tstyle=\"max-height: 380px;\"\/>\n\t\t<\/a>\n\n\t\t\n\t\t<a href=\"https:\/\/www.colegionahuelcura.cl\/wp-content\/gallery\/D%C3%ADa-del-Carabinero-2016\/dsc01409.jpg\"\n\t\t\ttitle=\"\"\n\t\t\tdata-src=\"https:\/\/www.colegionahuelcura.cl\/wp-content\/gallery\/D%C3%ADa-del-Carabinero-2016\/dsc01409.jpg\"\n\t\t\tdata-thumbnail=\"https:\/\/www.colegionahuelcura.cl\/wp-content\/gallery\/D%C3%ADa-del-Carabinero-2016\/thumbs\/thumbs_dsc01409.jpg\"\n\t\t\tdata-image-id=\"79\"\n\t\t\tdata-title=\"dsc01409\"\n\t\t\tdata-description=\"\"\n\t\t\tclass=\"ngg-fancybox\" rel=\"3f424ae9a2a6af80e8da1ccb327721fb\">\n\n\t\t\t<img data-image-id='79'\n\t\t\t\ttitle=\"\"\n\t\t\t\talt=\"dsc01409\"\n\t\t\t\tsrc=\"https:\/\/www.colegionahuelcura.cl\/wp-content\/gallery\/D%C3%ADa-del-Carabinero-2016\/dsc01409.jpg\"\n\t\t\t\tstyle=\"max-height: 380px;\"\/>\n\t\t<\/a>\n\n\t\t\n\t\t<a href=\"https:\/\/www.colegionahuelcura.cl\/wp-content\/gallery\/D%C3%ADa-del-Carabinero-2016\/dsc01410.jpg\"\n\t\t\ttitle=\"\"\n\t\t\tdata-src=\"https:\/\/www.colegionahuelcura.cl\/wp-content\/gallery\/D%C3%ADa-del-Carabinero-2016\/dsc01410.jpg\"\n\t\t\tdata-thumbnail=\"https:\/\/www.colegionahuelcura.cl\/wp-content\/gallery\/D%C3%ADa-del-Carabinero-2016\/thumbs\/thumbs_dsc01410.jpg\"\n\t\t\tdata-image-id=\"80\"\n\t\t\tdata-title=\"dsc01410\"\n\t\t\tdata-description=\"\"\n\t\t\tclass=\"ngg-fancybox\" rel=\"3f424ae9a2a6af80e8da1ccb327721fb\">\n\n\t\t\t<img data-image-id='80'\n\t\t\t\ttitle=\"\"\n\t\t\t\talt=\"dsc01410\"\n\t\t\t\tsrc=\"https:\/\/www.colegionahuelcura.cl\/wp-content\/gallery\/D%C3%ADa-del-Carabinero-2016\/dsc01410.jpg\"\n\t\t\t\tstyle=\"max-height: 380px;\"\/>\n\t\t<\/a>\n\n\t\t\n\t\t<a href=\"https:\/\/www.colegionahuelcura.cl\/wp-content\/gallery\/D%C3%ADa-del-Carabinero-2016\/dsc01411.jpg\"\n\t\t\ttitle=\"\"\n\t\t\tdata-src=\"https:\/\/www.colegionahuelcura.cl\/wp-content\/gallery\/D%C3%ADa-del-Carabinero-2016\/dsc01411.jpg\"\n\t\t\tdata-thumbnail=\"https:\/\/www.colegionahuelcura.cl\/wp-content\/gallery\/D%C3%ADa-del-Carabinero-2016\/thumbs\/thumbs_dsc01411.jpg\"\n\t\t\tdata-image-id=\"81\"\n\t\t\tdata-title=\"dsc01411\"\n\t\t\tdata-description=\"\"\n\t\t\tclass=\"ngg-fancybox\" rel=\"3f424ae9a2a6af80e8da1ccb327721fb\">\n\n\t\t\t<img data-image-id='81'\n\t\t\t\ttitle=\"\"\n\t\t\t\talt=\"dsc01411\"\n\t\t\t\tsrc=\"https:\/\/www.colegionahuelcura.cl\/wp-content\/gallery\/D%C3%ADa-del-Carabinero-2016\/dsc01411.jpg\"\n\t\t\t\tstyle=\"max-height: 380px;\"\/>\n\t\t<\/a>\n\n\t\t\n\t\t<a href=\"https:\/\/www.colegionahuelcura.cl\/wp-content\/gallery\/D%C3%ADa-del-Carabinero-2016\/dsc01412.jpg\"\n\t\t\ttitle=\"\"\n\t\t\tdata-src=\"https:\/\/www.colegionahuelcura.cl\/wp-content\/gallery\/D%C3%ADa-del-Carabinero-2016\/dsc01412.jpg\"\n\t\t\tdata-thumbnail=\"https:\/\/www.colegionahuelcura.cl\/wp-content\/gallery\/D%C3%ADa-del-Carabinero-2016\/thumbs\/thumbs_dsc01412.jpg\"\n\t\t\tdata-image-id=\"82\"\n\t\t\tdata-title=\"dsc01412\"\n\t\t\tdata-description=\"\"\n\t\t\tclass=\"ngg-fancybox\" rel=\"3f424ae9a2a6af80e8da1ccb327721fb\">\n\n\t\t\t<img data-image-id='82'\n\t\t\t\ttitle=\"\"\n\t\t\t\talt=\"dsc01412\"\n\t\t\t\tsrc=\"https:\/\/www.colegionahuelcura.cl\/wp-content\/gallery\/D%C3%ADa-del-Carabinero-2016\/dsc01412.jpg\"\n\t\t\t\tstyle=\"max-height: 380px;\"\/>\n\t\t<\/a>\n\n\t\t\n\t\t<a href=\"https:\/\/www.colegionahuelcura.cl\/wp-content\/gallery\/D%C3%ADa-del-Carabinero-2016\/dsc01413.jpg\"\n\t\t\ttitle=\"\"\n\t\t\tdata-src=\"https:\/\/www.colegionahuelcura.cl\/wp-content\/gallery\/D%C3%ADa-del-Carabinero-2016\/dsc01413.jpg\"\n\t\t\tdata-thumbnail=\"https:\/\/www.colegionahuelcura.cl\/wp-content\/gallery\/D%C3%ADa-del-Carabinero-2016\/thumbs\/thumbs_dsc01413.jpg\"\n\t\t\tdata-image-id=\"83\"\n\t\t\tdata-title=\"dsc01413\"\n\t\t\tdata-description=\"\"\n\t\t\tclass=\"ngg-fancybox\" rel=\"3f424ae9a2a6af80e8da1ccb327721fb\">\n\n\t\t\t<img data-image-id='83'\n\t\t\t\ttitle=\"\"\n\t\t\t\talt=\"dsc01413\"\n\t\t\t\tsrc=\"https:\/\/www.colegionahuelcura.cl\/wp-content\/gallery\/D%C3%ADa-del-Carabinero-2016\/dsc01413.jpg\"\n\t\t\t\tstyle=\"max-height: 380px;\"\/>\n\t\t<\/a>\n\n\t\t\n\t\t<a href=\"https:\/\/www.colegionahuelcura.cl\/wp-content\/gallery\/D%C3%ADa-del-Carabinero-2016\/dsc01414.jpg\"\n\t\t\ttitle=\"\"\n\t\t\tdata-src=\"https:\/\/www.colegionahuelcura.cl\/wp-content\/gallery\/D%C3%ADa-del-Carabinero-2016\/dsc01414.jpg\"\n\t\t\tdata-thumbnail=\"https:\/\/www.colegionahuelcura.cl\/wp-content\/gallery\/D%C3%ADa-del-Carabinero-2016\/thumbs\/thumbs_dsc01414.jpg\"\n\t\t\tdata-image-id=\"84\"\n\t\t\tdata-title=\"dsc01414\"\n\t\t\tdata-description=\"\"\n\t\t\tclass=\"ngg-fancybox\" rel=\"3f424ae9a2a6af80e8da1ccb327721fb\">\n\n\t\t\t<img data-image-id='84'\n\t\t\t\ttitle=\"\"\n\t\t\t\talt=\"dsc01414\"\n\t\t\t\tsrc=\"https:\/\/www.colegionahuelcura.cl\/wp-content\/gallery\/D%C3%ADa-del-Carabinero-2016\/dsc01414.jpg\"\n\t\t\t\tstyle=\"max-height: 380px;\"\/>\n\t\t<\/a>\n\n\t\t\n\t\t<a href=\"https:\/\/www.colegionahuelcura.cl\/wp-content\/gallery\/D%C3%ADa-del-Carabinero-2016\/dsc01415.jpg\"\n\t\t\ttitle=\"\"\n\t\t\tdata-src=\"https:\/\/www.colegionahuelcura.cl\/wp-content\/gallery\/D%C3%ADa-del-Carabinero-2016\/dsc01415.jpg\"\n\t\t\tdata-thumbnail=\"https:\/\/www.colegionahuelcura.cl\/wp-content\/gallery\/D%C3%ADa-del-Carabinero-2016\/thumbs\/thumbs_dsc01415.jpg\"\n\t\t\tdata-image-id=\"85\"\n\t\t\tdata-title=\"dsc01415\"\n\t\t\tdata-description=\"\"\n\t\t\tclass=\"ngg-fancybox\" rel=\"3f424ae9a2a6af80e8da1ccb327721fb\">\n\n\t\t\t<img data-image-id='85'\n\t\t\t\ttitle=\"\"\n\t\t\t\talt=\"dsc01415\"\n\t\t\t\tsrc=\"https:\/\/www.colegionahuelcura.cl\/wp-content\/gallery\/D%C3%ADa-del-Carabinero-2016\/dsc01415.jpg\"\n\t\t\t\tstyle=\"max-height: 380px;\"\/>\n\t\t<\/a>\n\n\t\t\n\t\t<a href=\"https:\/\/www.colegionahuelcura.cl\/wp-content\/gallery\/D%C3%ADa-del-Carabinero-2016\/dsc01416.jpg\"\n\t\t\ttitle=\"\"\n\t\t\tdata-src=\"https:\/\/www.colegionahuelcura.cl\/wp-content\/gallery\/D%C3%ADa-del-Carabinero-2016\/dsc01416.jpg\"\n\t\t\tdata-thumbnail=\"https:\/\/www.colegionahuelcura.cl\/wp-content\/gallery\/D%C3%ADa-del-Carabinero-2016\/thumbs\/thumbs_dsc01416.jpg\"\n\t\t\tdata-image-id=\"86\"\n\t\t\tdata-title=\"dsc01416\"\n\t\t\tdata-description=\"\"\n\t\t\tclass=\"ngg-fancybox\" rel=\"3f424ae9a2a6af80e8da1ccb327721fb\">\n\n\t\t\t<img data-image-id='86'\n\t\t\t\ttitle=\"\"\n\t\t\t\talt=\"dsc01416\"\n\t\t\t\tsrc=\"https:\/\/www.colegionahuelcura.cl\/wp-content\/gallery\/D%C3%ADa-del-Carabinero-2016\/dsc01416.jpg\"\n\t\t\t\tstyle=\"max-height: 380px;\"\/>\n\t\t<\/a>\n\n\t\t\n\t\t<a href=\"https:\/\/www.colegionahuelcura.cl\/wp-content\/gallery\/D%C3%ADa-del-Carabinero-2016\/dsc01417.jpg\"\n\t\t\ttitle=\"\"\n\t\t\tdata-src=\"https:\/\/www.colegionahuelcura.cl\/wp-content\/gallery\/D%C3%ADa-del-Carabinero-2016\/dsc01417.jpg\"\n\t\t\tdata-thumbnail=\"https:\/\/www.colegionahuelcura.cl\/wp-content\/gallery\/D%C3%ADa-del-Carabinero-2016\/thumbs\/thumbs_dsc01417.jpg\"\n\t\t\tdata-image-id=\"87\"\n\t\t\tdata-title=\"dsc01417\"\n\t\t\tdata-description=\"\"\n\t\t\tclass=\"ngg-fancybox\" rel=\"3f424ae9a2a6af80e8da1ccb327721fb\">\n\n\t\t\t<img data-image-id='87'\n\t\t\t\ttitle=\"\"\n\t\t\t\talt=\"dsc01417\"\n\t\t\t\tsrc=\"https:\/\/www.colegionahuelcura.cl\/wp-content\/gallery\/D%C3%ADa-del-Carabinero-2016\/dsc01417.jpg\"\n\t\t\t\tstyle=\"max-height: 380px;\"\/>\n\t\t<\/a>\n\n\t\t\n\t\t<a href=\"https:\/\/www.colegionahuelcura.cl\/wp-content\/gallery\/D%C3%ADa-del-Carabinero-2016\/dsc01418.jpg\"\n\t\t\ttitle=\"\"\n\t\t\tdata-src=\"https:\/\/www.colegionahuelcura.cl\/wp-content\/gallery\/D%C3%ADa-del-Carabinero-2016\/dsc01418.jpg\"\n\t\t\tdata-thumbnail=\"https:\/\/www.colegionahuelcura.cl\/wp-content\/gallery\/D%C3%ADa-del-Carabinero-2016\/thumbs\/thumbs_dsc01418.jpg\"\n\t\t\tdata-image-id=\"88\"\n\t\t\tdata-title=\"dsc01418\"\n\t\t\tdata-description=\"\"\n\t\t\tclass=\"ngg-fancybox\" rel=\"3f424ae9a2a6af80e8da1ccb327721fb\">\n\n\t\t\t<img data-image-id='88'\n\t\t\t\ttitle=\"\"\n\t\t\t\talt=\"dsc01418\"\n\t\t\t\tsrc=\"https:\/\/www.colegionahuelcura.cl\/wp-content\/gallery\/D%C3%ADa-del-Carabinero-2016\/dsc01418.jpg\"\n\t\t\t\tstyle=\"max-height: 380px;\"\/>\n\t\t<\/a>\n\n\t\t\n\t\t<a href=\"https:\/\/www.colegionahuelcura.cl\/wp-content\/gallery\/D%C3%ADa-del-Carabinero-2016\/dsc01419.jpg\"\n\t\t\ttitle=\"\"\n\t\t\tdata-src=\"https:\/\/www.colegionahuelcura.cl\/wp-content\/gallery\/D%C3%ADa-del-Carabinero-2016\/dsc01419.jpg\"\n\t\t\tdata-thumbnail=\"https:\/\/www.colegionahuelcura.cl\/wp-content\/gallery\/D%C3%ADa-del-Carabinero-2016\/thumbs\/thumbs_dsc01419.jpg\"\n\t\t\tdata-image-id=\"89\"\n\t\t\tdata-title=\"dsc01419\"\n\t\t\tdata-description=\"\"\n\t\t\tclass=\"ngg-fancybox\" rel=\"3f424ae9a2a6af80e8da1ccb327721fb\">\n\n\t\t\t<img data-image-id='89'\n\t\t\t\ttitle=\"\"\n\t\t\t\talt=\"dsc01419\"\n\t\t\t\tsrc=\"https:\/\/www.colegionahuelcura.cl\/wp-content\/gallery\/D%C3%ADa-del-Carabinero-2016\/dsc01419.jpg\"\n\t\t\t\tstyle=\"max-height: 380px;\"\/>\n\t\t<\/a>\n\n\t\t\n\t\t<a href=\"https:\/\/www.colegionahuelcura.cl\/wp-content\/gallery\/D%C3%ADa-del-Carabinero-2016\/rsz_dsc01420.jpg\"\n\t\t\ttitle=\"\"\n\t\t\tdata-src=\"https:\/\/www.colegionahuelcura.cl\/wp-content\/gallery\/D%C3%ADa-del-Carabinero-2016\/rsz_dsc01420.jpg\"\n\t\t\tdata-thumbnail=\"https:\/\/www.colegionahuelcura.cl\/wp-content\/gallery\/D%C3%ADa-del-Carabinero-2016\/thumbs\/thumbs_rsz_dsc01420.jpg\"\n\t\t\tdata-image-id=\"92\"\n\t\t\tdata-title=\"rsz_dsc01420\"\n\t\t\tdata-description=\"\"\n\t\t\tclass=\"ngg-fancybox\" rel=\"3f424ae9a2a6af80e8da1ccb327721fb\">\n\n\t\t\t<img data-image-id='92'\n\t\t\t\ttitle=\"\"\n\t\t\t\talt=\"rsz_dsc01420\"\n\t\t\t\tsrc=\"https:\/\/www.colegionahuelcura.cl\/wp-content\/gallery\/D%C3%ADa-del-Carabinero-2016\/rsz_dsc01420.jpg\"\n\t\t\t\tstyle=\"max-height: 380px;\"\/>\n\t\t<\/a>\n\n\t\t\n\t\t<a href=\"https:\/\/www.colegionahuelcura.cl\/wp-content\/gallery\/D%C3%ADa-del-Carabinero-2016\/dsc01421.jpg\"\n\t\t\ttitle=\"\"\n\t\t\tdata-src=\"https:\/\/www.colegionahuelcura.cl\/wp-content\/gallery\/D%C3%ADa-del-Carabinero-2016\/dsc01421.jpg\"\n\t\t\tdata-thumbnail=\"https:\/\/www.colegionahuelcura.cl\/wp-content\/gallery\/D%C3%ADa-del-Carabinero-2016\/thumbs\/thumbs_dsc01421.jpg\"\n\t\t\tdata-image-id=\"90\"\n\t\t\tdata-title=\"dsc01421\"\n\t\t\tdata-description=\"\"\n\t\t\tclass=\"ngg-fancybox\" rel=\"3f424ae9a2a6af80e8da1ccb327721fb\">\n\n\t\t\t<img data-image-id='90'\n\t\t\t\ttitle=\"\"\n\t\t\t\talt=\"dsc01421\"\n\t\t\t\tsrc=\"https:\/\/www.colegionahuelcura.cl\/wp-content\/gallery\/D%C3%ADa-del-Carabinero-2016\/dsc01421.jpg\"\n\t\t\t\tstyle=\"max-height: 380px;\"\/>\n\t\t<\/a>\n\n\t\t\n\t\t<a href=\"https:\/\/www.colegionahuelcura.cl\/wp-content\/gallery\/D%C3%ADa-del-Carabinero-2016\/dsc01422.jpg\"\n\t\t\ttitle=\"\"\n\t\t\tdata-src=\"https:\/\/www.colegionahuelcura.cl\/wp-content\/gallery\/D%C3%ADa-del-Carabinero-2016\/dsc01422.jpg\"\n\t\t\tdata-thumbnail=\"https:\/\/www.colegionahuelcura.cl\/wp-content\/gallery\/D%C3%ADa-del-Carabinero-2016\/thumbs\/thumbs_dsc01422.jpg\"\n\t\t\tdata-image-id=\"91\"\n\t\t\tdata-title=\"dsc01422\"\n\t\t\tdata-description=\"\"\n\t\t\tclass=\"ngg-fancybox\" rel=\"3f424ae9a2a6af80e8da1ccb327721fb\">\n\n\t\t\t<img data-image-id='91'\n\t\t\t\ttitle=\"\"\n\t\t\t\talt=\"dsc01422\"\n\t\t\t\tsrc=\"https:\/\/www.colegionahuelcura.cl\/wp-content\/gallery\/D%C3%ADa-del-Carabinero-2016\/dsc01422.jpg\"\n\t\t\t\tstyle=\"max-height: 380px;\"\/>\n\t\t<\/a>\n\n\t\t<\/div>\n\n\n<\/p>\n<p style=\"text-align: justify;\">\n","protected":false},"excerpt":{"rendered":"<p>Carabineros de Chile es una instituci\u00f3n de polic\u00eda uniformada en Chile, creada el 27 de abril de 1927. Es la instituci\u00f3n encargada de salvaguardar la soberan\u00eda y el orden p\u00fablico, cumplir y hacer cumplir las [&hellip;]<\/p>\n","protected":false},"author":2,"featured_media":982,"comment_status":"closed","ping_status":"closed","sticky":false,"template":"","format":"standard","meta":{"ngg_post_thumbnail":0},"categories":[1],"tags":[],"jetpack_featured_media_url":"https:\/\/i0.wp.com\/www.colegionahuelcura.cl\/wp-content\/uploads\/2016\/04\/dsc01418.jpg?fit=1152%2C864&ssl=1","jetpack_sharing_enabled":true,"jetpack_shortlink":"https:\/\/wp.me\/p73X2C-eM","_links":{"self":[{"href":"https:\/\/www.colegionahuelcura.cl\/index.php?rest_route=\/wp\/v2\/posts\/916"}],"collection":[{"href":"https:\/\/www.colegionahuelcura.cl\/index.php?rest_route=\/wp\/v2\/posts"}],"about":[{"href":"https:\/\/www.colegionahuelcura.cl\/index.php?rest_route=\/wp\/v2\/types\/post"}],"author":[{"embeddable":true,"href":"https:\/\/www.colegionahuelcura.cl\/index.php?rest_route=\/wp\/v2\/users\/2"}],"replies":[{"embeddable":true,"href":"https:\/\/www.colegionahuelcura.cl\/index.php?rest_route=%2Fwp%2Fv2%2Fcomments&post=916"}],"version-history":[{"count":1,"href":"https:\/\/www.colegionahuelcura.cl\/index.php?rest_route=\/wp\/v2\/posts\/916\/revisions"}],"predecessor-version":[{"id":983,"href":"https:\/\/www.colegionahuelcura.cl\/index.php?rest_route=\/wp\/v2\/posts\/916\/revisions\/983"}],"wp:featuredmedia":[{"embeddable":true,"href":"https:\/\/www.colegionahuelcura.cl\/index.php?rest_route=\/wp\/v2\/media\/982"}],"wp:attachment":[{"href":"https:\/\/www.colegionahuelcura.cl\/index.php?rest_route=%2Fwp%2Fv2%2Fmedia&parent=916"}],"wp:term":[{"taxonomy":"category","embeddable":true,"href":"https:\/\/www.colegionahuelcura.cl\/index.php?rest_route=%2Fwp%2Fv2%2Fcategories&post=916"},{"taxonomy":"post_tag","embeddable":true,"href":"https:\/\/www.colegionahuelcura.cl\/index.php?rest_route=%2Fwp%2Fv2%2Ftags&post=916"}],"curies":[{"name":"wp","href":"https:\/\/api.w.org\/{rel}","templated":true}]}}